{"id":117016,"date":"2025-04-18T15:13:11","date_gmt":"2025-04-18T15:13:11","guid":{"rendered":"https:\/\/tvbrazilusa.com\/2025\/04\/18\/a-deli-de-akel-permanecera-no-centro-da-cidade-por-enquanto-jacksonville-hoje\/"},"modified":"2025-04-18T15:23:17","modified_gmt":"2025-04-18T15:23:17","slug":"a-deli-de-akel-permanecera-no-centro-da-cidade-por-enquanto-jacksonville-hoje","status":"publish","type":"post","link":"https:\/\/tvbrazilusa.com\/pt\/2025\/04\/18\/a-deli-de-akel-permanecera-no-centro-da-cidade-por-enquanto-jacksonville-hoje\/","title":{"rendered":"A Deli de Akel permanecer\u00e1 no centro da cidade por enquanto | Jacksonville hoje"},"content":{"rendered":"<p> <script async src=\"https:\/\/pagead2.googlesyndication.com\/pagead\/js\/adsbygoogle.js?client=ca-pub-8864793242727901\"\r\n     crossorigin=\"anonymous\"><\/script><br \/>\n<\/p>\n<div>\n<p id=\"h784208-p1\">A fam\u00edlia Bateh pode continuar a operar a delicatessen de Akel no <a href=\"https:\/\/jaxtoday.org\/2023\/05\/31\/bank-of-america-tower-plans-4-1-million-amenities-floor\/\">Torre Bank of America<\/a> na 50 Laura St. Downtown at\u00e9 30 de novembro.<\/p>\n<p id=\"h784208-p2\">Jonathan Bateh disse na quarta -feira que o contrato, que expiraria em 30 de abril, foi estendido.<\/p>\n<p id=\"h784208-p3\">A fam\u00edlia tamb\u00e9m opera caf\u00e9 no n\u00edvel do solo no lobby da torre.<\/p>\n<p><em><a href=\"https:\/\/www.jaxdailyrecord.com\/news\/2025\/apr\/18\/with-lease-extended-akels-deli-staying-put-in-downtown-tower-until-at-least-november\/\" rel=\"nofollow noopener\" target=\"_blank\">Leia o resto desta hist\u00f3ria<\/a> no <\/em>Jacksonville Daily Record<em>a <\/em>Jacksonville hoje<em> Parceiro de not\u00edcias.<\/em><\/p>\n<\/div>\n<p><br \/>\n<br \/><a href=\"https:\/\/jaxtoday.org\/2025\/04\/18\/akels-deli-lease\/\">Source link <\/a><\/p>","protected":false},"excerpt":{"rendered":"<p>A fam\u00edlia Bateh pode continuar a operar a delicatessen de Akel no Torre Bank of America na 50 Laura St. Downtown at\u00e9 30 de novembro. Jonathan Bateh disse na quarta&hellip;<\/p>","protected":false},"author":1,"featured_media":117017,"comment_status":"closed","ping_status":"open","sticky":false,"template":"","format":"standard","meta":{"content-type":"","footnotes":""},"categories":[1],"tags":[],"class_list":["post-117016","post","type-post","status-publish","format-standard","has-post-thumbnail","hentry","category-uncategorized"],"_links":{"self":[{"href":"https:\/\/tvbrazilusa.com\/pt\/wp-json\/wp\/v2\/posts\/117016","targetHints":{"allow":["GET"]}}],"collection":[{"href":"https:\/\/tvbrazilusa.com\/pt\/wp-json\/wp\/v2\/posts"}],"about":[{"href":"https:\/\/tvbrazilusa.com\/pt\/wp-json\/wp\/v2\/types\/post"}],"author":[{"embeddable":true,"href":"https:\/\/tvbrazilusa.com\/pt\/wp-json\/wp\/v2\/users\/1"}],"replies":[{"embeddable":true,"href":"https:\/\/tvbrazilusa.com\/pt\/wp-json\/wp\/v2\/comments?post=117016"}],"version-history":[{"count":1,"href":"https:\/\/tvbrazilusa.com\/pt\/wp-json\/wp\/v2\/posts\/117016\/revisions"}],"predecessor-version":[{"id":117018,"href":"https:\/\/tvbrazilusa.com\/pt\/wp-json\/wp\/v2\/posts\/117016\/revisions\/117018"}],"wp:featuredmedia":[{"embeddable":true,"href":"https:\/\/tvbrazilusa.com\/pt\/wp-json\/wp\/v2\/media\/117017"}],"wp:attachment":[{"href":"https:\/\/tvbrazilusa.com\/pt\/wp-json\/wp\/v2\/media?parent=117016"}],"wp:term":[{"taxonomy":"category","embeddable":true,"href":"https:\/\/tvbrazilusa.com\/pt\/wp-json\/wp\/v2\/categories?post=117016"},{"taxonomy":"post_tag","embeddable":true,"href":"https:\/\/tvbrazilusa.com\/pt\/wp-json\/wp\/v2\/tags?post=117016"}],"curies":[{"name":"wp","href":"https:\/\/api.w.org\/{rel}","templated":true}]}}