{"id":117028,"date":"2025-04-18T16:28:42","date_gmt":"2025-04-18T16:28:42","guid":{"rendered":"https:\/\/tvbrazilusa.com\/2025\/04\/18\/o-que-sabemos-sobre-suspeito-no-tiroteio-da-universidade-estadual-da-florida\/"},"modified":"2025-04-18T17:09:20","modified_gmt":"2025-04-18T17:09:20","slug":"o-que-sabemos-sobre-suspeito-no-tiroteio-da-universidade-estadual-da-florida","status":"publish","type":"post","link":"https:\/\/tvbrazilusa.com\/pt\/2025\/04\/18\/o-que-sabemos-sobre-suspeito-no-tiroteio-da-universidade-estadual-da-florida\/","title":{"rendered":"O que sabemos sobre suspeito no tiroteio da Universidade Estadual da Fl\u00f3rida"},"content":{"rendered":"<p> <script async src=\"https:\/\/pagead2.googlesyndication.com\/pagead\/js\/adsbygoogle.js?client=ca-pub-8864793242727901\"\r\n     crossorigin=\"anonymous\"><\/script><br \/>\n<\/p>\n<div>\n<p>TALAHASSEE, FL &#8211; O suspeito do tiroteio da Universidade Estadual da Fl\u00f3rida que matou duas pessoas e feriu outras cinco foi especialista em ci\u00eancias pol\u00edticas na universidade e atuava em programas de jovens no escrit\u00f3rio do xerife, onde sua m\u00e3e era deputada. <\/p>\n<\/div>\n<div>\n<p>Phoenix Ikner, 20, \u00e9 acusado no tiroteio que aconteceu por volta do meio -dia de quinta -feira no campus, perto da uni\u00e3o dos estudantes, disseram as autoridades. <\/p>\n<p>As duas pessoas mortas n\u00e3o foram identificadas, mas as autoridades disseram que eram homens e n\u00e3o eram estudantes da universidade. Das cinco pessoas que foram feridas, <a href=\"https:\/\/www.usatoday.com\/story\/news\/nation\/2025\/04\/18\/fsu-shooting-phoenix-ikner-updates\/83153752007\/\" target=\"_blank\" rel=\"nofollow\">dois previstos para serem lan\u00e7ados<\/a>Do hospital na sexta -feira, o USA Today relatou e os outros estavam em boas e justas condi\u00e7\u00f5es. <\/p>\n<\/div>\n<div>\n<p>As autoridades tamb\u00e9m n\u00e3o divulgaram um motivo para o tiroteio. <\/p>\n<p>Uma vig\u00edlia para as v\u00edtimas foi agendada para as 17h na sexta -feira no campus e as aulas foram canceladas. <\/p>\n<\/div>\n<div>\n<p><a href=\"https:\/\/www.nbcnews.com\/news\/us-news\/fsu-shooter-suspect-phoenix-ikner-orange-hummer-what-know-edited-rcna201811\" target=\"_blank\" rel=\"nofollow\">Ikner tamb\u00e9m foi hospitalizado<\/a> com ferimentos graves depois que as autoridades atiraram nele. As les\u00f5es n\u00e3o foram com risco de vida, informou a NBC. <\/p>\n<p>Quando os alunos come\u00e7aram a recuperar os pertences deixados para tr\u00e1s quando procuraram abrigo durante o tiroteio, informa\u00e7\u00f5es sobre Ikner come\u00e7aram a surgir. <\/p>\n<\/div>\n<div>\n<p>Ikner, filho do deputado do xerife Jessica Ikner, era um <a href=\"https:\/\/www.leoncountyso.com\/portals\/0\/docs\/news-releases\/lcso-announces-youth-advisory-council-members.pdf\" target=\"_blank\" rel=\"nofollow\">membro do Conselho Consultivo da Juventude do Xerife<\/a> no condado de Leon. O grupo existe para dar aos adolescentes a capacidade de resolver problemas com o departamento do xerife e ajud\u00e1 -los a criar habilidades em lideran\u00e7a e advocacia, de acordo com o departamento do xerife. <\/p>\n<p>Jessica Ikner \u00e9 deputada com o departamento h\u00e1 mais de 18 anos e &#8220;seu servi\u00e7o a esta comunidade tem sido excepcional&#8221;, disse o xerife Walter McNeil. <\/p>\n<\/div>\n<div>\n<p>A pistola Phoenix Ikner \u00e9 acusada de ter usado no tiroteio pertencia \u00e0 sua m\u00e3e e teve <a href=\"https:\/\/www.nbcnews.com\/news\/us-news\/fsu-shooter-suspect-phoenix-ikner-orange-hummer-what-know-edited-rcna201811\" rel=\"nofollow\" target=\"_blank\">foi uma de suas armas de servi\u00e7o<\/a> Antes de compr\u00e1 -lo como sua arma de fogo pessoal, informou a NBC.<\/p>\n<p>Ikner disse ao artigo de jornal estudantil da Florida State University sobre protestos anti-Trump em janeiro que ele era especialista em ci\u00eancias pol\u00edticas e foi citado como tendo dito: &#8220;Acho que \u00e9 um pouco tarde, ele (Trump) j\u00e1 ser\u00e1 inaugurado em 20 de janeiro e n\u00e3o h\u00e1 muito muito que voc\u00ea possa fazer, a menos que voc\u00ea se revolta, e eu n\u00e3o penso que algu\u00e9m quer&#8221; &#8220;, disse m\u00faltiplos relat\u00f3rios. <\/p>\n<p>Ikner, um republicano registrado, supostamente era <a href=\"https:\/\/www.cnn.com\/2025\/04\/17\/us\/florida-state-university-shooting-phoenix-ikner-invs\/index.html\" target=\"_blank\" rel=\"nofollow\">pediu para deixar um clube pol\u00edtico<\/a> Com o comportamento que &#8220;instigou outros&#8221;, relatou a CNN, citando o estudante do estado da Fl\u00f3rida, Reid Seybold, que disse que conhecia Ikner.<\/p>\n<p>&#8220;Ele havia deixado continuamente pessoas o suficientes desconfort\u00e1veis, onde certas pessoas pararam de chegar. Foi quando chegamos ao ponto de ruptura com Phoenix, e pedimos que ele sa\u00edsse&#8221;, disse Seybold \u00e0 CNN.<\/p>\n<p>Ikner tamb\u00e9m foi pego no meio de uma disputa de cust\u00f3dia quando tinha 10 anos e foi levado para a Noruega por sua m\u00e3e biol\u00f3gica, informou o relat\u00f3rio da CNN. <\/p>\n<\/div>\n<div>\n<p>Ele foi nomeado Christian Eriksen na \u00e9poca, e o relat\u00f3rio da CNN disse que ele e sua m\u00e3e biol\u00f3gica s\u00e3o dois cidad\u00e3os EUA-Norwegian. <a href=\"https:\/\/abcnews.go.com\/US\/alleged-florida-state-university-gunman-son-local-sheriffs\/story?id=120915207\" target=\"_blank\" rel=\"nofollow\">Ikner mudou seu nome em 2020<\/a>Relatou a ABC.<\/p>\n<\/div>\n<p><br \/>\n<br \/><a href=\"http:\/\/patch.com\/florida\/across-fl\/what-we-know-suspect-florida-state-u-shooting?utm_source=article-mostrecent&#038;utm_medium=rss&#038;utm_term=crime%20%26%20safety&#038;utm_campaign=recirc&#038;utm_content=aol\">Source link <\/a><\/p>","protected":false},"excerpt":{"rendered":"<p>TALAHASSEE, FL &#8211; O suspeito do tiroteio da Universidade Estadual da Fl\u00f3rida que matou duas pessoas e feriu outras cinco foi especialista em ci\u00eancias pol\u00edticas na universidade e atuava em&hellip;<\/p>","protected":false},"author":1,"featured_media":117029,"comment_status":"closed","ping_status":"open","sticky":false,"template":"","format":"standard","meta":{"content-type":"","footnotes":""},"categories":[1],"tags":[],"class_list":["post-117028","post","type-post","status-publish","format-standard","has-post-thumbnail","hentry","category-uncategorized"],"_links":{"self":[{"href":"https:\/\/tvbrazilusa.com\/pt\/wp-json\/wp\/v2\/posts\/117028","targetHints":{"allow":["GET"]}}],"collection":[{"href":"https:\/\/tvbrazilusa.com\/pt\/wp-json\/wp\/v2\/posts"}],"about":[{"href":"https:\/\/tvbrazilusa.com\/pt\/wp-json\/wp\/v2\/types\/post"}],"author":[{"embeddable":true,"href":"https:\/\/tvbrazilusa.com\/pt\/wp-json\/wp\/v2\/users\/1"}],"replies":[{"embeddable":true,"href":"https:\/\/tvbrazilusa.com\/pt\/wp-json\/wp\/v2\/comments?post=117028"}],"version-history":[{"count":1,"href":"https:\/\/tvbrazilusa.com\/pt\/wp-json\/wp\/v2\/posts\/117028\/revisions"}],"predecessor-version":[{"id":117030,"href":"https:\/\/tvbrazilusa.com\/pt\/wp-json\/wp\/v2\/posts\/117028\/revisions\/117030"}],"wp:featuredmedia":[{"embeddable":true,"href":"https:\/\/tvbrazilusa.com\/pt\/wp-json\/wp\/v2\/media\/117029"}],"wp:attachment":[{"href":"https:\/\/tvbrazilusa.com\/pt\/wp-json\/wp\/v2\/media?parent=117028"}],"wp:term":[{"taxonomy":"category","embeddable":true,"href":"https:\/\/tvbrazilusa.com\/pt\/wp-json\/wp\/v2\/categories?post=117028"},{"taxonomy":"post_tag","embeddable":true,"href":"https:\/\/tvbrazilusa.com\/pt\/wp-json\/wp\/v2\/tags?post=117028"}],"curies":[{"name":"wp","href":"https:\/\/api.w.org\/{rel}","templated":true}]}}