{"id":11707,"date":"2024-07-29T20:11:56","date_gmt":"2024-07-29T20:11:56","guid":{"rendered":"https:\/\/tvbrazilusa.com\/2024\/07\/29\/foro-de-sao-paulo-do-qual-brasil-faz-parte-da-parabens-a-maduro-paulo-figueiredo\/"},"modified":"2024-07-29T21:50:23","modified_gmt":"2024-07-29T21:50:23","slug":"foro-de-sao-paulo-do-qual-brasil-faz-parte-da-parabens-a-maduro-paulo-figueiredo","status":"publish","type":"post","link":"https:\/\/tvbrazilusa.com\/pt\/2024\/07\/29\/foro-de-sao-paulo-do-qual-brasil-faz-parte-da-parabens-a-maduro-paulo-figueiredo\/","title":{"rendered":"Foro de S\u00e3o Paulo, do qual Brasil faz parte, d\u00e1 parab\u00e9ns a Maduro &#8211; Paulo Figueiredo"},"content":{"rendered":"<p> <script async src=\"https:\/\/pagead2.googlesyndication.com\/pagead\/js\/adsbygoogle.js?client=ca-pub-8864793242727901\"\r\n     crossorigin=\"anonymous\"><\/script><br \/>\n<\/p>\n<div id=\"wtr-content\" data-bg=\"#FFFFFF\" data-fg=\"#006d91\" data-width=\"25\" data-mute=\"1\" data-fgopacity=\"1.00\" data-mutedopacity=\"0.5\" data-placement=\"bottom\" data-placement-offset=\"0\" data-content-offset=\"262\" data-placement-touch=\"bottom\" data-placement-offset-touch=\"0\" data-transparent=\"\" data-shadow=\"0\" data-touch=\"1\" data-non-touch=\"1\" data-comments=\"0\" data-commentsbg=\"transparent\" data-location=\"page\" data-mutedfg=\"#006d91\" data-endfg=\"#006d91\" data-rtl=\"\">\n<h3 class=\"wp-block-heading\">Entidade afirmou pelo X que a \u201creelei\u00e7\u00e3o\u201d do ditador venezuelano no domingo (28.jul) foi uma \u201cvit\u00f3ria da democracia\u201d<\/h3>\n<p>O\u00a0Foro de S\u00e3o Paulo\u00a0deu parab\u00e9ns nesta 2\u00aa feira (29.jul.2024) ao Ditador Nicol\u00e1s Maduro (Partido Socialista Unido da Venezuela, esquerda), pela sua reelei\u00e7\u00e3o. A entidade, que re\u00fane partidos e movimentos sociais de esquerda da Am\u00e9rica Latina, chamou o resultado de \u201cvit\u00f3ria da democracia\u201d.<\/p>\n<figure class=\"wp-block-image size-large\"><\/figure>\n<p><em>\u201cCom alegria parabenizamos a vit\u00f3ria do companheiro Nicol\u00e1s Maduro, presidente reeleito pelo povo venezuelano, dando continuidade \u00e0 revolu\u00e7\u00e3o bolivariana! Celebramos a ampla participa\u00e7\u00e3o popular e a vit\u00f3ria da democracia, em defesa da paz e da soberania!\u201d<\/em>, afirmou no X (antigo Twitter), em tradu\u00e7\u00e3o livre.<\/p>\n<p>O grupo \u00e9 composto por 123 partidos de 27 pa\u00edses. Foi criado na d\u00e9cada de 1990 a partir de uma convocat\u00f3ria do presidente\u00a0Luiz In\u00e1cio Lula da Silva\u00a0(PT) e do ex-presidente de Cuba, Fidel Castro, no contexto da queda do Muro de Berlim e da reorganiza\u00e7\u00e3o geopol\u00edtica mundial com o in\u00edcio do enfraquecimento do comunismo na Europa.<\/p>\n<p><strong>No Brasil, comp\u00f5em o foro PDT, PCB, PC do B, Cidadania e PT.<\/strong><\/p>\n<p>A entidade faz encontros anuais. Em 2023, contou com a presen\u00e7a de Lula, que\u00a0discursou\u00a0durante a abertura do evento e cobrou a uni\u00e3o da esquerda na Am\u00e9rica Latina.<\/p>\n<h3 class=\"wp-block-heading\">REELEI\u00c7\u00c3O DE MADURO<\/h3>\n<p>No poder desde 2023, o chavista foi reeleito para mais um mandato de 6 anos. De acordo com o CNE (Conselho Nacional Eleitoral), com 80% das urnas apuradas, Maduro obteve 51,2% dos votos (5.150.092), contra 44,2% (4.445.978) do candidato da oposi\u00e7\u00e3o, Edmundo Gonz\u00e1lez Urrutia (Plataforma Unit\u00e1ria Democr\u00e1tica, centro-direita).<\/p>\n<p>O resultado, contudo, tem sido\u00a0contestado\u00a0pela oposi\u00e7\u00e3o e por l\u00edderes de outros pa\u00edses. Pelo mundo, representantes de 14 pa\u00edses n\u00e3o reconhecem a vit\u00f3ria de Maduro e cobram transpar\u00eancia na apura\u00e7\u00e3o das urnas. Outras 8 lideran\u00e7as, sobretudo de pa\u00edses com governos autorit\u00e1rios, como Nicar\u00e1gua, Cuba, R\u00fassia, China, Honduras e Bol\u00edvia, deram parab\u00e9ns a Maduro.<\/p>\n<p>J\u00e1 o Brasil prefere esperar o resultado oficial das elei\u00e7\u00f5es venezuelanas para se manifestar, segundo nota do Itamaraty.<\/p>\n<p><strong><a href=\"https:\/\/www.poder360.com.br\/poder-internacional\/foro-de-sao-paulo-do-qual-brasil-faz-parte-da-parabens-a-maduro\/\">Source link<\/a><\/strong><\/p>\n<\/div>\n<p><br \/>\n<br \/><a href=\"https:\/\/paulofigueiredoshow.com\/foro-de-sao-paulo-do-qual-brasil-faz-parte-da-parabens-a-maduro\/\">Source link <\/a><\/p>","protected":false},"excerpt":{"rendered":"<p>Entidade afirmou pelo X que a \u201creelei\u00e7\u00e3o\u201d do ditador venezuelano no domingo (28.jul) foi uma \u201cvit\u00f3ria da democracia\u201d O\u00a0Foro de S\u00e3o Paulo\u00a0deu parab\u00e9ns nesta 2\u00aa feira (29.jul.2024) ao Ditador Nicol\u00e1s&hellip;<\/p>","protected":false},"author":1,"featured_media":11708,"comment_status":"closed","ping_status":"open","sticky":false,"template":"","format":"standard","meta":{"content-type":"","footnotes":""},"categories":[16],"tags":[1100,4184,1590,4185,3969,4186,4187,1378,1101,4188],"class_list":["post-11707","post","type-post","status-publish","format-standard","has-post-thumbnail","hentry","category-noticias","tag-ditador","tag-foro-de-sao-paulo","tag-maduro","tag-odt","tag-parabeniza","tag-pcb","tag-pdt","tag-pt","tag-venezuela","tag-x"],"_links":{"self":[{"href":"https:\/\/tvbrazilusa.com\/pt\/wp-json\/wp\/v2\/posts\/11707","targetHints":{"allow":["GET"]}}],"collection":[{"href":"https:\/\/tvbrazilusa.com\/pt\/wp-json\/wp\/v2\/posts"}],"about":[{"href":"https:\/\/tvbrazilusa.com\/pt\/wp-json\/wp\/v2\/types\/post"}],"author":[{"embeddable":true,"href":"https:\/\/tvbrazilusa.com\/pt\/wp-json\/wp\/v2\/users\/1"}],"replies":[{"embeddable":true,"href":"https:\/\/tvbrazilusa.com\/pt\/wp-json\/wp\/v2\/comments?post=11707"}],"version-history":[{"count":1,"href":"https:\/\/tvbrazilusa.com\/pt\/wp-json\/wp\/v2\/posts\/11707\/revisions"}],"predecessor-version":[{"id":11709,"href":"https:\/\/tvbrazilusa.com\/pt\/wp-json\/wp\/v2\/posts\/11707\/revisions\/11709"}],"wp:featuredmedia":[{"embeddable":true,"href":"https:\/\/tvbrazilusa.com\/pt\/wp-json\/wp\/v2\/media\/11708"}],"wp:attachment":[{"href":"https:\/\/tvbrazilusa.com\/pt\/wp-json\/wp\/v2\/media?parent=11707"}],"wp:term":[{"taxonomy":"category","embeddable":true,"href":"https:\/\/tvbrazilusa.com\/pt\/wp-json\/wp\/v2\/categories?post=11707"},{"taxonomy":"post_tag","embeddable":true,"href":"https:\/\/tvbrazilusa.com\/pt\/wp-json\/wp\/v2\/tags?post=11707"}],"curies":[{"name":"wp","href":"https:\/\/api.w.org\/{rel}","templated":true}]}}