{"id":117112,"date":"2025-04-21T11:14:22","date_gmt":"2025-04-21T11:14:22","guid":{"rendered":"https:\/\/tvbrazilusa.com\/2025\/04\/21\/um-dos-papas-mais-inspiradores-o-governador-ned-lamont-reage-a-morte-do-papa-francisco\/"},"modified":"2025-04-21T11:19:42","modified_gmt":"2025-04-21T11:19:42","slug":"um-dos-papas-mais-inspiradores-o-governador-ned-lamont-reage-a-morte-do-papa-francisco","status":"publish","type":"post","link":"https:\/\/tvbrazilusa.com\/pt\/2025\/04\/21\/um-dos-papas-mais-inspiradores-o-governador-ned-lamont-reage-a-morte-do-papa-francisco\/","title":{"rendered":"&#8216;Um dos papas mais inspiradores&#8217;: o governador Ned Lamont reage \u00e0 morte do papa Francisco"},"content":{"rendered":"<script async src=\"https:\/\/pagead2.googlesyndication.com\/pagead\/js\/adsbygoogle.js?client=ca-pub-8864793242727901\"\r\n     crossorigin=\"anonymous\"><\/script>\n<p>Connecticut (WTNH) &#8211; O governador Ned Lamont est\u00e1 oferecendo suas condol\u00eancias ap\u00f3s a morte de <a href=\"https:\/\/www.wtnh.com\/news\/national\/pope-francis-dies-at-88\/\" data-type=\"link\" data-id=\"https:\/\/www.wtnh.com\/news\/national\/pope-francis-dies-at-88\/\" target=\"_blank\" rel=\"noreferrer noopener\">Papa Francis<\/a>que morreu aos 88 anos na segunda -feira de manh\u00e3. <\/p>\n<p>O governador Ned Lamont disse que se junta aos cat\u00f3licos em todo o mundo em luto em um comunicado em X. <\/p>\n<div class=\"nlp-ignore-block article-content rich-text\">\n<aside class=\"promo-link\">\n\t<a href=\"https:\/\/www.wtnh.com\/news\/national\/photos-pope-francis-through-the-years\/?ipid=promo-link-block1\" class=\"promo-link__link\"><\/p>\n<p>\t\tFotos: Papa Francisco ao longo dos anos\t<\/a><br \/>\n<\/aside>\n<\/div>\n<p>&#8220;Liderando por suas palavras e exemplo, o Papa Francisco foi um dos papas mais inspiradores e l\u00edderes espirituais da minha vida, em um momento em que mais precis\u00e1vamos dele. Ele reuniu as pessoas, ensinando miseric\u00f3rdia, compaix\u00e3o e reconcilia\u00e7\u00e3o. Junto -me aos cat\u00f3licos em todo o mundo em luto&#8221;, disse Lamont. <\/p>\n<p>O Papa Francisco foi o primeiro pont\u00edfice latino -americano da hist\u00f3ria, conhecido por seu estilo humilde. <\/p>\n<p>Bells tocou em Roma ap\u00f3s o an\u00fancio, lido por <span style=\", arial, helvetica, verdana, sans-serif\">Cardinal Kevin Farrell, da casa de Francis na capela do Domus Santa Marta<\/span>. Farrell disse que Francis &#8220;voltou para a casa do pai&#8221; \u00e0s 7h35 <\/p>\n<p>Sua \u00faltima apari\u00e7\u00e3o p\u00fablica foi no domingo de P\u00e1scoa, apenas um dia antes de sua morte, para aben\u00e7oar milhares na Pra\u00e7a de S\u00e3o Pedro. <\/p>\n<p><em>A AP contribuiu para este post. <\/em><\/p>\n<p><br \/>\n<br \/><a href=\"https:\/\/www.wtnh.com\/news\/connecticut\/one-of-the-most-inspiring-popes-gov-ned-lamont-reacts-to-death-of-pope-francis\/\">Source link <\/a><\/p>","protected":false},"excerpt":{"rendered":"<p>Connecticut (WTNH) &#8211; O governador Ned Lamont est\u00e1 oferecendo suas condol\u00eancias ap\u00f3s a morte de Papa Francisque morreu aos 88 anos na segunda -feira de manh\u00e3. O governador Ned Lamont&hellip;<\/p>","protected":false},"author":1,"featured_media":117113,"comment_status":"closed","ping_status":"open","sticky":false,"template":"","format":"standard","meta":{"content-type":"","footnotes":""},"categories":[1],"tags":[],"class_list":["post-117112","post","type-post","status-publish","format-standard","has-post-thumbnail","hentry","category-uncategorized"],"_links":{"self":[{"href":"https:\/\/tvbrazilusa.com\/pt\/wp-json\/wp\/v2\/posts\/117112","targetHints":{"allow":["GET"]}}],"collection":[{"href":"https:\/\/tvbrazilusa.com\/pt\/wp-json\/wp\/v2\/posts"}],"about":[{"href":"https:\/\/tvbrazilusa.com\/pt\/wp-json\/wp\/v2\/types\/post"}],"author":[{"embeddable":true,"href":"https:\/\/tvbrazilusa.com\/pt\/wp-json\/wp\/v2\/users\/1"}],"replies":[{"embeddable":true,"href":"https:\/\/tvbrazilusa.com\/pt\/wp-json\/wp\/v2\/comments?post=117112"}],"version-history":[{"count":1,"href":"https:\/\/tvbrazilusa.com\/pt\/wp-json\/wp\/v2\/posts\/117112\/revisions"}],"predecessor-version":[{"id":117114,"href":"https:\/\/tvbrazilusa.com\/pt\/wp-json\/wp\/v2\/posts\/117112\/revisions\/117114"}],"wp:featuredmedia":[{"embeddable":true,"href":"https:\/\/tvbrazilusa.com\/pt\/wp-json\/wp\/v2\/media\/117113"}],"wp:attachment":[{"href":"https:\/\/tvbrazilusa.com\/pt\/wp-json\/wp\/v2\/media?parent=117112"}],"wp:term":[{"taxonomy":"category","embeddable":true,"href":"https:\/\/tvbrazilusa.com\/pt\/wp-json\/wp\/v2\/categories?post=117112"},{"taxonomy":"post_tag","embeddable":true,"href":"https:\/\/tvbrazilusa.com\/pt\/wp-json\/wp\/v2\/tags?post=117112"}],"curies":[{"name":"wp","href":"https:\/\/api.w.org\/{rel}","templated":true}]}}