{"id":117121,"date":"2025-04-21T14:39:48","date_gmt":"2025-04-21T14:39:48","guid":{"rendered":"https:\/\/tvbrazilusa.com\/2025\/04\/21\/morte-do-papa-francisco-extrai-reacoes-dos-lideres-catolicos-igrejas-escolas-da-fl-da-fl\/"},"modified":"2025-04-21T15:12:24","modified_gmt":"2025-04-21T15:12:24","slug":"morte-do-papa-francisco-extrai-reacoes-dos-lideres-catolicos-igrejas-escolas-da-fl-da-fl","status":"publish","type":"post","link":"https:\/\/tvbrazilusa.com\/pt\/2025\/04\/21\/morte-do-papa-francisco-extrai-reacoes-dos-lideres-catolicos-igrejas-escolas-da-fl-da-fl\/","title":{"rendered":"Morte do Papa Francisco extrai rea\u00e7\u00f5es dos l\u00edderes cat\u00f3licos, igrejas, escolas da FL da FL"},"content":{"rendered":"<p> <script async src=\"https:\/\/pagead2.googlesyndication.com\/pagead\/js\/adsbygoogle.js?client=ca-pub-8864793242727901\"\r\n     crossorigin=\"anonymous\"><\/script><br \/>\n<\/p>\n<div id=\"\">\n<div class=\"styles_HTMLContent__LDG2k\">\n<p>FLORIDA &#8211; tributos ao Papa Francisco, que morreram na segunda -feira aos 88 anos, entraram em toda a Fl\u00f3rida.<\/p>\n<\/div>\n<div class=\"styles_HTMLContent__LDG2k\">\n<p>&#8220;(Casey) e eu estamos tristes ao saber da morte do papa Francisco&#8221;, disse o governador Ron DeSantis nas m\u00eddias sociais. &#8220;Nossos pensamentos e ora\u00e7\u00f5es v\u00e3o aos cat\u00f3licos na Fl\u00f3rida e em todo o mundo, e esperamos uma transi\u00e7\u00e3o suave para a igreja. Descanse em paz&#8221;.<\/p>\n<p>O bispo Gregory L. Parkes, da Diocese Cat\u00f3lica de S\u00e3o Petersburgo, observou a batalha do papa contra a doen\u00e7a respirat\u00f3ria nos \u00faltimos meses.<\/p>\n<\/div>\n<div class=\"ContentBlocks_CardDetail__SubscribeBlock__4zBcQ ContentBlocks_CardDetail__SubscribeBlock--mobile__18tT_\">\n<section class=\"styles_SubscribeForm__0dj5n\">\n<h2 class=\"styles_SubscribeForm__title__F_olP\">Descubra o que est\u00e1 acontecendo em Tampa<span class=\"styles_SubscribeForm__title--nextLine__FTO3K\">gratuitamente com as atualiza\u00e7\u00f5es mais recentes do patch.<\/span><\/h2>\n<\/section>\n<\/div>\n<div class=\"styles_HTMLContent__LDG2k\">\n<p>&#8220;Nos \u00faltimos dias e semanas, ele sofreu seu pr\u00f3prio sofrimento pessoal de paci\u00eancia e nunca perdeu seu desejo de estar presente no rebanho que ele foi chamado a Shepherd&#8221;, disse Parkes.<\/p>\n<p>Francis, que sofria de doen\u00e7a pulmonar cr\u00f4nica e fez parte de um pulm\u00e3o removido quando jovem, foi admitido no Hospital Gemelli em fevereiro por uma crise respirat\u00f3ria que se transformou em pneumonia dupla. Ele passou 38 dias l\u00e1, a mais longa hospitaliza\u00e7\u00e3o de seu papado de 12 anos.<\/p>\n<\/div>\n<div class=\"ContentBlocks_CardDetail__SubscribeBlock__4zBcQ ContentBlocks_CardDetail__SubscribeBlock--desktop__oN6vv\">\n<section class=\"styles_SubscribeForm__0dj5n\">\n<h2 class=\"styles_SubscribeForm__title__F_olP\">Descubra o que est\u00e1 acontecendo em Tampa<span class=\"styles_SubscribeForm__title--nextLine__FTO3K\">gratuitamente com as atualiza\u00e7\u00f5es mais recentes do patch.<\/span><\/h2>\n<\/section>\n<\/div>\n<div class=\"styles_HTMLContent__LDG2k\">\n<p>O papa emergiu de sua convalescen\u00e7a no domingo de P\u00e1scoa para aben\u00e7oar milhares de pessoas na Pra\u00e7a de S\u00e3o Pedro e trat\u00e1-las com uma brincadeira de popem\u00f3bil surpresa atrav\u00e9s da Piazza, desenhando aplausos e aplausos enquanto continuava sua recupera\u00e7\u00e3o de um ataque quase fatal de pneumonia dupla.<\/p>\n<p>&#8220;Irm\u00e3os e irm\u00e3s, Feliz P\u00e1scoa!&#8221; Francis disse, sua voz soando mais forte do que desde que foi libertada do hospital em 23 de mar\u00e7o.<\/p>\n<\/div>\n<div class=\"styles_HTMLContent__LDG2k\">\n<p>O primeiro pont\u00edfice latino -americano da hist\u00f3ria e tamb\u00e9m o primeiro jesu\u00edta optaram por chefiar a Igreja Cat\u00f3lica Romana, Francis encantou o mundo com seu estilo humilde e preocupa\u00e7\u00e3o com os pobres, os marginalizados e os migrantes, mas alienaram conservadores com cr\u00edticas ao capitalismo e mudan\u00e7as clim\u00e1ticas. <\/p>\n<p>O Santo Padre se nomeou em homenagem a S\u00e3o Francisco de Assis em defer\u00eancia \u00e0 humildade e comprometimento do santo com os pobres e sua mensagem de paz. Ele morava em uma su\u00edte simples de dois quartos na pousada do Vaticano, em vez do pal\u00e1cio apost\u00f3lico mais luxuoso.<\/p>\n<\/div>\n<div class=\"styles_HTMLContent__LDG2k\">\n<p>A arquidiocese de Miami disse em um comunicado \u00e0 imprensa que o legado do papa Francisco ser\u00e1 definido por uma s\u00e9rie de &#8216;primeiros&#8217;: o primeiro papa jesu\u00edta, o primeiro papa das Am\u00e9ricas, o primeiro papa a abordar uma sess\u00e3o conjunta do Congresso dos EUA.<\/p>\n<p>\u201cWe live, he said, not in an era of change but in the change of an era. Because scandals had undermined people&#8217;s trust in society&#8217;s institutions, whether political, academic, economical or religious, he defied the institutional &#8216;norms&#8217; of the Papal court: he carried his valise, refused to be chauffeured in limousines, and eschewed symbols of pomp and circumstance, living not in the Apostolic Palace but in a room at the &#8216;Hotel&#8217; do Vaticano, disse o comunicado \u00e0 imprensa. &#8220;Dessa forma, ele inspirou muitos a dar uma olhada na igreja. E talvez ele fosse mais considerado por aqueles fora da igreja do que por muitos da igreja.&#8221; <\/p>\n<p>Declara\u00e7\u00e3o de Parkes sobre a morte do papa observou:<\/p>\n<p>\u201cHoje elogiamos a alma do papa Francisco ao Pai no c\u00e9u. Durante seus 12 anos de pontificados, ele nos ensinou atrav\u00e9s da palavra e exemplo para compartilhar a alegria do evangelho, a ir \u00e0s periferias da sociedade e do mundo para cuidar dos pobres e marginalizados, e ele nos cata da necessidade de cuidar do meio ambiente\u201d, disse Parkes. &#8220;E, mais recentemente, ele enfatizou a necessidade de ser uma igreja sinodal que alcan\u00e7a e valoriza as contribui\u00e7\u00f5es de muitos. Nos \u00faltimos dias e semanas, ele sofreu seu pr\u00f3prio sofrimento pessoal de paci\u00eancia e nunca perdeu seu desejo de estar presente no rebanho que ele foi chamado a Shepherd&#8221;.<\/p>\n<p>A Tampa Catholic High School compartilhou a not\u00edcia de &#8220;a morte de nosso amado Padre Santo&#8221; nas m\u00eddias sociais. <\/p>\n<\/div>\n<div class=\"styles_HTMLContent__LDG2k\">\n<p>&#8220;Sua vida de humildade, compaix\u00e3o e f\u00e9 firme tem sido uma inspira\u00e7\u00e3o para os cat\u00f3licos em todo o mundo&#8221;, escreveram funcion\u00e1rios da escola em um post no Facebook. \u201cEnquanto lamentamos essa profunda perda, pedimos \u00e0 nossa comunidade escolar que se junte em ora\u00e7\u00e3o pelo repouso de sua alma. Que Deus, em Sua infinita miseric\u00f3rdia, conceda \u00e0 paz eterna do papa Francisco. Vamos tamb\u00e9m orar para que o Esp\u00edrito Santo nos guiasse a igreja nos dias seguintes e aben\u00e7oe -nos com um novo shepherd que continuar\u00e1 a nos levar a liderar a f\u00e9, a esperan\u00e7a e o amor.\u201d<\/p>\n<p>A Igreja Cat\u00f3lica de St. Martha, em Sarasota, tamb\u00e9m lamentou sua morte em um post de m\u00eddia social. <\/p>\n<p>&#8220;N\u00f3s nos juntamos \u00e0 Igreja em todo o mundo em lutar pela morte de nosso Santo Padre, Papa Francisco. Um pastor aos fi\u00e9is e servos de Cristo, que ele descanse na paz eterna de Deus&#8221;, disse um post de m\u00eddia social de S\u00e3o Martha.<\/p>\n<p>As igrejas de toda a regi\u00e3o tamb\u00e9m realizar\u00e3o massas na segunda -feira ou abrir\u00e3o suas portas que desejam honrar o papa. <\/p>\n<p>A Igreja Cat\u00f3lica de St. Paul em Tampa escreveu em um post no Facebook que &#8220;permanecer\u00e1 aberto hoje (segunda -feira) para os fi\u00e9is orarem pelo repouso da alma do falecido papa Francisco&#8221;.<\/p>\n<\/div>\n<div class=\"styles_HTMLContent__LDG2k\">\n<p>Igreja Cat\u00f3lica do Sagrado Cora\u00e7\u00e3o em Tampa tamb\u00e9m ser\u00e1 aberto para uma missa \u00e0s 12h10<\/p>\n<p>Em S\u00e3o Petersburgo, St. Jude, a Catedral do Ap\u00f3stolo, manter\u00e1 uma missa especial &#8220;para o repouso do Papa Francisco&#8221; \u00e0s 11h, de acordo com um post no Facebook. <\/p>\n<p>O presidente Donald Trump postou sobre a verdade social: \u201cDescanse em paz, papa Francisco! Que Deus o aben\u00e7oe e todos que o amavam!\u201d<\/p>\n<p>O l\u00edder espiritual tibetano O Dalai Lama ofereceu ora\u00e7\u00f5es e condol\u00eancias a Francisco a seus irm\u00e3os espirituais, irm\u00e3s e seguidores em todo o mundo.<\/p>\n<p>Ele disse em uma carta que Francisco se dedicou ao servi\u00e7o de outros: &#8220;revelando consistentemente por suas pr\u00f3prias a\u00e7\u00f5es como viver uma vida simples, mas significativa. O melhor tributo que podemos prestar a ele \u00e9 ser uma pessoa calorosa, servindo aos outros onde quer que seja e da maneira que pudermos&#8221;.<\/p>\n<\/div>\n<div class=\"styles_HTMLContent__LDG2k\">\n<p>O primeiro ritual lit\u00fargico formal para Francisco ocorrer\u00e1 \u00e0s 20h (1800 GMT) na segunda -feira com a confirma\u00e7\u00e3o da morte do papa e a coloca\u00e7\u00e3o do corpo no caix\u00e3o.<\/p>\n<p>O Vaticano divulgou o an\u00fancio do arcebispo Diego Ravelli, o mestre de cerim\u00f4nias lit\u00fargicas. O prelado presidente \u00e9 o cardeal Joseph Farrell, o Camerlengo que assumiu a administra\u00e7\u00e3o da Santa S\u00e9 e permanecer\u00e1 no comando at\u00e9 que um novo papa seja eleito.<\/p>\n<p>Os convidados a participar da cerim\u00f4nia, que ocorrer\u00e3o na capela do Domus Santa Marta Hotel, onde Francis morava, s\u00e3o o reitor do College of Cardinals, qualquer parente do papa, diretor e vice -diretor do Departamento de Sa\u00fade do Vaticano.<\/p>\n<p>O corpo repousa na capela pessoal do papa para o pronunciamento ritual da morte, presidido pelo Camerlengo, o funcion\u00e1rio do Vaticano que dirige a administra\u00e7\u00e3o Sagrada Saga entre a morte ou a ren\u00fancia de um papa e a elei\u00e7\u00e3o de outro.<\/p>\n<p>Para o p\u00fablico, espera -se que o cardeal do S\u00e3o Pedro da Bas\u00edlica de S\u00e3o Pedro, o cardeal Mauro Gambetti, lidere uma recita\u00e7\u00e3o da ora\u00e7\u00e3o do Ros\u00e1rio na Pra\u00e7a de S\u00e3o Pedro na segunda -feira.<\/p>\n<\/div>\n<div class=\"styles_HTMLContent__LDG2k\">\n<p>De acordo com os novos ritos e rituais Francis aprovados no ano passado, o corpo permanecer\u00e1 na capela por alguns dias antes de ser trazido para a exibi\u00e7\u00e3o p\u00fablica na Bas\u00edlica de S\u00e3o Pedro. Depois disso, haver\u00e1 o funeral e o conclave para eleger um novo papa.<\/p>\n<p><em>A Associated Press contribuiu com relat\u00f3rios.<\/em><\/p>\n<\/div>\n<hr\/>\n<p>Receba mais not\u00edcias locais entregues diretamente \u00e0 sua caixa de entrada.<!-- --> <a target=\"_blank\" href=\"http:\/\/patch.com\/florida\/southtampa\/subscribe\" class=\"\">Inscreva -se em boletins e alertas de patch gratuitos.<\/a><\/div>\n<p><br \/>\n<br \/><a href=\"http:\/\/patch.com\/florida\/southtampa\/fl-s-catholic-leaders-react-death-pope-francis?utm_source=article-mostrecent&#038;utm_medium=rss&#038;utm_term=community%20corner&#038;utm_campaign=recirc&#038;utm_content=aol\">Source link <\/a><\/p>","protected":false},"excerpt":{"rendered":"<p>FLORIDA &#8211; tributos ao Papa Francisco, que morreram na segunda -feira aos 88 anos, entraram em toda a Fl\u00f3rida. &#8220;(Casey) e eu estamos tristes ao saber da morte do papa&hellip;<\/p>","protected":false},"author":1,"featured_media":117122,"comment_status":"closed","ping_status":"open","sticky":false,"template":"","format":"standard","meta":{"content-type":"","footnotes":""},"categories":[1],"tags":[],"class_list":["post-117121","post","type-post","status-publish","format-standard","has-post-thumbnail","hentry","category-uncategorized"],"_links":{"self":[{"href":"https:\/\/tvbrazilusa.com\/pt\/wp-json\/wp\/v2\/posts\/117121","targetHints":{"allow":["GET"]}}],"collection":[{"href":"https:\/\/tvbrazilusa.com\/pt\/wp-json\/wp\/v2\/posts"}],"about":[{"href":"https:\/\/tvbrazilusa.com\/pt\/wp-json\/wp\/v2\/types\/post"}],"author":[{"embeddable":true,"href":"https:\/\/tvbrazilusa.com\/pt\/wp-json\/wp\/v2\/users\/1"}],"replies":[{"embeddable":true,"href":"https:\/\/tvbrazilusa.com\/pt\/wp-json\/wp\/v2\/comments?post=117121"}],"version-history":[{"count":1,"href":"https:\/\/tvbrazilusa.com\/pt\/wp-json\/wp\/v2\/posts\/117121\/revisions"}],"predecessor-version":[{"id":117123,"href":"https:\/\/tvbrazilusa.com\/pt\/wp-json\/wp\/v2\/posts\/117121\/revisions\/117123"}],"wp:featuredmedia":[{"embeddable":true,"href":"https:\/\/tvbrazilusa.com\/pt\/wp-json\/wp\/v2\/media\/117122"}],"wp:attachment":[{"href":"https:\/\/tvbrazilusa.com\/pt\/wp-json\/wp\/v2\/media?parent=117121"}],"wp:term":[{"taxonomy":"category","embeddable":true,"href":"https:\/\/tvbrazilusa.com\/pt\/wp-json\/wp\/v2\/categories?post=117121"},{"taxonomy":"post_tag","embeddable":true,"href":"https:\/\/tvbrazilusa.com\/pt\/wp-json\/wp\/v2\/tags?post=117121"}],"curies":[{"name":"wp","href":"https:\/\/api.w.org\/{rel}","templated":true}]}}