{"id":117143,"date":"2025-04-21T18:51:46","date_gmt":"2025-04-21T18:51:46","guid":{"rendered":"https:\/\/tvbrazilusa.com\/2025\/04\/21\/registro-de-proprietarios-proposto-para-fortalecer-a-supervisao-do-aluguel-jacksonville-hoje\/"},"modified":"2025-04-21T19:03:49","modified_gmt":"2025-04-21T19:03:49","slug":"registro-de-proprietarios-proposto-para-fortalecer-a-supervisao-do-aluguel-jacksonville-hoje","status":"publish","type":"post","link":"https:\/\/tvbrazilusa.com\/pt\/2025\/04\/21\/registro-de-proprietarios-proposto-para-fortalecer-a-supervisao-do-aluguel-jacksonville-hoje\/","title":{"rendered":"Registro de propriet\u00e1rios proposto para fortalecer a supervis\u00e3o do aluguel | Jacksonville hoje"},"content":{"rendered":"<p> <script async src=\"https:\/\/pagead2.googlesyndication.com\/pagead\/js\/adsbygoogle.js?client=ca-pub-8864793242727901\"\r\n     crossorigin=\"anonymous\"><\/script><br \/>\n<\/p>\n<div>\n<p>Um membro do Conselho da Cidade de Jacksonville apresentou uma resolu\u00e7\u00e3o incentivando a prefeita Donna Deegan a <a href=\"https:\/\/www.news4jax.com\/news\/local\/2025\/04\/21\/jacksonville-council-member-asks-mayor-to-establish-landlord-registry-to-help-hold-owners-accountable\/\" rel=\"nofollow noopener\" target=\"_blank\">estabelecer um registro de propriet\u00e1rio<\/a> programa para a cidade.<\/p>\n<p>O vereador Jimmy Peluso apresentar\u00e1 a resolu\u00e7\u00e3o na ter\u00e7a -feira e disse que um registro p\u00fablico de propriet\u00e1rios ajudar\u00e1 a cidade a monitorar o invent\u00e1rio de im\u00f3veis de aluguel e regulamentar inspe\u00e7\u00f5es para garantir que os propriet\u00e1rios forne\u00e7am unidades habitacionais seguras.<\/p>\n<p>Peluso disse que um registro p\u00fablico de propriet\u00e1rios melhoraria a presta\u00e7\u00e3o de contas e comunica\u00e7\u00e3o para localizar mais facilmente os propriet\u00e1rios em tempos de emerg\u00eancia e proporcionar aos inquilinos insights sobre a condi\u00e7\u00e3o de suas propriedades de aluguel, incluindo viola\u00e7\u00f5es ou queixas anteriores.<\/p>\n<p>Peluso citado <a href=\"https:\/\/jaxrentalhousingproject.domains.unf.edu\/\" target=\"_blank\" rel=\"noreferrer noopener nofollow\">um estudo recente<\/a> pelo Jax Rental Housing Project, um projeto de pesquisa do Northeast Florida Center for Community Initiatives na Universidade do Norte da Fl\u00f3rida.<\/p>\n<p>O estudo constatou que o Condado de Duval era o capital do estado.<\/p>\n<p>Os locat\u00e1rios em Jacksonville viram aumentos de pre\u00e7os pr\u00f3ximos a 30% desde 2020, o que criou <a href=\"https:\/\/jaxtoday.org\/2024\/03\/25\/rents-rising-faster-in-jacksonville-than-most-of-us\/\">situa\u00e7\u00e3o terr\u00edvel<\/a>s Para fam\u00edlias e indiv\u00edduos que n\u00e3o conseguem acompanhar os crescentes alugu\u00e9is.<\/p>\n<p>&#8220;Habita\u00e7\u00e3o, abrigo humano, algo que todo mundo precisa, agora est\u00e1 se tornando um investimento em classe de ativos&#8221;, disse David Jaffee, professor de sociologia da UNF que juntou o estudo.<\/p>\n<p>Peluso disse que, em 2022, o Comit\u00ea Especial de Problemas de Qualidade de Vida Cr\u00edtica recomendou a cria\u00e7\u00e3o de um registro do propriet\u00e1rio, que espelharia registros semelhantes no Condado de Broward, Fort Lauderdale, Coral Springs e Palm Coast.<\/p>\n<p>Peluso disse que mais de 40% dos moradores do condado de Duval alugam suas moradias.<\/p>\n<p><em>Esta hist\u00f3ria foi produzida por <a href=\"https:\/\/www.news4jax.com\/\" rel=\"nofollow noopener\" target=\"_blank\">News4Jax<\/a>a <\/em>Jacksonville hoje<em> Parceiro de not\u00edcias.<\/em><\/p>\n<\/div>\n<p><br \/>\n<br \/><a href=\"https:\/\/jaxtoday.org\/2025\/04\/21\/landlord-registry-jacksonville\/\">Source link <\/a><\/p>","protected":false},"excerpt":{"rendered":"<p>Um membro do Conselho da Cidade de Jacksonville apresentou uma resolu\u00e7\u00e3o incentivando a prefeita Donna Deegan a estabelecer um registro de propriet\u00e1rio programa para a cidade. O vereador Jimmy Peluso&hellip;<\/p>","protected":false},"author":1,"featured_media":117144,"comment_status":"closed","ping_status":"open","sticky":false,"template":"","format":"standard","meta":{"content-type":"","footnotes":""},"categories":[1],"tags":[],"class_list":["post-117143","post","type-post","status-publish","format-standard","has-post-thumbnail","hentry","category-uncategorized"],"_links":{"self":[{"href":"https:\/\/tvbrazilusa.com\/pt\/wp-json\/wp\/v2\/posts\/117143","targetHints":{"allow":["GET"]}}],"collection":[{"href":"https:\/\/tvbrazilusa.com\/pt\/wp-json\/wp\/v2\/posts"}],"about":[{"href":"https:\/\/tvbrazilusa.com\/pt\/wp-json\/wp\/v2\/types\/post"}],"author":[{"embeddable":true,"href":"https:\/\/tvbrazilusa.com\/pt\/wp-json\/wp\/v2\/users\/1"}],"replies":[{"embeddable":true,"href":"https:\/\/tvbrazilusa.com\/pt\/wp-json\/wp\/v2\/comments?post=117143"}],"version-history":[{"count":1,"href":"https:\/\/tvbrazilusa.com\/pt\/wp-json\/wp\/v2\/posts\/117143\/revisions"}],"predecessor-version":[{"id":117145,"href":"https:\/\/tvbrazilusa.com\/pt\/wp-json\/wp\/v2\/posts\/117143\/revisions\/117145"}],"wp:featuredmedia":[{"embeddable":true,"href":"https:\/\/tvbrazilusa.com\/pt\/wp-json\/wp\/v2\/media\/117144"}],"wp:attachment":[{"href":"https:\/\/tvbrazilusa.com\/pt\/wp-json\/wp\/v2\/media?parent=117143"}],"wp:term":[{"taxonomy":"category","embeddable":true,"href":"https:\/\/tvbrazilusa.com\/pt\/wp-json\/wp\/v2\/categories?post=117143"},{"taxonomy":"post_tag","embeddable":true,"href":"https:\/\/tvbrazilusa.com\/pt\/wp-json\/wp\/v2\/tags?post=117143"}],"curies":[{"name":"wp","href":"https:\/\/api.w.org\/{rel}","templated":true}]}}