{"id":117152,"date":"2025-04-21T22:24:14","date_gmt":"2025-04-21T22:24:14","guid":{"rendered":"https:\/\/tvbrazilusa.com\/2025\/04\/21\/os-lideres-estaduais-lembram-os-moradores-de-seguranca-rodoviaria-na-semana-nacional-de-conscientizacao-da-zona-de-trabalho\/"},"modified":"2025-04-21T22:28:12","modified_gmt":"2025-04-21T22:28:12","slug":"os-lideres-estaduais-lembram-os-moradores-de-seguranca-rodoviaria-na-semana-nacional-de-conscientizacao-da-zona-de-trabalho","status":"publish","type":"post","link":"https:\/\/tvbrazilusa.com\/pt\/2025\/04\/21\/os-lideres-estaduais-lembram-os-moradores-de-seguranca-rodoviaria-na-semana-nacional-de-conscientizacao-da-zona-de-trabalho\/","title":{"rendered":"Os l\u00edderes estaduais lembram os moradores de seguran\u00e7a rodovi\u00e1ria na Semana Nacional de Conscientiza\u00e7\u00e3o da Zona de Trabalho"},"content":{"rendered":"<script async src=\"https:\/\/pagead2.googlesyndication.com\/pagead\/js\/adsbygoogle.js?client=ca-pub-8864793242727901\"\r\n     crossorigin=\"anonymous\"><\/script>\n<p>Connecticut (WTNH) &#8211; Na semana de conscientiza\u00e7\u00e3o da zona de trabalho nacional, a fam\u00edlia de um trabalhador de pontos atingiu fatalmente por um carro no ver\u00e3o passado est\u00e1 lembrando que os moradores ficam atentos ao dirigir pelas zonas de constru\u00e7\u00e3o.<\/p>\n<div class=\"nlp-ignore-block article-content rich-text\">\n<aside class=\"promo-link\">\n\t<a href=\"https:\/\/www.wtnh.com\/news\/connecticut\/connecticut-makes-work-zone-speed-cameras-permanent\/?ipid=promo-link-block1\" class=\"promo-link__link\" target=\"\"_blank\"\"><\/p>\n<p>\t\tConnecticut torna permanente as c\u00e2meras de velocidade da zona de trabalho\t<\/a><br \/>\n<\/aside>\n<\/div>\n<p>As autoridades de Connecticut dizem que, em m\u00e9dia, h\u00e1 um naufr\u00e1gio em uma zona de trabalho a cada 40 horas. De 2023 a 2024, houve 2.000 acidentes na zona de trabalho em Connecticut, com seis mortes.<\/p>\n<p>Uma dessas mortes foi Andrew Didomenico, 26 anos, que foi fatalmente atingido por um carro no ver\u00e3o passado enquanto trabalhava no conector da Wharton Brook em Wallingford com o Departamento de Transportes (DOT). <\/p>\n<p>&#8220;Eles est\u00e3o fazendo seu trabalho e, no final do dia, todos merecem ir para casa e voltar para suas fam\u00edlias&#8221;, disse o coronel Daniel Loughman, comandante da pol\u00edcia do estado de Connecticut. &#8220;E a melhor prote\u00e7\u00e3o contra isso \u00e9 voc\u00ea.&#8221;<\/p>\n<p>O estado fez alguns movimentos para tornar as zonas de trabalho mais seguras. No ano passado, eles aprovaram uma lei que permite que c\u00e2meras de velocidade da zona de trabalho e pol\u00edcia estadual dissessem que est\u00e3o escrevendo mais bilhetes de zona de trabalho. Mas o estado diz que a responsabilidade final cai sobre os motoristas.<\/p>\n<p>&#8220;Nenhuma fam\u00edlia deve ter que suportar esse tipo de perda, nenhum pai deve ter que enterrar seu filho, porque algu\u00e9m fez a op\u00e7\u00e3o de dirigir de forma imprudente ou prejudicada por uma zona de trabalho&#8221;, disse Shari Didomenico, m\u00e3e de Andrew.<\/p>\n<p>Assista ao v\u00eddeo completo no player acima.<\/p>\n<p><br \/>\n<br \/><a href=\"https:\/\/www.wtnh.com\/news\/connecticut\/state-leaders-remind-residents-of-road-safety-on-national-work-zone-awareness-week\/\">Source link <\/a><\/p>","protected":false},"excerpt":{"rendered":"<p>Connecticut (WTNH) &#8211; Na semana de conscientiza\u00e7\u00e3o da zona de trabalho nacional, a fam\u00edlia de um trabalhador de pontos atingiu fatalmente por um carro no ver\u00e3o passado est\u00e1 lembrando que&hellip;<\/p>","protected":false},"author":1,"featured_media":117153,"comment_status":"closed","ping_status":"open","sticky":false,"template":"","format":"standard","meta":{"content-type":"","footnotes":""},"categories":[1],"tags":[],"class_list":["post-117152","post","type-post","status-publish","format-standard","has-post-thumbnail","hentry","category-uncategorized"],"_links":{"self":[{"href":"https:\/\/tvbrazilusa.com\/pt\/wp-json\/wp\/v2\/posts\/117152","targetHints":{"allow":["GET"]}}],"collection":[{"href":"https:\/\/tvbrazilusa.com\/pt\/wp-json\/wp\/v2\/posts"}],"about":[{"href":"https:\/\/tvbrazilusa.com\/pt\/wp-json\/wp\/v2\/types\/post"}],"author":[{"embeddable":true,"href":"https:\/\/tvbrazilusa.com\/pt\/wp-json\/wp\/v2\/users\/1"}],"replies":[{"embeddable":true,"href":"https:\/\/tvbrazilusa.com\/pt\/wp-json\/wp\/v2\/comments?post=117152"}],"version-history":[{"count":1,"href":"https:\/\/tvbrazilusa.com\/pt\/wp-json\/wp\/v2\/posts\/117152\/revisions"}],"predecessor-version":[{"id":117154,"href":"https:\/\/tvbrazilusa.com\/pt\/wp-json\/wp\/v2\/posts\/117152\/revisions\/117154"}],"wp:featuredmedia":[{"embeddable":true,"href":"https:\/\/tvbrazilusa.com\/pt\/wp-json\/wp\/v2\/media\/117153"}],"wp:attachment":[{"href":"https:\/\/tvbrazilusa.com\/pt\/wp-json\/wp\/v2\/media?parent=117152"}],"wp:term":[{"taxonomy":"category","embeddable":true,"href":"https:\/\/tvbrazilusa.com\/pt\/wp-json\/wp\/v2\/categories?post=117152"},{"taxonomy":"post_tag","embeddable":true,"href":"https:\/\/tvbrazilusa.com\/pt\/wp-json\/wp\/v2\/tags?post=117152"}],"curies":[{"name":"wp","href":"https:\/\/api.w.org\/{rel}","templated":true}]}}