{"id":117208,"date":"2025-04-22T20:53:51","date_gmt":"2025-04-22T20:53:51","guid":{"rendered":"https:\/\/tvbrazilusa.com\/2025\/04\/22\/os-estudantes-da-ju-protestam-contra-os-cortes-a-medida-que-os-detalhes-financeiros-surgem-jacksonville-hoje\/"},"modified":"2025-04-22T21:02:53","modified_gmt":"2025-04-22T21:02:53","slug":"os-estudantes-da-ju-protestam-contra-os-cortes-a-medida-que-os-detalhes-financeiros-surgem-jacksonville-hoje","status":"publish","type":"post","link":"https:\/\/tvbrazilusa.com\/pt\/2025\/04\/22\/os-estudantes-da-ju-protestam-contra-os-cortes-a-medida-que-os-detalhes-financeiros-surgem-jacksonville-hoje\/","title":{"rendered":"Os estudantes da JU protestam contra os cortes \u00e0 medida que os detalhes financeiros surgem | Jacksonville hoje"},"content":{"rendered":"<p> <script async src=\"https:\/\/pagead2.googlesyndication.com\/pagead\/js\/adsbygoogle.js?client=ca-pub-8864793242727901\"\r\n     crossorigin=\"anonymous\"><\/script><br \/>\n<\/p>\n<div>\n<p>Os instrumentos de metais brilhavam no sol na ter\u00e7a -feira, quando a atual banda atl\u00e9tica RIP da Universidade de Jacksonville continuou a protestar contra a perda de programas de m\u00fasica e teatro da universidade particular.<\/p>\n<p>Os cortes, que entram em vigor no final do semestre, destinam -se a alinhar os cursos da universidade com as necessidades do mundo de trabalho de hoje e economizar US $ 10 milh\u00f5es, disse o presidente Tim Cost.<\/p>\n<p>Mas os cortes significam que cerca de 100 alunos devem se formar no mercado de trabalho ou encontrar outro programa de m\u00fasica ou teatro. E 40 membros do corpo docente deixar\u00e3o o campus de Arlington para sempre em 30 de junho.<\/p>\n<p>Um m\u00fasico protestando fora dos principais port\u00f5es da universidade foi o major de m\u00fasica Imani Waters, que deve se formar em junho, em vez de fazer cursos extras de ver\u00e3o que agora foram cancelados.<\/p>\n<p>&#8220;Estamos aqui para mostrar que as artes s\u00e3o importantes. Estamos aqui para mostrar que, sem m\u00fasica, voc\u00ea n\u00e3o tem banda animada para seus jogos de basquete, voc\u00ea n\u00e3o tem m\u00fasicos para suas festas, sem orquestras, sinfonias ou musicais para ir&#8221;, disse Waters, gerente de log\u00edstica da banda. &#8220;N\u00e3o tenho certeza se podemos fazer a diferen\u00e7a, mas com tanta certeza de que ser\u00e1 o mais alto poss\u00edvel. \u00c9 horr\u00edvel o que est\u00e1 acontecendo. Muitos de nossos professores s\u00e3o demitidos em junho.&#8221;<\/p>\n<p>O piano ensina Scott Watkins, um dos professores de m\u00fasica descontra\u00edda, buzinou nos alunos enquanto ele dirigia para o campus. Ele admitiu que o protesto deles pode n\u00e3o fazer nenhuma diferen\u00e7a.<\/p>\n<p>&#8220;Acho que os alunos est\u00e3o realmente defendendo o corpo docente que conhecem ou amam&#8221;, disse Watkins. &#8220;Ser varrido como n\u00f3s \u00e9 muito doloroso. \u00c9 muito enganoso, e acho que os alunos sabem disso e estamos muito orgulhosos deles. Eles t\u00eam muita coragem agora.&#8221;<\/p>\n<figure class=\"wp-block-image size-large\"><figcaption class=\"wp-element-caption\">Cerca de 27 membros da atual banda atl\u00e9tica RIP da Universidade de Jacksonville marcham fora da escola na ter\u00e7a -feira, 22 de abril de 2025, para continuar seus protestos sobre o desligamento da semana passada dos programas de m\u00fasica e teatro. | Dan Scanlan, Jacksonville hoje<\/figcaption><\/figure>\n<p>O <a href=\"https:\/\/jaxtoday.org\/2025\/04\/15\/ju-cuts-40-faculty-and-ends-music-and-theater-programs\/\">cortes de programas<\/a> fazem parte de um desejo de criar sustentabilidade financeira de longo prazo na escola privada de 4.200 estudantes, <a href=\"https:\/\/www.facebook.com\/100069811489199\/videos\/1721809165079210\" rel=\"nofollow noopener\" target=\"_blank\">Cost disse<\/a>. O que a JU chama de \u201ccampos de estudo de consistentemente sub -subcritos e especializados\u201d &#8211; 22 Arte, M\u00fasica e outros programas &#8211; <a href=\"https:\/\/www.ju.edu\/news\/2025-04-15-jacksonville-university-reimagines-university-wide-academic-offerings-intensifies-investment-in-priority-areas.php\" rel=\"nofollow noopener\" target=\"_blank\">ser\u00e1 colocado no p\u00f4r -do -sol<\/a> Depois que os alunos atuais os completam neste semestre. Mas os cursos de gradua\u00e7\u00e3o e menores em maior demanda permanecer\u00e3o.<\/p>\n<p>Os alunos aprenderam sobre os cortes do programa h\u00e1 uma semana em uma breve reuni\u00e3o com os administradores, enquanto os professores tiveram sua pr\u00f3pria reuni\u00e3o alguns minutos depois. Ap\u00f3s os cancelamentos, alguns professores postaram imagens de salas de m\u00fasica vazias enquanto anunciam seus disparos no Facebook.<\/p>\n<p>Tr\u00eas membros do corpo docente demitidos apareceram na segunda -feira em <a href=\"https:\/\/news.wjct.org\/show\/first-coast-connect\/2025-04-18\/on-mondays-show-kids-at-risk-jus-unforgivable-cuts\" rel=\"nofollow noopener\" target=\"_blank\">WJCT News &#8216; <em>First Coast Connect<\/em><\/a>. Um era o presidente do Departamento de Filosofia, Erich Freidberger.<\/p>\n<p>Membro do corpo docente da JU por d\u00e9cadas, Freidberger disse que acredita que Ju tentou expandir muito rapidamente e gerenciar mal as finan\u00e7as da escola, acabando tendo que cortar funcion\u00e1rios e programas. <\/p>\n<p>&#8220;Fomos informados pelo reitor em nossa \u00faltima reuni\u00e3o do corpo docente que havia mais 50 professores do que os que eram obrigados a dar aulas. Como isso aconteceu?&#8221; Ele disse. &#8220;Isso n\u00e3o \u00e9 por n\u00f3s. Isso est\u00e1 na administra\u00e7\u00e3o. Isso est\u00e1 no governo. Eles s\u00e3o os que estragaram tudo. Somos os que pagam o pre\u00e7o&#8221;.<\/p>\n<p>Ele e outros futuros membros do corpo docente tamb\u00e9m confirmaram que muitos emitiram um voto de &#8220;sem confian\u00e7a&#8221; no custo em uma reuni\u00e3o do corpo docente em 15 de abril.<\/p>\n<p>Os alunos protestaram desde ent\u00e3o. Cerca de uma d\u00fazia se juntou a 27 membros da banda atual do RIP ao lado do port\u00e3o principal na ter\u00e7a -feira, realizando sinais de protesto.<\/p>\n<figure class=\"wp-block-image size-large\"><img loading=\"lazy\" color=\"ac9494\" transparency=\"false\" style=\"--dominant-color: #ac9494;\" decoding=\"async\" width=\"1024\" height=\"450\" src=\"https:\/\/jaxtoday.org\/wp-content\/uploads\/2025\/04\/20250422_114000-1024x450.jpg\" alt=\"\" class=\"not-transparent wp-image-92364\" srcset=\"https:\/\/jaxtoday.org\/wp-content\/uploads\/2025\/04\/20250422_114000-1024x450.jpg 1024w, https:\/\/jaxtoday.org\/wp-content\/uploads\/2025\/04\/20250422_114000-300x132.jpg 300w, https:\/\/jaxtoday.org\/wp-content\/uploads\/2025\/04\/20250422_114000-768x338.jpg 768w, https:\/\/jaxtoday.org\/wp-content\/uploads\/2025\/04\/20250422_114000-1536x676.jpg 1536w, https:\/\/jaxtoday.org\/wp-content\/uploads\/2025\/04\/20250422_114000-546x240.jpg 546w, https:\/\/jaxtoday.org\/wp-content\/uploads\/2025\/04\/20250422_114000-100x44.jpg 100w, https:\/\/jaxtoday.org\/wp-content\/uploads\/2025\/04\/20250422_114000-1650x726.jpg 1650w, https:\/\/jaxtoday.org\/wp-content\/uploads\/2025\/04\/20250422_114000.jpg 1889w\" sizes=\"auto, (max-width: 1024px) 100vw, 1024px\"\/><figcaption class=\"wp-element-caption\">Os apoiadores acenaram com sinais durante um protesto na banda da PEP na ter\u00e7a -feira, 22 de abril de 2025. Um sinal alude ao presidente da escola Fran Kinne, conhecido por seu apoio a programas de artes e m\u00fasica na JU. | Dan Scanlan, Jacksonville hoje<\/figcaption><\/figure>\n<h3 class=\"wp-block-heading\">Finan\u00e7as de Ju<\/h3>\n<p>Cost disse uma semana antes que os cortes do programa foram o resultado de um processo de seis meses para entender a demanda por v\u00e1rios programas. Os alunos n\u00e3o est\u00e3o se matriculando em programas como sopro de vidro, artes mundiais ou idiomas, disse ele, enquanto h\u00e1 uma \u00eanfase crescente em cuidados de sa\u00fade, neg\u00f3cios e tecnologia, &#8220;que eu acho que reflete muito do que est\u00e1 acontecendo em Jacksonville&#8221;.<\/p>\n<p>O custo n\u00e3o diria especificamente se as altera\u00e7\u00f5es foram o resultado de d\u00edvidas que precisavam ser abordadas na universidade sem fins lucrativos. Mas quatro meses antes dos cortes serem anunciados, a Comiss\u00e3o de Faculdades de Faculdades e Escolas em Faculdades emitiu uma declara\u00e7\u00e3o sobre o credenciamento da JU.<\/p>\n<p>A Associa\u00e7\u00e3o afirmou em 19 de dezembro que havia emitido um aviso \u00e0 JU ap\u00f3s uma determina\u00e7\u00e3o de &#8220;n\u00e3o conformidade significativa&#8221; com os princ\u00edpios fundamentais de seu credenciamento. O aviso tamb\u00e9m observou o \u201cfracasso de Ju em fazer progresso oportuno e significativo para corrigir as defici\u00eancias que levaram a uma descoberta de n\u00e3o conformidade\u201d.<\/p>\n<p>Na \u00e9poca, o custo emitiu um comunicado dizendo que o desempenho do ano fiscal de 2023-2024 &#8220;n\u00e3o estava de acordo com nossos padr\u00f5es historicamente altos&#8221;-mas que, desde ent\u00e3o, a escola tomou medidas para implementar medidas para garantir a sa\u00fade financeira, &#8220;focando o crescimento da receita, a efici\u00eancia de custo e a sustentabilidade operacional&#8221;. <\/p>\n<p>O porta -voz da JU, Matthew Harris, disse na segunda -feira que a escola permanece &#8220;totalmente credenciada&#8221; pela Comiss\u00e3o de Faculdades da Associa\u00e7\u00e3o Sul de Faculdades e Escolas at\u00e9 2033.<\/p>\n<p>&#8220;A Universidade informou aos nossos credenciadores dos planos recentemente anunciados para realinhar nossas ofertas acad\u00eamicas para apoiar a estabilidade financeira de longo prazo e a Universidade continua trabalhando em estreita colabora\u00e7\u00e3o&#8221; com a associa\u00e7\u00e3o, disse o comunicado de Harris.<\/p>\n<p>Os cortes do programa e do corpo docente tamb\u00e9m seguiram um relat\u00f3rio da For\u00e7a-Tarefa Financeira Acad\u00eamica de 18 p\u00e1ginas emitida por 10 administradores-chave no final de mar\u00e7o. <em>Jacksonville Toda<\/em>Y obteve uma c\u00f3pia do relat\u00f3rio, que basicamente representou um plano para poss\u00edveis cortes de programas e funcion\u00e1rios para &#8220;restaurar a sa\u00fade financeira e a estabilidade a longo prazo&#8221;.<\/p>\n<p>O relat\u00f3rio constatou que, embora a receita l\u00edquida do aluno por aluno tenha aumentado, o valor que a escola precisava gastar para cada aluno tamb\u00e9m aumentou-US $ 2.213 a mais em custos de servi\u00e7o por aluno, por exemplo.<\/p>\n<p>O relat\u00f3rio acrescentou que um problema central que leva \u00e0 situa\u00e7\u00e3o financeira era que a universidade n\u00e3o implementou processos adequados para permitir o &#8220;planejamento e avalia\u00e7\u00e3o das finan\u00e7as necess\u00e1rias para a tomada de decis\u00e3o clara e orientada a dados&#8221;.<\/p>\n<p>Reduzir o tamanho e o escopo dos principais requisitos do Majors e do n\u00facleo daria aos alunos e \u00e0 administra\u00e7\u00e3o mais flexibilidade para atender aos requisitos acad\u00eamicos, segundo o relat\u00f3rio. Isso s\u00f3 pode ser sustentado eliminando e reduzindo o curr\u00edculo para &#8220;reter tantas posi\u00e7\u00f5es em tempo integral quanto fiscalmente poss\u00edvel na linha de frente de nossa fun\u00e7\u00e3o principal&#8221;, afirmou o relat\u00f3rio.<\/p>\n<p>O relat\u00f3rio tamb\u00e9m listou muitos programas que poderiam ser eliminados com base na inscri\u00e7\u00e3o.<\/p>\n<h3 class=\"wp-block-heading\">A vis\u00e3o dos alunos<\/h3>\n<p>Para Waters, um veterano que planejava fazer mais treinamento musical na JU ap\u00f3s sua gradua\u00e7\u00e3o em junho, o programa CUT a coloca no mercado de trabalho agora, disse ela.<\/p>\n<p>&#8220;Eu esperava levar at\u00e9 o pr\u00f3ximo ano para descobrir exatamente o que eu queria fazer, para ter aulas com meu professor particular&#8221;, disse Waters. &#8220;Agora terei que encontrar um emprego neste outono &#8211; \u00e9 sempre bom trabalhar, mas estamos sendo empurrados um pouco mais cedo do que o esperado, e \u00e9 muito repentino e chocante.&#8221;<\/p>\n<p>Um novo <a href=\"https:\/\/chng.it\/WrtF9pxG27\" rel=\"nofollow noopener\" target=\"_blank\">peti\u00e7\u00e3o online<\/a> Opondo -se aos cortes foi criado por um grupo que se chama &#8220;o comit\u00ea para proteger a Universidade de Jacksonville&#8221;.<\/p>\n<p>&#8220;Fomos informados de que mais press\u00e3o externa de ex -alunos e membros da comunidade, menos o Conselho de Curadores pode ignorar ou olhar para o outro lado&#8221;, disse o grupo em um comunicado \u00e0 imprensa. &#8220;Faculdade, por favor, compartilhe com seus alunos atuais e ex -alunos tamb\u00e9m.&#8221;<\/p>\n<p>O protesto de ter\u00e7a -feira veio um dia antes da apresenta\u00e7\u00e3o p\u00fablica final da Orquestra da Universidade de Jacksonville, conduzida pelo diretor Marguerite Richardson. A apresenta\u00e7\u00e3o est\u00e1 programada para as 19:30 quarta -feira na sala de concertos de Terry da universidade.<\/p>\n<p>O concerto contar\u00e1 com os vencedores dos alunos da competi\u00e7\u00e3o anual de concertos, enquanto o Encore receber\u00e1 ex -alunos para participar de uma apresenta\u00e7\u00e3o da sinfonia n\u00ba 9 de Anton\u00edn Dvo\u0159\u00e1k. O show ser\u00e1 <a href=\"https:\/\/www.youtube.com\/live\/DyMeNUhhRLY\" rel=\"nofollow noopener\" target=\"_blank\">transmitido ao vivo aqui.<\/a><\/p>\n<p><em>Michelle Corum de <\/em>Jacksonville hoje<em> contribuiu para este relat\u00f3rio.<\/em><\/p>\n<\/div>\n<p><br \/>\n<br \/><a href=\"https:\/\/jaxtoday.org\/2025\/04\/22\/ju-student-protests-cutbacks\/\">Source link <\/a><\/p>","protected":false},"excerpt":{"rendered":"<p>Os instrumentos de metais brilhavam no sol na ter\u00e7a -feira, quando a atual banda atl\u00e9tica RIP da Universidade de Jacksonville continuou a protestar contra a perda de programas de m\u00fasica&hellip;<\/p>","protected":false},"author":1,"featured_media":117209,"comment_status":"closed","ping_status":"open","sticky":false,"template":"","format":"standard","meta":{"content-type":"","footnotes":""},"categories":[1],"tags":[],"class_list":["post-117208","post","type-post","status-publish","format-standard","has-post-thumbnail","hentry","category-uncategorized"],"_links":{"self":[{"href":"https:\/\/tvbrazilusa.com\/pt\/wp-json\/wp\/v2\/posts\/117208","targetHints":{"allow":["GET"]}}],"collection":[{"href":"https:\/\/tvbrazilusa.com\/pt\/wp-json\/wp\/v2\/posts"}],"about":[{"href":"https:\/\/tvbrazilusa.com\/pt\/wp-json\/wp\/v2\/types\/post"}],"author":[{"embeddable":true,"href":"https:\/\/tvbrazilusa.com\/pt\/wp-json\/wp\/v2\/users\/1"}],"replies":[{"embeddable":true,"href":"https:\/\/tvbrazilusa.com\/pt\/wp-json\/wp\/v2\/comments?post=117208"}],"version-history":[{"count":1,"href":"https:\/\/tvbrazilusa.com\/pt\/wp-json\/wp\/v2\/posts\/117208\/revisions"}],"predecessor-version":[{"id":117210,"href":"https:\/\/tvbrazilusa.com\/pt\/wp-json\/wp\/v2\/posts\/117208\/revisions\/117210"}],"wp:featuredmedia":[{"embeddable":true,"href":"https:\/\/tvbrazilusa.com\/pt\/wp-json\/wp\/v2\/media\/117209"}],"wp:attachment":[{"href":"https:\/\/tvbrazilusa.com\/pt\/wp-json\/wp\/v2\/media?parent=117208"}],"wp:term":[{"taxonomy":"category","embeddable":true,"href":"https:\/\/tvbrazilusa.com\/pt\/wp-json\/wp\/v2\/categories?post=117208"},{"taxonomy":"post_tag","embeddable":true,"href":"https:\/\/tvbrazilusa.com\/pt\/wp-json\/wp\/v2\/tags?post=117208"}],"curies":[{"name":"wp","href":"https:\/\/api.w.org\/{rel}","templated":true}]}}