{"id":117211,"date":"2025-04-22T20:51:53","date_gmt":"2025-04-22T20:51:53","guid":{"rendered":"https:\/\/tvbrazilusa.com\/2025\/04\/22\/a-uf-health-anuncia-um-acordo-com-a-unitedhealthcare-jacksonville-hoje\/"},"modified":"2025-04-22T21:17:41","modified_gmt":"2025-04-22T21:17:41","slug":"a-uf-health-anuncia-um-acordo-com-a-unitedhealthcare-jacksonville-hoje","status":"publish","type":"post","link":"https:\/\/tvbrazilusa.com\/pt\/2025\/04\/22\/a-uf-health-anuncia-um-acordo-com-a-unitedhealthcare-jacksonville-hoje\/","title":{"rendered":"A UF Health anuncia um acordo com a UnitedHealthcare | Jacksonville hoje"},"content":{"rendered":"<p> <script async src=\"https:\/\/pagead2.googlesyndication.com\/pagead\/js\/adsbygoogle.js?client=ca-pub-8864793242727901\"\r\n     crossorigin=\"anonymous\"><\/script><br \/>\n<\/p>\n<div>\n<p>O impasse de oito meses entre a UnitedHealthcare e a UF Health terminou. O prestador de servi\u00e7os de sa\u00fade de Gainesville anunciou na ter\u00e7a-feira que chegou a um contrato de seguro hospitalar com a maior companhia de seguros de sa\u00fade do pa\u00eds.<\/p>\n<p>O contrato de v\u00e1rios anos entrar\u00e1 em vigor na segunda-feira, 5 de maio.<\/p>\n<p>Pessoas com planos comerciais patrocinados por empregadores e Medicaid s\u00e3o cobertos pelo novo acordo.<\/p>\n<p>A UF Health diz que o contrato tamb\u00e9m restaurar\u00e1 o acesso \u00e0 rede na UF Health St. Johns &#8211; instala\u00e7\u00f5es e m\u00e9dicos do Hospital Flagler. Os inscritos em um plano da UnitedHealthcare Medicare Advantage tamb\u00e9m seriam um provedor de rede atrav\u00e9s deste contrato.<\/p>\n<p>&#8220;Sempre foi nossa principal prioridade chegar a um acordo acess\u00edvel e sustent\u00e1vel para as fam\u00edlias e empregadores da Fl\u00f3rida, e esse acordo ajuda a atingir esse objetivo&#8221;, disse a United Healthcare em comunicado a <em>Jacksonville hoje<\/em>.<\/p>\n<p>As autoridades de sa\u00fade da UF t\u00eam <a href=\"https:\/\/jaxtoday.org\/2024\/10\/03\/bapist-health-details\/\">anteriormente contado <em>Jacksonville hoje<\/em> 26.000<\/a> Pessoas com Seguro United procuraram servi\u00e7os na UF Health Jacksonville nos meses anteriores ao contrato anterior do Hospital-Insurance com o United expirou em 31 de agosto de 2024. As autoridades da UF Health estimam entre <a href=\"https:\/\/jaxtoday.org\/2025\/02\/27\/uf-health-united-healthcare-negotiations\/\">75.000 e 100.000 pessoas<\/a> Em todo o seu sistema, possui um seguro unido.<\/p>\n<p>&#8220;Este novo acordo fornece a milhares de pacientes unidos acesso cont\u00ednuo a atendimento de sa\u00fade com qualidade acad\u00eamica e principal com qualidade acad\u00eamica em todo o nordeste, norte e central da Fl\u00f3rida&#8221;, escreveu o Dr. Stephen J. Mutow, presidente e CEO da UF Health Clinical Enterprise em comunicado. &#8220;Agradecemos a paci\u00eancia de nossas comunidades e agradecemos por todo o trabalho duro que nossa equipe de sa\u00fade dedicou \u00e0 nossa tradi\u00e7\u00e3o de excel\u00eancia em cuidar de nossas comunidades&#8221;.<\/p>\n<p>No in\u00edcio desta primavera, as autoridades de sa\u00fade da UF disseram que esperavam <a href=\"https:\/\/jaxtoday.org\/2025\/04\/01\/uf-health-flagler-aetna-agreement\/\">para negociar contratos futuros de insultos hospitalares<\/a> Para todo o seu sistema, que inclui instala\u00e7\u00f5es em Gainesville, Jacksonville e Santo Agostinho, al\u00e9m de Leesburg, Ocala e as aldeias.<\/p>\n<\/div>\n<p><br \/>\n<br \/><a href=\"https:\/\/jaxtoday.org\/2025\/04\/22\/uf-health-announces-agreement-with-unitedhealthcare\/\">Source link <\/a><\/p>","protected":false},"excerpt":{"rendered":"<p>O impasse de oito meses entre a UnitedHealthcare e a UF Health terminou. O prestador de servi\u00e7os de sa\u00fade de Gainesville anunciou na ter\u00e7a-feira que chegou a um contrato de&hellip;<\/p>","protected":false},"author":1,"featured_media":107117,"comment_status":"closed","ping_status":"open","sticky":false,"template":"","format":"standard","meta":{"content-type":"","footnotes":""},"categories":[1],"tags":[],"class_list":["post-117211","post","type-post","status-publish","format-standard","has-post-thumbnail","hentry","category-uncategorized"],"_links":{"self":[{"href":"https:\/\/tvbrazilusa.com\/pt\/wp-json\/wp\/v2\/posts\/117211","targetHints":{"allow":["GET"]}}],"collection":[{"href":"https:\/\/tvbrazilusa.com\/pt\/wp-json\/wp\/v2\/posts"}],"about":[{"href":"https:\/\/tvbrazilusa.com\/pt\/wp-json\/wp\/v2\/types\/post"}],"author":[{"embeddable":true,"href":"https:\/\/tvbrazilusa.com\/pt\/wp-json\/wp\/v2\/users\/1"}],"replies":[{"embeddable":true,"href":"https:\/\/tvbrazilusa.com\/pt\/wp-json\/wp\/v2\/comments?post=117211"}],"version-history":[{"count":1,"href":"https:\/\/tvbrazilusa.com\/pt\/wp-json\/wp\/v2\/posts\/117211\/revisions"}],"predecessor-version":[{"id":117212,"href":"https:\/\/tvbrazilusa.com\/pt\/wp-json\/wp\/v2\/posts\/117211\/revisions\/117212"}],"wp:featuredmedia":[{"embeddable":true,"href":"https:\/\/tvbrazilusa.com\/pt\/wp-json\/wp\/v2\/media\/107117"}],"wp:attachment":[{"href":"https:\/\/tvbrazilusa.com\/pt\/wp-json\/wp\/v2\/media?parent=117211"}],"wp:term":[{"taxonomy":"category","embeddable":true,"href":"https:\/\/tvbrazilusa.com\/pt\/wp-json\/wp\/v2\/categories?post=117211"},{"taxonomy":"post_tag","embeddable":true,"href":"https:\/\/tvbrazilusa.com\/pt\/wp-json\/wp\/v2\/tags?post=117211"}],"curies":[{"name":"wp","href":"https:\/\/api.w.org\/{rel}","templated":true}]}}