{"id":11724,"date":"2024-07-29T22:10:48","date_gmt":"2024-07-29T22:10:48","guid":{"rendered":"https:\/\/tvbrazilusa.com\/2024\/07\/29\/marrocos-liberta-jornalistas-presos-apos-perdoes-do-rei-mohamed-vi\/"},"modified":"2024-07-29T22:12:43","modified_gmt":"2024-07-29T22:12:43","slug":"marrocos-liberta-jornalistas-presos-apos-perdoes-do-rei-mohamed-vi","status":"publish","type":"post","link":"https:\/\/tvbrazilusa.com\/pt\/2024\/07\/29\/marrocos-liberta-jornalistas-presos-apos-perdoes-do-rei-mohamed-vi\/","title":{"rendered":"Marrocos liberta jornalistas presos ap\u00f3s perd\u00f5es do rei Mohamed VI"},"content":{"rendered":"<script async src=\"https:\/\/pagead2.googlesyndication.com\/pagead\/js\/adsbygoogle.js?client=ca-pub-8864793242727901\"\r\n     crossorigin=\"anonymous\"><\/script>\n<div id=\"\">\n<p class=\"dist__Box-sc-1fnzlkn-0 dist__TextBase-sc-1fnzlkn-3 CGHCP htMUPQ article-text\"><strong>RABAT<\/strong> \u2013 O rei Mohammed VI do Marrocos perdoou na segunda-feira tr\u00eas jornalistas que foram acusados \u200b\u200bde crimes sexuais e espionagem em processos amplamente condenados por defensores da liberdade de imprensa como retalia\u00e7\u00e3o por reportagens cr\u00edticas.<\/p>\n<p class=\"dist__Box-sc-1fnzlkn-0 dist__TextBase-sc-1fnzlkn-3 CGHCP htMUPQ article-text\">Omar Radi, Taoufik Bouachrine e Soulaimane Raissouni estavam entre as 2.278 pessoas que receberam perd\u00f5es esta semana, de acordo com o Minist\u00e9rio da Justi\u00e7a do Marrocos. Os perd\u00f5es foram anunciados enquanto o Marrocos celebrava o Dia do Trono, marcando o anivers\u00e1rio de quando Mohammed VI ascendeu ao trono.<\/p>\n<p class=\"dist__Box-sc-1fnzlkn-0 dist__TextBase-sc-1fnzlkn-3 CGHCP htMUPQ article-text\">Por mais de quatro anos, os jornalistas t\u00eam sido emblem\u00e1ticos dos esfor\u00e7os agressivos do Marrocos para sufocar as cr\u00edticas da m\u00eddia e dos ativistas de direitos humanos. Defensores das liberdades civis, o Parlamento Europeu e o Departamento de Estado dos EUA condenaram em v\u00e1rios pontos seus processos como politicamente motivados.<\/p>\n<p class=\"dist__Box-sc-1fnzlkn-0 dist__TextBase-sc-1fnzlkn-3 CGHCP htMUPQ article-text\">Os tr\u00eas jornalistas marroquinos eram conhecidos por reportagens e coment\u00e1rios cr\u00edticos sobre o governo do reino e suas pol\u00edticas.<\/p>\n<p class=\"dist__Box-sc-1fnzlkn-0 dist__TextBase-sc-1fnzlkn-3 CGHCP htMUPQ article-text\">Bouachrine, um colunista de opini\u00e3o e ex-editor do jornal independente Akhbar al-Youm, foi condenado a 12 anos de pris\u00e3o em 2018 ap\u00f3s ser considerado culpado de tr\u00e1fico de pessoas, agress\u00e3o sexual e estupro. <\/p>\n<p class=\"dist__Box-sc-1fnzlkn-0 dist__TextBase-sc-1fnzlkn-3 CGHCP htMUPQ article-text\">Raissouni, tamb\u00e9m ex-editor do Akhbar al-Youm, foi condenado a cinco anos por acusa\u00e7\u00f5es que inclu\u00edam agress\u00e3o sexual em 2021. <\/p>\n<p class=\"dist__Box-sc-1fnzlkn-0 dist__TextBase-sc-1fnzlkn-3 CGHCP htMUPQ article-text\">Radi, um rep\u00f3rter investigativo e ativista, foi condenado a seis anos em 2021 por acusa\u00e7\u00f5es de espionagem e agress\u00e3o sexual.<\/p>\n<p class=\"dist__Box-sc-1fnzlkn-0 dist__TextBase-sc-1fnzlkn-3 CGHCP htMUPQ article-text\">Organiza\u00e7\u00f5es como a Anistia Internacional, a Human Rights Watch e a Rep\u00f3rteres Sem Fronteiras condenaram duramente os processos como tendo motiva\u00e7\u00e3o pol\u00edtica.<\/p>\n<p class=\"dist__Box-sc-1fnzlkn-0 dist__TextBase-sc-1fnzlkn-3 CGHCP htMUPQ article-text\">\u201cAcusa\u00e7\u00f5es de crimes sexuais se tornaram outra ferramenta para as autoridades punirem jornalistas\u201d, escreveu o programa do Comit\u00ea para a Prote\u00e7\u00e3o dos Jornalistas no Oriente M\u00e9dio e Norte da \u00c1frica em 2021.<\/p>\n<p class=\"dist__Box-sc-1fnzlkn-0 dist__TextBase-sc-1fnzlkn-3 CGHCP htMUPQ article-text\">Os casos estavam entre aqueles que ganharam destaque quando a Anistia Internacional e o cons\u00f3rcio de jornalismo sediado em Paris Forbidden Stories publicaram documentos vazados sugerindo que os tr\u00eas jornalistas estavam entre as pessoas espionadas por autoridades marroquinas usando malware instalado em seus smartphones. As autoridades negaram veementemente ter feito isso.<\/p>\n<p class=\"dist__Box-sc-1fnzlkn-0 dist__TextBase-sc-1fnzlkn-3 CGHCP htMUPQ article-text\">Os apoiadores dos jornalistas aplaudiram a liberta\u00e7\u00e3o, mas destacaram que acreditavam que os jornalistas foram presos ap\u00f3s processos injustos.<\/p>\n<p class=\"dist__Box-sc-1fnzlkn-0 dist__TextBase-sc-1fnzlkn-3 CGHCP htMUPQ article-text\">\u201cParab\u00e9ns. Aguardando os outros \u2014 e a democracia\u201d, escreveu o ativista de direitos humanos Fouad Abdelmoumni no Facebook.<\/p>\n<\/div>\n<p>Copyright 2024 The Associated Press. Todos os direitos reservados. Este material n\u00e3o pode ser publicado, transmitido, reescrito ou redistribu\u00eddo sem permiss\u00e3o.<\/p>\n<p><br \/>\n<br \/><a href=\"https:\/\/www.clickorlando.com\/news\/world\/2024\/07\/29\/morocco-releases-imprisoned-journalists-after-pardons-from-king-mohamed-vi\/\">Source link <\/a><\/p>","protected":false},"excerpt":{"rendered":"<p>RABAT \u2013 O rei Mohammed VI do Marrocos perdoou na segunda-feira tr\u00eas jornalistas que foram acusados \u200b\u200bde crimes sexuais e espionagem em processos amplamente condenados por defensores da liberdade de&hellip;<\/p>","protected":false},"author":1,"featured_media":11725,"comment_status":"closed","ping_status":"open","sticky":false,"template":"","format":"standard","meta":{"content-type":"","footnotes":""},"categories":[1],"tags":[4197,1419],"class_list":["post-11724","post","type-post","status-publish","format-standard","has-post-thumbnail","hentry","category-uncategorized","tag-maome-vi","tag-noticias-do-mundo"],"_links":{"self":[{"href":"https:\/\/tvbrazilusa.com\/pt\/wp-json\/wp\/v2\/posts\/11724","targetHints":{"allow":["GET"]}}],"collection":[{"href":"https:\/\/tvbrazilusa.com\/pt\/wp-json\/wp\/v2\/posts"}],"about":[{"href":"https:\/\/tvbrazilusa.com\/pt\/wp-json\/wp\/v2\/types\/post"}],"author":[{"embeddable":true,"href":"https:\/\/tvbrazilusa.com\/pt\/wp-json\/wp\/v2\/users\/1"}],"replies":[{"embeddable":true,"href":"https:\/\/tvbrazilusa.com\/pt\/wp-json\/wp\/v2\/comments?post=11724"}],"version-history":[{"count":1,"href":"https:\/\/tvbrazilusa.com\/pt\/wp-json\/wp\/v2\/posts\/11724\/revisions"}],"predecessor-version":[{"id":11726,"href":"https:\/\/tvbrazilusa.com\/pt\/wp-json\/wp\/v2\/posts\/11724\/revisions\/11726"}],"wp:featuredmedia":[{"embeddable":true,"href":"https:\/\/tvbrazilusa.com\/pt\/wp-json\/wp\/v2\/media\/11725"}],"wp:attachment":[{"href":"https:\/\/tvbrazilusa.com\/pt\/wp-json\/wp\/v2\/media?parent=11724"}],"wp:term":[{"taxonomy":"category","embeddable":true,"href":"https:\/\/tvbrazilusa.com\/pt\/wp-json\/wp\/v2\/categories?post=11724"},{"taxonomy":"post_tag","embeddable":true,"href":"https:\/\/tvbrazilusa.com\/pt\/wp-json\/wp\/v2\/tags?post=11724"}],"curies":[{"name":"wp","href":"https:\/\/api.w.org\/{rel}","templated":true}]}}