{"id":117246,"date":"2025-04-23T14:07:09","date_gmt":"2025-04-23T14:07:09","guid":{"rendered":"https:\/\/tvbrazilusa.com\/2025\/04\/23\/o-jaxson-emanuel-fortune-um-legado-de-resiliencia-na-florida-da-era-da-reconstrucao-jacksonville-hoje\/"},"modified":"2025-04-23T14:15:50","modified_gmt":"2025-04-23T14:15:50","slug":"o-jaxson-emanuel-fortune-um-legado-de-resiliencia-na-florida-da-era-da-reconstrucao-jacksonville-hoje","status":"publish","type":"post","link":"https:\/\/tvbrazilusa.com\/pt\/2025\/04\/23\/o-jaxson-emanuel-fortune-um-legado-de-resiliencia-na-florida-da-era-da-reconstrucao-jacksonville-hoje\/","title":{"rendered":"O Jaxson | Emanuel Fortune: Um legado de resili\u00eancia na Fl\u00f3rida da era da reconstru\u00e7\u00e3o | Jacksonville hoje"},"content":{"rendered":"<p> <script async src=\"https:\/\/pagead2.googlesyndication.com\/pagead\/js\/adsbygoogle.js?client=ca-pub-8864793242727901\"\r\n     crossorigin=\"anonymous\"><\/script><br \/>\n<\/p>\n<div>\n<p>Emanuel nasceu em 3 de janeiro de 1833, em escravid\u00e3o na Russ Plantation em Marianna, Fl\u00f3rida. A fam\u00edlia Russ teve um filho chamado Joseph, que tinha a mesma idade que Emanuel, que acabou se tornando muito perto de Emanuel. Emanuel teve a chance de aprender a ler devido \u00e0 sua amizade com Joseph.  <\/p>\n<p>Sua m\u00e3e, Dorcia (Dora) Russ, era filha de uma mulher escravizada de ra\u00e7a mista e Osceola, chefe de guerra de Seminole da Fl\u00f3rida, enquanto seu pai, Thomas Fortune, foi um irland\u00eas morto em um duelo seis meses ap\u00f3s o nascimento de Emanuel. Osceola, av\u00f4 materno de Emanuel, morreu em 30 de janeiro de 1838, deixando um legado significativo como chefe de guerra do povo Seminole. <\/p>\n<p>Em 1866, ocorreram dois grandes eventos: a m\u00e3e de Emanuel, Dora, casou -se com John Pope em 2 de junho de 1866. John Pope mais tarde se tornou o principal ministro da AME no condado de Jackson e um membro do Conselho Escolar do Condado ap\u00f3s a emancipa\u00e7\u00e3o. Emanuel casou -se com Sarah Jane em 5 de junho de 1866. Sarah Jane tinha uma heran\u00e7a \u00fanica, sendo de nacionalidade mista. Sua m\u00e3e tinha um pai branco e uma m\u00e3e escrava, e sua linhagem inclu\u00eda ascend\u00eancia indiana. Sarah Jane nasceu em Richmond, Virg\u00ednia, em 1832, e depois se mudou para a Fl\u00f3rida. Tamb\u00e9m foi nessa \u00e9poca que Emanuel escolheu tomar o sobrenome de Thomas Fortune, o homem que ele acreditava ser seu pai. <\/p>\n<p>Em 1871, amea\u00e7ado pela viol\u00eancia supremacista branca, a Fortune deixou o condado de Jackson para concluir seu mandato eleito em Jacksonville. Ele havia sido avisado repetidamente que seu destaque pol\u00edtico como l\u00edder negro fez dele um alvo. Fortune fortificou sua casa em resposta a amea\u00e7as de homens brancos que patrulhavam sua propriedade dia e noite. <\/p>\n<p>T. Thomas Fortune, seu filho, lembrou -se vividamente de acordar e encontrar pessoas dormindo perto de espingardas para proteger a fazenda. Seu filho Timothy escreveu que homens brancos perseguiram o dia e a noite em casa e lembraram -se de trope\u00e7ar cedo uma manh\u00e3 sobre um homem dormindo ao lado de uma espingarda em uma posi\u00e7\u00e3o com vista para sua casa. Emanuel Fortune sentiu sua &#8220;vida estar em perigo o tempo todo&#8221;.  <\/p>\n<div class=\"wp-block-image\">\n<figure class=\"aligncenter size-large\"><figcaption class=\"wp-element-caption\"><em>Timothy Thomas Fortune por volta de 1900 | Editora americana<\/em><\/figcaption><\/figure>\n<\/div>\n<p>Finalmente, a Fortune atendeu ao conselho de seus amigos, branco e preto, para sair. Ele distribuiu sua propriedade entre suas rela\u00e7\u00f5es e vizinhos e empacotou sua fam\u00edlia, estabelecendo -se em Jacksonville. Seu filho arruinou que seu pai n\u00e3o recebeu quase nenhuma compensa\u00e7\u00e3o pela fazenda, neg\u00f3cios e bens bolinhos que ele havia constru\u00eddo e acumulado assiduamente desde a emancipa\u00e7\u00e3o. Emanuel escreveu: &#8220;O objetivo deles \u00e9 matar os principais homens do Partido Republicano &#8211; homens que tomaram uma posi\u00e7\u00e3o de destaque&#8221;. <\/p>\n<p>Por 30 anos, a Fortune foi uma figura proeminente nos assuntos pol\u00edticos no estado da Fl\u00f3rida, servindo seu estado, condado e cidade nas capacidades do legislador, oficial eleitoral, delegado \u00e0s conven\u00e7\u00f5es nacionais, sargento em armas, membro do conselho da cidade, marechal da cidade e comiss\u00e1rio do condado de Duval. Ele tamb\u00e9m estava profundamente envolvido na sa\u00fade p\u00fablica como membro do Conselho de Sa\u00fade de Jacksonville. <\/p>\n<p>O filho de Emanuel, T. Thomas Fortune, tornou -se um proeminente editor de jornais radicais e ativista dos direitos afro -americanos, continuando a luta de seu pai pela justi\u00e7a. <\/p>\n<p>Emanuel Fortune faleceu, 27 de janeiro de 1897, deixando um legado de servi\u00e7o pol\u00edtico e defesa de sua comunidade. Ele est\u00e1 enterrado no cemit\u00e9rio da Cidade Velha no hist\u00f3rico bairro de Jacksonville Eastside. <\/p>\n<p>A vida de Emanuel Fortune exemplifica a resili\u00eancia e a dedica\u00e7\u00e3o diante da opress\u00e3o. Sua hist\u00f3ria \u00e9 de lideran\u00e7a profunda, la\u00e7os familiares e coragem inabal\u00e1vel. <\/p>\n<\/div>\n<p><br \/>\n<br \/><a href=\"https:\/\/jaxtoday.org\/2025\/04\/23\/the-jaxson-emanuel-fortune-a-legacy-of-resilience-in-reconstruction-era-florida\/\">Source link <\/a><\/p>","protected":false},"excerpt":{"rendered":"<p>Emanuel nasceu em 3 de janeiro de 1833, em escravid\u00e3o na Russ Plantation em Marianna, Fl\u00f3rida. A fam\u00edlia Russ teve um filho chamado Joseph, que tinha a mesma idade que&hellip;<\/p>","protected":false},"author":1,"featured_media":117247,"comment_status":"closed","ping_status":"open","sticky":false,"template":"","format":"standard","meta":{"content-type":"","footnotes":""},"categories":[1],"tags":[],"class_list":["post-117246","post","type-post","status-publish","format-standard","has-post-thumbnail","hentry","category-uncategorized"],"_links":{"self":[{"href":"https:\/\/tvbrazilusa.com\/pt\/wp-json\/wp\/v2\/posts\/117246","targetHints":{"allow":["GET"]}}],"collection":[{"href":"https:\/\/tvbrazilusa.com\/pt\/wp-json\/wp\/v2\/posts"}],"about":[{"href":"https:\/\/tvbrazilusa.com\/pt\/wp-json\/wp\/v2\/types\/post"}],"author":[{"embeddable":true,"href":"https:\/\/tvbrazilusa.com\/pt\/wp-json\/wp\/v2\/users\/1"}],"replies":[{"embeddable":true,"href":"https:\/\/tvbrazilusa.com\/pt\/wp-json\/wp\/v2\/comments?post=117246"}],"version-history":[{"count":1,"href":"https:\/\/tvbrazilusa.com\/pt\/wp-json\/wp\/v2\/posts\/117246\/revisions"}],"predecessor-version":[{"id":117248,"href":"https:\/\/tvbrazilusa.com\/pt\/wp-json\/wp\/v2\/posts\/117246\/revisions\/117248"}],"wp:featuredmedia":[{"embeddable":true,"href":"https:\/\/tvbrazilusa.com\/pt\/wp-json\/wp\/v2\/media\/117247"}],"wp:attachment":[{"href":"https:\/\/tvbrazilusa.com\/pt\/wp-json\/wp\/v2\/media?parent=117246"}],"wp:term":[{"taxonomy":"category","embeddable":true,"href":"https:\/\/tvbrazilusa.com\/pt\/wp-json\/wp\/v2\/categories?post=117246"},{"taxonomy":"post_tag","embeddable":true,"href":"https:\/\/tvbrazilusa.com\/pt\/wp-json\/wp\/v2\/tags?post=117246"}],"curies":[{"name":"wp","href":"https:\/\/api.w.org\/{rel}","templated":true}]}}