{"id":117312,"date":"2025-04-23T21:04:05","date_gmt":"2025-04-23T21:04:05","guid":{"rendered":"https:\/\/tvbrazilusa.com\/2025\/04\/23\/a-falta-de-moradia-esta-baixa-mas-alguns-fatores-sao-complicados-jacksonville-hoje\/"},"modified":"2025-04-23T21:06:15","modified_gmt":"2025-04-23T21:06:15","slug":"a-falta-de-moradia-esta-baixa-mas-alguns-fatores-sao-complicados-jacksonville-hoje","status":"publish","type":"post","link":"https:\/\/tvbrazilusa.com\/pt\/2025\/04\/23\/a-falta-de-moradia-esta-baixa-mas-alguns-fatores-sao-complicados-jacksonville-hoje\/","title":{"rendered":"A falta de moradia est\u00e1 baixa, mas alguns fatores s\u00e3o complicados | Jacksonville hoje"},"content":{"rendered":"<p> <script async src=\"https:\/\/pagead2.googlesyndication.com\/pagead\/js\/adsbygoogle.js?client=ca-pub-8864793242727901\"\r\n     crossorigin=\"anonymous\"><\/script><br \/>\n<\/p>\n<div>\n<p>Os sem -teto diminu\u00edram um pouco na \u00e1rea de Jacksonville e, mais significativamente, entre as pessoas n\u00e3o liberadas, de acordo com uma avalia\u00e7\u00e3o anual.<\/p>\n<p>O censo de ponto-na hora do <a href=\"https:\/\/www.changinghomelessness.org\/\" rel=\"nofollow noopener\" target=\"_blank\">Mudando a falta de moradia<\/a> A organiza\u00e7\u00e3o sem fins lucrativos encontrou uma diminui\u00e7\u00e3o de 49% em pessoas sem solu\u00e7\u00f5es dormindo em carros e nas ruas em compara\u00e7\u00e3o com 2024.<\/p>\n<p>O CEO Dawn Gilman enfatiza que o grupo n\u00e3o viu a mesma diminui\u00e7\u00e3o da outra maneira que mede a falta de moradia &#8211; por exemplo, dados semanais daqueles que eles conhecem que est\u00e3o buscando moradias seguras e est\u00e1veis. (Mudar a falta de moradia chama essas pessoas de sua lista de &#8220;nome&#8221;.) <\/p>\n<p>Sessenta volunt\u00e1rios, os condados de argila, Duval e Nassau, em 30 de janeiro, e contaram 300 pessoas a menos que n\u00e3o foram divididas em compara\u00e7\u00e3o com o ano passado. A contagem geral, de protegida e desprotegida, caiu 8% em rela\u00e7\u00e3o ao ano anterior.<\/p>\n<p>Gilman ressalta que o clima mais quente na noite do conde foi uma das &#8220;anomalias&#8221; da contagem deste ano.<strong> <\/strong><\/p>\n<p>Gilman disse <a href=\"https:\/\/jaxtoday.org\/2025\/02\/19\/homeless-law-arrests\/\">uma nova lei estadual<\/a> Isso pro\u00edbe dormir ou acampar em propriedades p\u00fablicas. <\/p>\n<p>Os desocupados est\u00e3o mais escondidos agora, disse Gilman, e mais pessoas s\u00e3o vistas se movendo para fora da \u00e1rea central do centro, mas n\u00e3o muito longe.  <\/p>\n<p>&#8220;As pessoas est\u00e3o se aprofundando na floresta&#8221;, disse Gilman sobre os desprotegidos. &#8220;H\u00e1 mais pessoas que estamos assistindo entrar em edif\u00edcios abandonados, o que \u00e9 algo que n\u00e3o enviamos volunt\u00e1rios para tentar interagir dessa maneira&#8221;.<\/p>\n<p>Mudando os relat\u00f3rios de sem -teto sobre v\u00e1rias subpopula\u00e7\u00f5es no relat\u00f3rio: <\/p>\n<ul class=\"wp-block-list\">\n<li>Os sem -teto cr\u00f4nicos &#8211; aqueles com uma defici\u00eancia documentada que foram continuamente desocupados por um ano ou mais, ou quatro ou mais vezes dentro de ti anos.<\/li>\n<li>Veteranos &#8211; aqueles com um status de administra\u00e7\u00e3o de veteranos verificados. <\/li>\n<li>Fam\u00edlias com crian\u00e7as &#8211; adultos com uma ou mais crian\u00e7as. <\/li>\n<li>Pessoas com 55 anos ou mais.<\/li>\n<li>Jovens\/jovens adultos &#8211; pessoas sem -teto desacompanhadas de 18 a 24 anos.<\/li>\n<\/ul>\n<p>A partir da contagem de 2025 de 1.009 pessoas, a quebra protegida (719) e n\u00e3o abrigada (290) incluiu:  <\/p>\n<ul class=\"wp-block-list\">\n<li>60 menos pessoas protegidas do que no ano passado. Se algu\u00e9m est\u00e1 protegido, ele est\u00e1 vivendo temporariamente em um abrigo de emerg\u00eancia ou em uma habita\u00e7\u00e3o de transi\u00e7\u00e3o. Mais de 75% das pessoas que sofrem de falta de moradia durante a contagem tinham algum tipo de abrigo. <\/li>\n<\/ul>\n<ul class=\"wp-block-list\">\n<li>276 menos desprotegidos do que no ano passado. Se algu\u00e9m n\u00e3o estiver desprotegido, ele fica em um lugar n\u00e3o destinado \u00e0 habita\u00e7\u00e3o humana, como parques, cal\u00e7adas, carros ou edif\u00edcios abandonados.<\/li>\n<\/ul>\n<p>Gilman notou uma maior dissemina\u00e7\u00e3o entre o que a contagem de pontos no tempo encontrou e o que a lista &#8220;Byname&#8221; mostra.<\/p>\n<p>Por exemplo, quando se trata de veteranos, os volunt\u00e1rios encontraram 70 durante a contagem de pontos no tempo; No entanto, no mesmo per\u00edodo, a mudan\u00e7a de falta de moradia estava trabalhando com mais de 200 veteranos que estavam sofrendo de falta de moradia.   <\/p>\n<figure class=\"wp-block-image size-large\"><figcaption class=\"wp-element-caption\">O l\u00edder da equipe, Shardae Bellamy, tira uma foto com os outros na equipe de divulga\u00e7\u00e3o de sem -teto em Jacksonville. | Foto mudando de sem -teto<br \/><\/figcaption><\/figure>\n<p>A mudan\u00e7a de falta de moradia coleta informa\u00e7\u00f5es o ano todo. A organiza\u00e7\u00e3o envia equipes de divulga\u00e7\u00e3o de segunda a sexta -feira para coletar dados.<\/p>\n<p>As equipes usam um aplicativo para coletar informa\u00e7\u00f5es sobre o apelido de uma pessoa ou o primeiro nome. Os aplicativos usam GPS e podem soltar um alfinete onde um sem -teto \u00e9 encontrado, e esses pontos de pino refletem um desembolso mais amplo de onde as pessoas est\u00e3o localizadas nos tr\u00eas munic\u00edpios &#8211; Clay, Duval e Nassau.  <\/p>\n<p>O relat\u00f3rio tem uma compara\u00e7\u00e3o de 10 anos. &#8220;O que estamos sentindo \u00e9 que isso parece estar voltando para onde est\u00e1vamos pr\u00e9-Covid&#8221;, disse Gilman. &#8220;O total de pessoas contadas em 2010 foi de 3.241 e, em 2020 (logo antes da Covid), era 1.542. Ent\u00e3o, isso foi uma queda total de 52%.&#8221; <\/p>\n<p>As contagens de ponto-tempo s\u00e3o obrigadas a governo e foram tomadas por 30 anos. Gilman diz que eles estar\u00e3o assistindo as tend\u00eancias para os pr\u00f3ximos anos. <\/p>\n<p>Mudar as equipes de divulga\u00e7\u00e3o dos sem -teto s\u00e3o separados da cidade <a href=\"https:\/\/jaxtoday.org\/2024\/12\/10\/homeless-law-arrests-jacksonville\/\">Equipe de sete homens<\/a> &#8211; Fornecendo assist\u00eancia aos sem -teto. Essa equipe \u00e9 do Departamento de Inc\u00eandio e Resgate de Jacksonville, que trabalha principalmente no centro da cidade e compartilha suas informa\u00e7\u00f5es com a mudan\u00e7a de sem -teto. <\/p>\n<p>Mudar a falta de moradia pergunta ao p\u00fablico que, se eles t\u00eam um relat\u00f3rio de uma pessoa ou acampamento, d\u00ea uma descri\u00e7\u00e3o e localiza\u00e7\u00e3o para: <a href=\"https:\/\/jaxtoday.org\/2025\/04\/23\/point-in-time-homeless-count\/mailto:outreach@changinghomelessness.org\">Outreach@changinghomelessness.org<\/a>. <\/p>\n<p>As equipes de divulga\u00e7\u00e3o geralmente respondem em um dia \u00fatil.<\/p>\n<p>Mais detalhes e um colapso sobre os contados durante a pesquisa anual podem ser encontrados no completo <a href=\"https:\/\/www.changinghomelessness.org\/wp-content\/uploads\/2025\/04\/FL-510-People-Count-2025-Point-In-Time-Report-04.11.2025.pdf\" rel=\"nofollow noopener\" target=\"_blank\">2025 Relat\u00f3rio Ponto-Time<\/a><strong>.<\/strong><\/p>\n<\/div>\n<p><br \/>\n<br \/><a href=\"https:\/\/jaxtoday.org\/2025\/04\/23\/point-in-time-homeless-count\/\">Source link <\/a><\/p>","protected":false},"excerpt":{"rendered":"<p>Os sem -teto diminu\u00edram um pouco na \u00e1rea de Jacksonville e, mais significativamente, entre as pessoas n\u00e3o liberadas, de acordo com uma avalia\u00e7\u00e3o anual. O censo de ponto-na hora do&hellip;<\/p>","protected":false},"author":1,"featured_media":117313,"comment_status":"closed","ping_status":"open","sticky":false,"template":"","format":"standard","meta":{"content-type":"","footnotes":""},"categories":[1],"tags":[],"class_list":["post-117312","post","type-post","status-publish","format-standard","has-post-thumbnail","hentry","category-uncategorized"],"_links":{"self":[{"href":"https:\/\/tvbrazilusa.com\/pt\/wp-json\/wp\/v2\/posts\/117312","targetHints":{"allow":["GET"]}}],"collection":[{"href":"https:\/\/tvbrazilusa.com\/pt\/wp-json\/wp\/v2\/posts"}],"about":[{"href":"https:\/\/tvbrazilusa.com\/pt\/wp-json\/wp\/v2\/types\/post"}],"author":[{"embeddable":true,"href":"https:\/\/tvbrazilusa.com\/pt\/wp-json\/wp\/v2\/users\/1"}],"replies":[{"embeddable":true,"href":"https:\/\/tvbrazilusa.com\/pt\/wp-json\/wp\/v2\/comments?post=117312"}],"version-history":[{"count":1,"href":"https:\/\/tvbrazilusa.com\/pt\/wp-json\/wp\/v2\/posts\/117312\/revisions"}],"predecessor-version":[{"id":117314,"href":"https:\/\/tvbrazilusa.com\/pt\/wp-json\/wp\/v2\/posts\/117312\/revisions\/117314"}],"wp:featuredmedia":[{"embeddable":true,"href":"https:\/\/tvbrazilusa.com\/pt\/wp-json\/wp\/v2\/media\/117313"}],"wp:attachment":[{"href":"https:\/\/tvbrazilusa.com\/pt\/wp-json\/wp\/v2\/media?parent=117312"}],"wp:term":[{"taxonomy":"category","embeddable":true,"href":"https:\/\/tvbrazilusa.com\/pt\/wp-json\/wp\/v2\/categories?post=117312"},{"taxonomy":"post_tag","embeddable":true,"href":"https:\/\/tvbrazilusa.com\/pt\/wp-json\/wp\/v2\/tags?post=117312"}],"curies":[{"name":"wp","href":"https:\/\/api.w.org\/{rel}","templated":true}]}}