{"id":117315,"date":"2025-04-23T21:04:36","date_gmt":"2025-04-23T21:04:36","guid":{"rendered":"https:\/\/tvbrazilusa.com\/2025\/04\/23\/12-estados-procuram-o-governo-trump-para-interromper-a-politica-tarifaria\/"},"modified":"2025-04-23T21:09:32","modified_gmt":"2025-04-23T21:09:32","slug":"12-estados-procuram-o-governo-trump-para-interromper-a-politica-tarifaria","status":"publish","type":"post","link":"https:\/\/tvbrazilusa.com\/pt\/2025\/04\/23\/12-estados-procuram-o-governo-trump-para-interromper-a-politica-tarifaria\/","title":{"rendered":"12 estados procuram o governo Trump para interromper a pol\u00edtica tarif\u00e1ria"},"content":{"rendered":"<script async src=\"https:\/\/pagead2.googlesyndication.com\/pagead\/js\/adsbygoogle.js?client=ca-pub-8864793242727901\"\r\n     crossorigin=\"anonymous\"><\/script>\n<p>NOVA YORK (AP) &#8211; Uma d\u00fazia de estados processou o governo Trump no Tribunal de Com\u00e9rcio Internacional dos EUA em Nova York na quarta -feira para interromper seu <a href=\"https:\/\/apnews.com\/live\/donald-trump-news-updates-4-23-2025\">pol\u00edtica tarif\u00e1ria,<\/a> Dizer que \u00e9 ilegal e trouxe caos para a economia americana.<\/p>\n<p>O processo disse que a pol\u00edtica implementada pelo presidente Donald Trump deixou a pol\u00edtica comercial nacional sujeita aos &#8220;caprichos de Trump, em vez do bom exerc\u00edcio de autoridade legal&#8221;.<\/p>\n<p>Ele desafiou a alega\u00e7\u00e3o de Trump de que ele poderia arbitrariamente impor tarifas com base no <a href=\"https:\/\/apnews.com\/article\/trump-tariffs-mexico-canada-china-trade-taxes-6c2ae398d0dfab042fc2c9f139b27db5\">Lei Internacional de Poderes Econ\u00f4micos de Emerg\u00eancia<\/a>. O processo pede que o tribunal declare que as tarifas s\u00e3o ilegais e bloqueiam as ag\u00eancias governamentais e seus oficiais de aplicar -os.<\/p>\n<p>Uma mensagem enviada ao Departamento de Justi\u00e7a para coment\u00e1rios n\u00e3o foi devolvida imediatamente.<\/p>\n<p>Os estados listados como demandantes no processo foram Oregon, Arizona, Colorado, Connecticut, Delaware, Illinois, Maine, Minnesota, Nevada, Novo M\u00e9xico, Nova York e Vermont.<\/p>\n<p>Em um comunicado, o procurador -geral do Arizona, Kris Mayes, chamou o esquema tarif\u00e1rio de Trump de &#8220;insano&#8221;.<\/p>\n<p>Ela disse que era &#8220;n\u00e3o apenas economicamente imprudente &#8211; \u00e9 ilegal&#8221;.<\/p>\n<p>O processo sustentou que somente o Congresso tem o poder de impor tarifas e que o presidente s\u00f3 pode invocar a Lei Internacional de Pot\u00eancias Econ\u00f4micas de Emerg\u00eancia quando uma emerg\u00eancia apresenta uma &#8220;amea\u00e7a incomum e extraordin\u00e1ria&#8221; do exterior.<\/p>\n<p>&#8220;Ao reivindicar a autoridade para impor tarifas imensas e em constante mudan\u00e7a sobre qualquer mercadoria que entra nos Estados Unidos que ele escolher, por qualquer motivo que achar conveniente declarar uma emerg\u00eancia, o presidente elevou a ordem constitucional e levou o caos \u00e0 economia americana&#8221;, afirmou o processo.<\/p>\n<p>Na semana passada, o governador da Calif\u00f3rnia, Gavin Newsom, democrata, processou o governo Trump no Tribunal Distrital dos EUA no distrito norte da Calif\u00f3rnia por causa da pol\u00edtica tarif\u00e1ria, dizendo que seu estado poderia perder bilh\u00f5es de d\u00f3lares em receita como o maior importador do pa\u00eds.<\/p>\n<p>O porta -voz da Casa Branca, Kush Desai, respondeu ao processo de Newsom, dizendo que o governo Trump &#8220;permanece comprometido em abordar essa emerg\u00eancia nacional que est\u00e1 dizimando as ind\u00fastrias da Am\u00e9rica e deixando nossos trabalhadores para tr\u00e1s com todas as ferramentas \u00e0 nossa disposi\u00e7\u00e3o, de tarifas a negocia\u00e7\u00f5es&#8221;.<\/p>\n<p><br \/>\n<br \/><a href=\"https:\/\/www.wtnh.com\/news\/connecticut\/12-states-sue-trump-administration-to-stop-tariff-policy\/\">Source link <\/a><\/p>","protected":false},"excerpt":{"rendered":"<p>NOVA YORK (AP) &#8211; Uma d\u00fazia de estados processou o governo Trump no Tribunal de Com\u00e9rcio Internacional dos EUA em Nova York na quarta -feira para interromper seu pol\u00edtica tarif\u00e1ria,&hellip;<\/p>","protected":false},"author":1,"featured_media":117316,"comment_status":"closed","ping_status":"open","sticky":false,"template":"","format":"standard","meta":{"content-type":"","footnotes":""},"categories":[1],"tags":[],"class_list":["post-117315","post","type-post","status-publish","format-standard","has-post-thumbnail","hentry","category-uncategorized"],"_links":{"self":[{"href":"https:\/\/tvbrazilusa.com\/pt\/wp-json\/wp\/v2\/posts\/117315","targetHints":{"allow":["GET"]}}],"collection":[{"href":"https:\/\/tvbrazilusa.com\/pt\/wp-json\/wp\/v2\/posts"}],"about":[{"href":"https:\/\/tvbrazilusa.com\/pt\/wp-json\/wp\/v2\/types\/post"}],"author":[{"embeddable":true,"href":"https:\/\/tvbrazilusa.com\/pt\/wp-json\/wp\/v2\/users\/1"}],"replies":[{"embeddable":true,"href":"https:\/\/tvbrazilusa.com\/pt\/wp-json\/wp\/v2\/comments?post=117315"}],"version-history":[{"count":1,"href":"https:\/\/tvbrazilusa.com\/pt\/wp-json\/wp\/v2\/posts\/117315\/revisions"}],"predecessor-version":[{"id":117317,"href":"https:\/\/tvbrazilusa.com\/pt\/wp-json\/wp\/v2\/posts\/117315\/revisions\/117317"}],"wp:featuredmedia":[{"embeddable":true,"href":"https:\/\/tvbrazilusa.com\/pt\/wp-json\/wp\/v2\/media\/117316"}],"wp:attachment":[{"href":"https:\/\/tvbrazilusa.com\/pt\/wp-json\/wp\/v2\/media?parent=117315"}],"wp:term":[{"taxonomy":"category","embeddable":true,"href":"https:\/\/tvbrazilusa.com\/pt\/wp-json\/wp\/v2\/categories?post=117315"},{"taxonomy":"post_tag","embeddable":true,"href":"https:\/\/tvbrazilusa.com\/pt\/wp-json\/wp\/v2\/tags?post=117315"}],"curies":[{"name":"wp","href":"https:\/\/api.w.org\/{rel}","templated":true}]}}