{"id":117327,"date":"2025-04-24T02:40:26","date_gmt":"2025-04-24T02:40:26","guid":{"rendered":"https:\/\/tvbrazilusa.com\/2025\/04\/24\/francisco-nao-era-santo-veja-a-retrospectiva-do-papa-mais-woke-da-historia-por-paulo-figueiredo\/"},"modified":"2025-04-24T02:40:26","modified_gmt":"2025-04-24T02:40:26","slug":"francisco-nao-era-santo-veja-a-retrospectiva-do-papa-mais-woke-da-historia-por-paulo-figueiredo","status":"publish","type":"post","link":"https:\/\/tvbrazilusa.com\/pt\/2025\/04\/24\/francisco-nao-era-santo-veja-a-retrospectiva-do-papa-mais-woke-da-historia-por-paulo-figueiredo\/","title":{"rendered":"Francisco N\u00c3O ERA santo&#8230; veja a retrospectiva do Papa mais Woke da hist\u00f3ria por Paulo Figueiredo"},"content":{"rendered":"<p><iframe  width=\"580\" height=\"385\" src=\"https:\/\/www.youtube.com\/embed\/IM3ZhXrhMD8?modestbranding=1\" frameborder=\"0\" allowfullscreen><\/iframe><br \/>\n<br \/>Para conferir esse v\u00eddeo completo, acesse nosso website e clique no link do menu &#8220;Ao vivo&#8221; ou baixe nosso app e clique no link &#8220;TV&#8221; para assistir a TV online.<\/p>\n<p>Assista nossa programa\u00e7\u00e3o 24 horas por dia:<\/p>\n<p>Para ajudar a manter nossos projetos online, se inscrevam em nosso canal de cortes e confiram nosso conte\u00fado por l\u00e1. Lembrando que perdemos nossa monetiza\u00e7\u00e3o e essa \u00e9 uma forma de nos ajudar. <\/p>\n<p>Baixe aqui nosso aplicativo totalmente gr\u00e1tis!<\/p>\n<p>Android e IOS<\/p>\n<p>Agora temos um canal exclusivo da TV Brazil USA na plataforma:<\/p>\n<p>Inscrevam-se para nao perder nada. 24 horas ao vivo!<br \/>\n<br \/><a href=\"https:\/\/www.youtube.com\/watch?v=IM3ZhXrhMD8\">source<\/a><\/p>","protected":false},"excerpt":{"rendered":"<p>Para conferir esse v\u00eddeo completo, acesse nosso website e clique no link do menu &#8220;Ao vivo&#8221; ou baixe nosso app e clique no link &#8220;TV&#8221; para assistir a TV online.&hellip;<\/p>","protected":false},"author":1,"featured_media":117328,"comment_status":"","ping_status":"open","sticky":false,"template":"","format":"standard","meta":{"content-type":"","footnotes":""},"categories":[18],"tags":[],"class_list":["post-117327","post","type-post","status-publish","format-standard","has-post-thumbnail","hentry","category-paulo-figueiredo"],"_links":{"self":[{"href":"https:\/\/tvbrazilusa.com\/pt\/wp-json\/wp\/v2\/posts\/117327","targetHints":{"allow":["GET"]}}],"collection":[{"href":"https:\/\/tvbrazilusa.com\/pt\/wp-json\/wp\/v2\/posts"}],"about":[{"href":"https:\/\/tvbrazilusa.com\/pt\/wp-json\/wp\/v2\/types\/post"}],"author":[{"embeddable":true,"href":"https:\/\/tvbrazilusa.com\/pt\/wp-json\/wp\/v2\/users\/1"}],"replies":[{"embeddable":true,"href":"https:\/\/tvbrazilusa.com\/pt\/wp-json\/wp\/v2\/comments?post=117327"}],"version-history":[{"count":0,"href":"https:\/\/tvbrazilusa.com\/pt\/wp-json\/wp\/v2\/posts\/117327\/revisions"}],"wp:featuredmedia":[{"embeddable":true,"href":"https:\/\/tvbrazilusa.com\/pt\/wp-json\/wp\/v2\/media\/117328"}],"wp:attachment":[{"href":"https:\/\/tvbrazilusa.com\/pt\/wp-json\/wp\/v2\/media?parent=117327"}],"wp:term":[{"taxonomy":"category","embeddable":true,"href":"https:\/\/tvbrazilusa.com\/pt\/wp-json\/wp\/v2\/categories?post=117327"},{"taxonomy":"post_tag","embeddable":true,"href":"https:\/\/tvbrazilusa.com\/pt\/wp-json\/wp\/v2\/tags?post=117327"}],"curies":[{"name":"wp","href":"https:\/\/api.w.org\/{rel}","templated":true}]}}