{"id":117332,"date":"2025-04-24T14:05:28","date_gmt":"2025-04-24T14:05:28","guid":{"rendered":"https:\/\/tvbrazilusa.com\/2025\/04\/24\/um-pouco-de-alegria-marinheiro-do-ano-jacksonville-hoje\/"},"modified":"2025-04-24T14:06:58","modified_gmt":"2025-04-24T14:06:58","slug":"um-pouco-de-alegria-marinheiro-do-ano-jacksonville-hoje","status":"publish","type":"post","link":"https:\/\/tvbrazilusa.com\/pt\/2025\/04\/24\/um-pouco-de-alegria-marinheiro-do-ano-jacksonville-hoje\/","title":{"rendered":"Um pouco de alegria | Marinheiro do ano | Jacksonville hoje"},"content":{"rendered":"<p> <script async src=\"https:\/\/pagead2.googlesyndication.com\/pagead\/js\/adsbygoogle.js?client=ca-pub-8864793242727901\"\r\n     crossorigin=\"anonymous\"><\/script><br \/>\n<\/p>\n<div>\n<p>A Marinha dos EUA reconheceu recentemente um sensacional marinheiro local por seu trabalho enquanto implantou no USS New Orleans no Pac\u00edfico. O companheiro de eletricista da 2\u00aa classe Sarah Svejkovsky, de Jacksonville, foi nomeado Sailor do ano em uma cerim\u00f4nia em Sasebo, Jap\u00e3o, no in\u00edcio deste m\u00eas. O pr\u00eamio homenageia os marinheiros que melhor representam os ideais da Marinha enquanto servem seu pa\u00eds.<\/p>\n<\/div>\n<p><br \/>\n<br \/><a href=\"https:\/\/jaxtoday.org\/2025\/04\/24\/bit-of-joy-sailor-of-the-year\/\">Source link <\/a><\/p>","protected":false},"excerpt":{"rendered":"<p>A Marinha dos EUA reconheceu recentemente um sensacional marinheiro local por seu trabalho enquanto implantou no USS New Orleans no Pac\u00edfico. O companheiro de eletricista da 2\u00aa classe Sarah Svejkovsky,&hellip;<\/p>","protected":false},"author":1,"featured_media":117333,"comment_status":"closed","ping_status":"open","sticky":false,"template":"","format":"standard","meta":{"content-type":"","footnotes":""},"categories":[1],"tags":[],"class_list":["post-117332","post","type-post","status-publish","format-standard","has-post-thumbnail","hentry","category-uncategorized"],"_links":{"self":[{"href":"https:\/\/tvbrazilusa.com\/pt\/wp-json\/wp\/v2\/posts\/117332","targetHints":{"allow":["GET"]}}],"collection":[{"href":"https:\/\/tvbrazilusa.com\/pt\/wp-json\/wp\/v2\/posts"}],"about":[{"href":"https:\/\/tvbrazilusa.com\/pt\/wp-json\/wp\/v2\/types\/post"}],"author":[{"embeddable":true,"href":"https:\/\/tvbrazilusa.com\/pt\/wp-json\/wp\/v2\/users\/1"}],"replies":[{"embeddable":true,"href":"https:\/\/tvbrazilusa.com\/pt\/wp-json\/wp\/v2\/comments?post=117332"}],"version-history":[{"count":1,"href":"https:\/\/tvbrazilusa.com\/pt\/wp-json\/wp\/v2\/posts\/117332\/revisions"}],"predecessor-version":[{"id":117334,"href":"https:\/\/tvbrazilusa.com\/pt\/wp-json\/wp\/v2\/posts\/117332\/revisions\/117334"}],"wp:featuredmedia":[{"embeddable":true,"href":"https:\/\/tvbrazilusa.com\/pt\/wp-json\/wp\/v2\/media\/117333"}],"wp:attachment":[{"href":"https:\/\/tvbrazilusa.com\/pt\/wp-json\/wp\/v2\/media?parent=117332"}],"wp:term":[{"taxonomy":"category","embeddable":true,"href":"https:\/\/tvbrazilusa.com\/pt\/wp-json\/wp\/v2\/categories?post=117332"},{"taxonomy":"post_tag","embeddable":true,"href":"https:\/\/tvbrazilusa.com\/pt\/wp-json\/wp\/v2\/tags?post=117332"}],"curies":[{"name":"wp","href":"https:\/\/api.w.org\/{rel}","templated":true}]}}