{"id":117368,"date":"2025-04-24T21:44:01","date_gmt":"2025-04-24T21:44:01","guid":{"rendered":"https:\/\/tvbrazilusa.com\/2025\/04\/24\/a-uf-procurara-us-50-milhoes-a-mais-de-jacksonville-para-o-campus-de-pos-graduacao-jacksonville-hoje\/"},"modified":"2025-04-24T21:52:24","modified_gmt":"2025-04-24T21:52:24","slug":"a-uf-procurara-us-50-milhoes-a-mais-de-jacksonville-para-o-campus-de-pos-graduacao-jacksonville-hoje","status":"publish","type":"post","link":"https:\/\/tvbrazilusa.com\/pt\/2025\/04\/24\/a-uf-procurara-us-50-milhoes-a-mais-de-jacksonville-para-o-campus-de-pos-graduacao-jacksonville-hoje\/","title":{"rendered":"A UF procurar\u00e1 US $ 50 milh\u00f5es a mais de Jacksonville para o campus de p\u00f3s -gradua\u00e7\u00e3o | Jacksonville hoje"},"content":{"rendered":"<p> <script async src=\"https:\/\/pagead2.googlesyndication.com\/pagead\/js\/adsbygoogle.js?client=ca-pub-8864793242727901\"\r\n     crossorigin=\"anonymous\"><\/script><br \/>\n<\/p>\n<div>\n<p>A Universidade da Fl\u00f3rida quer um acordo com o Conselho da Cidade para o proposto campus de p\u00f3s -gradua\u00e7\u00e3o em LaVilla assinado at\u00e9 o final de junho &#8211; um acordo que incluir\u00e1 direitos \u00e0 terra para iniciar a constru\u00e7\u00e3o e outros US $ 50 milh\u00f5es para levar o Instituto de Semicondutores da escola a Jacksonville. <\/p>\n<p>Funcion\u00e1rios da UF e da Autoridade de Investimentos do Downtown da cidade divulgaram novas renderiza\u00e7\u00f5es conceituais, proje\u00e7\u00f5es de inscri\u00e7\u00e3o e uma lista mais longa de programas de p\u00f3s-gradua\u00e7\u00e3o na quarta-feira do que poderia ser um plano de 20 anos para construir o campus de gradua\u00e7\u00e3o em lavilla de 23.2 acres. <\/p>\n<p>O Conselho prometeu seus primeiros US $ 50 milh\u00f5es ao projeto em mar\u00e7o de 2023 nos meses finais do segundo mandato do ent\u00e3o prejudicial Lenny Curry. Foi comparado com US $ 50 milh\u00f5es em capta\u00e7\u00e3o de recursos privados e US $ 50 milh\u00f5es pelo estado, que subiu desde US $ 150 milh\u00f5es.<\/p>\n<p>A nova solicita\u00e7\u00e3o de US $ 50 milh\u00f5es \u00e9 ajudar a garantir que o Instituto Semicondutor localize -se em Jacksonville. <\/p>\n<p>A CEO da Dia da Dia da Dia da Cidade disse aos membros do Conselho da Cidade que participaram do workshop de &#8220;Brunch e Aprender&#8221; na quarta -feira que a administra\u00e7\u00e3o da UF e a prefeita Donna Deegan ainda est\u00e1 negociando pe\u00e7as do contrato de reconstru\u00e7\u00e3o, mas ela pretende arquivar legisla\u00e7\u00e3o ao Conselho em 21 de maio para aprovar o acordo imobili\u00e1rio e o impulso de US $ 50 milh\u00f5es da cidade at\u00e9 24 de junho. <\/p>\n<p>A considera\u00e7\u00e3o do conselho da proposta mais ampla da UF se sobrepor\u00e1 \u00e0 decis\u00e3o sobre a compra do antigo site da Interline Brands na West Bay Street da Gateway Jax Inc. para que a universidade possa iniciar aulas de p\u00f3s -gradua\u00e7\u00e3o no outono ou fazer uma negocia\u00e7\u00e3o por 1 hectare de terras p\u00fablicas em Riverfront Plaza.<\/p>\n<p>O presidente do Conselho de Administra\u00e7\u00e3o da UF, Mori Hosseini, que ajudou a liderar o workshop na prefeitura, diz que o pedido da cidade para dobrar seu investimento em dinheiro no campus ocorre depois que a legislatura estadual aprovou US $ 80 milh\u00f5es para o Instituto de Semicondutores da Fl\u00f3rida no ano passado, como parte do or\u00e7amento do ano fiscal 2024-25.<\/p>\n<p>Ele diz que a UF olhou para a revitaliza\u00e7\u00e3o que Phoenix viu no centro da cidade depois que o Estado do Arizona se expandiu e a Water Street de Tampa ap\u00f3s uma expans\u00e3o separada da UF como modelos do que poderia acontecer em Lavilla. <\/p>\n<p>\u201cIsso nos ajudar\u00e1 como a universidade a estar em uma cidade grande. Isso ajudar\u00e1 a cidade de Jacksonville. <\/p>\n<figure class=\"wp-block-image size-large\"><figcaption class=\"wp-element-caption\">O novo campus da Universidade da Fl\u00f3rida, em Jacksonville, incluir\u00e1 o Instituto Semicondutor da Fl\u00f3rida. <\/figcaption><\/figure>\n<p>O Instituto Semicondutor seria alojado em um edif\u00edcio avan\u00e7ado de tecnologia avan\u00e7ado de US $ 45 milh\u00f5es, um dos dois edif\u00edcios que seriam constru\u00eddos durante a fase um do campus de p\u00f3s -gradua\u00e7\u00e3o, os planos divulgados quarta -feira.<\/p>\n<p>Os funcion\u00e1rios da UF dizem que o apetite atual dos l\u00edderes pol\u00edticos em Washington para fabricar semicondutores nos EUA mostra a necessidade imediata de treinar os alunos para esse setor.<\/p>\n<p>David Norton,<strong> <\/strong>O vice -presidente de pesquisa no Escrit\u00f3rio de Pesquisa da UF, diz que a seguran\u00e7a nacional \u00e9 o setor que dar\u00e1 longevidade ao Instituto e que a presen\u00e7a militar existente de Jacksonville o torna um bom lar para o programa.<\/p>\n<p>\u201c\u00c9 nessa \u00e1rea que essa atividade com Jacksonville est\u00e1 posicionada a longo prazo, alavancando o investimento de semicondutores para onde podemos criar algo exclusivo para Jacksonville-alavancando os ativos de defesa que est\u00e3o aqui nesta regi\u00e3o, alavancando o fato de que voc\u00ea tem um aeroporto de um servi\u00e7o de companhia a\u00e9rea diretamente para o Washington, que n\u00e3o h\u00e1 muito tempo, por mais tempo que voc\u00ea tem um tempo nacional, por mais tempo que voc\u00ea tenha um longo per\u00edodo de foco, por mais tempo que voc\u00ea tenha um longo per\u00edodo de foco, por mais tempo que voc\u00ea tenha um longo per\u00edodo de foco, por mais tempo que voc\u00ea tenha um longo per\u00edodo de foco, por mais tempo que voc\u00ea tenha um longo per\u00edodo de foco, por mais tempo que voc\u00ea tenha um longo n\u00famero de termos de seguran\u00e7a nacional, por mais tempo que voc\u00ea tem um longo tempo, o que voc\u00ea tem um longo n\u00famero de lados por um tempo nacional.<\/p>\n<h3 class=\"wp-block-heading\">Linha do tempo de 20 anos<\/h3>\n<p>Os documentos finais n\u00e3o est\u00e3o conclu\u00eddos, mas o DIA diz que o contrato de desenvolvimento que deve ir ao conselho em maio daria a a\u00e7\u00e3o da UF para o pr\u00e9dio da Interline, um estacionamento de superf\u00edcie de 2,36 acres apenas a leste na Bay Street e um lote vago de 1,22 acres atualmente usado como estacionamento auxiliar para o Centro de Transporte Regional de Jacksonville. <\/p>\n<p>Ele tamb\u00e9m inclui uma op\u00e7\u00e3o para a UF adquirir a hist\u00f3rica esta\u00e7\u00e3o de trem em LaVilla e o Centro de Conven\u00e7\u00f5es e Estacionamento Connected Prime Osborne e estacionamento dentro de cinco anos. A op\u00e7\u00e3o de desenvolver esses sites expiraria em 20 anos.<\/p>\n<p>Essas quatro propriedades foram avaliadas em US $ 28,29 milh\u00f5es, segundo o DIA, acrescentando quase US $ 30 milh\u00f5es em terras doadas aos US $ 50 milh\u00f5es esperados na legisla\u00e7\u00e3o.<\/p>\n<p>Boyer disse que a UF n\u00e3o come\u00e7aria a desenvolver essas pe\u00e7as at\u00e9 que a primeira fase fosse competir e estabelecida. A esta\u00e7\u00e3o de trem incluiria o varejo no t\u00e9rreo com estabelecimentos de alimentos e bebidas para apoiar os alunos, mas tamb\u00e9m seria aberto ao p\u00fablico, disse ela.<\/p>\n<p>&#8220;Depois que eles come\u00e7am a ter um campus robusto, com v\u00e1rios estudantes aqui, estamos entrando nessa faixa de 1.500 estudantes, voc\u00ea certamente precisa dos estabelecimentos de comida e bebida nas proximidades, voc\u00ea precisa dessa ativa\u00e7\u00e3o em Lavilla, e \u00e9 isso que eles imaginam ter no pr\u00e9dio da esta\u00e7\u00e3o de trem&#8221;, disse Boyer.<\/p>\n<figure class=\"wp-block-image size-large\"><img loading=\"lazy\" color=\"e6e7e7\" transparency=\"false\" style=\"--dominant-color: #e6e7e7;\" decoding=\"async\" width=\"1024\" height=\"546\" src=\"https:\/\/jaxtoday.org\/wp-content\/uploads\/2025\/04\/Enrollment-1024x546.jpg\" alt=\"\" class=\"not-transparent wp-image-92604\" srcset=\"https:\/\/jaxtoday.org\/wp-content\/uploads\/2025\/04\/Enrollment-1024x546.jpg 1024w, https:\/\/jaxtoday.org\/wp-content\/uploads\/2025\/04\/Enrollment-300x160.jpg 300w, https:\/\/jaxtoday.org\/wp-content\/uploads\/2025\/04\/Enrollment-768x409.jpg 768w, https:\/\/jaxtoday.org\/wp-content\/uploads\/2025\/04\/Enrollment-1536x818.jpg 1536w, https:\/\/jaxtoday.org\/wp-content\/uploads\/2025\/04\/Enrollment-2048x1091.jpg 2048w, https:\/\/jaxtoday.org\/wp-content\/uploads\/2025\/04\/Enrollment-450x240.jpg 450w, https:\/\/jaxtoday.org\/wp-content\/uploads\/2025\/04\/Enrollment-100x53.jpg 100w, https:\/\/jaxtoday.org\/wp-content\/uploads\/2025\/04\/Enrollment-1650x879.jpg 1650w\" sizes=\"auto, (max-width: 1024px) 100vw, 1024px\"\/><figcaption class=\"wp-element-caption\">Captura de tela<\/figcaption><\/figure>\n<p>Alguns membros do conselho se tornaram cada vez mais enjoados quando se trata de premiar incentivos em dinheiro aos desenvolvedores, principalmente para projetos do centro da cidade, pois o auditor do conselho da cidade projetou um quase quase <a href=\"https:\/\/jaxtoday.org\/2025\/03\/10\/duval-doge-council-member-wants-to-tighten-our-belt-with-review-of-jacksonville-spending\/\">Receita de US $ 80 milh\u00f5es<\/a> d\u00e9ficit nos pr\u00f3ximos anos. <\/p>\n<p>Nick Howland, um republicano geral e vice-presidente eleito do conselho, disse \u00e0s autoridades da UF na quarta-feira que v\u00ea o projeto como uma prioridade e prev\u00ea que o Conselho encontrar\u00e1 os US $ 50 milh\u00f5es. Mas ele instou Boyer e sua equipe a examinar e priorizar alguns dos projetos atuais incentivados do DIA e encontrar dinheiro que pode ser transferido para o campus da UF, em vez de retirar qualquer nova receita da cidade.<\/p>\n<p>Os projetos da UF, o campus de LaVilla, ter\u00e3o 685 alunos com uma meta de 1.500 em programas de sete graus at\u00e9 2030; Cerca de 250 empregos operacionais permeados; e 4.000 trabalhos de constru\u00e7\u00e3o nas duas primeiras fases de constru\u00e7\u00e3o do campus.<\/p>\n<p>O membro do conselho Ron Salem compara as perspectivas do campus da UF em LaVilla ao crescimento que a UF Health Jacksonville, ao norte do centro da cidade, experimentou desde os anos 80. <\/p>\n<p>&#8220;Podemos n\u00e3o estar daqui a 50 anos, mas acho que voc\u00ea ver\u00e1 uma transforma\u00e7\u00e3o semelhante no centro da cidade com isso&#8221;, disse Salem.<\/p>\n<h3 class=\"wp-block-heading\">Mais programas, mais alunos<\/h3>\n<p>UF diz o campus de Jacksonville<strong> <\/strong>abrigar\u00e1 mais programas do que a vis\u00e3o original descrita em 2023, focada na tecnologia financeira. A lista divulgada quarta -feira mostra esses programas de mestrado:<\/p>\n<ul class=\"wp-block-list\">\n<li>Um programa profissional de mestrado em um e dois anos em administra\u00e7\u00e3o de empresas<\/li>\n<li>Ci\u00eancia em gest\u00e3o.<\/li>\n<li>AI em ci\u00eancias biom\u00e9dicas e de sa\u00fade.<\/li>\n<li>Gerenciamento de engenharia.<\/li>\n<li>Ci\u00eancia da Computa\u00e7\u00e3o.<\/li>\n<li>Estudos em direito.<\/li>\n<li>Arquitetura.<\/li>\n<li>Programas futuros baseados na demanda do mercado.<\/li>\n<\/ul>\n<p>A \u00faltima linha do tempo de desenvolvimento mostra que um programa de mestrado em arquitetura ser\u00e1 o primeiro a ser lan\u00e7ado no pr\u00e9dio 801 Bay St. em agosto deste ano.<\/p>\n<p>Kurt Dudas, vice-presidente de iniciativas estrat\u00e9gicas da UF no Gabinete do Presidente, disse ao Conselho que o corpo docente ser\u00e1 uma mistura de professores de faixa de posse e professores adjuntos e instrucionais. A UF espera que alguns professores de pesquisa morem em Jacksonville, enquanto outros possam sair de Gainesville. <\/p>\n<p>Hosseini diz que o campus acabaria por sediar programas de doutorado. <\/p>\n<h3 class=\"wp-block-heading\">Comprar ou trocar?<\/h3>\n<p>Antes de os legisladores da cidade votarem no acordo com a UF, duas pe\u00e7as de legisla\u00e7\u00e3o opostas determinar\u00e3o como a cidade adquirir\u00e1 a primeira parte do campus.<\/p>\n<p>Salem tem sido firmemente oposto a um <a href=\"https:\/\/jaxtoday.org\/2025\/04\/01\/city-council-asked-to-weigh-land-swap-and-purchase-of-building-for-uf-campus-in-lavilla\/\">acordo em Landswap<\/a> Com Gateway Jax para a cidade se apropriar do edif\u00edcio da Interline. Ele apresentou <a href=\"https:\/\/jaxcityc.legistar.com\/LegislationDetail.aspx?ID=7317616&#038;GUID=BD2235DB-BD07-402C-B12D-DE8EEA85B60E&#038;Options=Advanced&#038;Search=\" rel=\"nofollow noopener\" target=\"_blank\">sua pr\u00f3pria conta<\/a> Dirigir o escrit\u00f3rio de Deegan para negociar e tornar a Gateway uma oferta em dinheiro limitada a US $ 8 milh\u00f5es. <\/p>\n<p>Mas o projeto de lei do DIA de trocar a terra por um peda\u00e7o da Plaza \u00e0 beira -rio, o ex -Jacksonville Landing, tamb\u00e9m foi apresentado na reuni\u00e3o do conselho da semana passada. A Gateway planeja construir um hotel de 17 andares, condom\u00ednio e edif\u00edcio de varejo no local que se conectaria ao parque p\u00fablico atualmente em constru\u00e7\u00e3o. <\/p>\n<p>O CEO da Gateway, Bryan Moll, disse <em>Jacksonville hoje <\/em>que sua empresa tem um contrato de acesso com a UF para entrar no edif\u00edcio da Interline. Ele disse que o pessoal da universidade est\u00e1 no edif\u00edcio &#8220;v\u00e1rias vezes&#8221;.<\/p>\n<p>&#8220;Temos trabalhado com a UF desde o in\u00edcio, supondo que isso entrar\u00e1 em suas m\u00e3os de uma maneira ou de outra&#8221;, disse Moll. &#8220;E se o acordo n\u00e3o for feito no momento em que eles querem ter estudantes nas salas de aula, vamos deix\u00e1 -los us\u00e1 -lo. Quero dizer, n\u00e3o h\u00e1 raz\u00e3o para que n\u00e3o.&#8221;<\/p>\n<p>&#8220;N\u00f3s nos preocupamos muito com a UF vindo para Jacksonville e ter estudantes na 801 Bay Street, se o acordo nem sequer terminar, eles podem ter estudantes nas salas de aula&#8221;.<\/p>\n<\/div>\n<p><br \/>\n<br \/><a href=\"https:\/\/jaxtoday.org\/2025\/04\/24\/uf-will-seek-50m-more-from-jacksonville-for-graduate-campus\/\">Source link <\/a><\/p>","protected":false},"excerpt":{"rendered":"<p>A Universidade da Fl\u00f3rida quer um acordo com o Conselho da Cidade para o proposto campus de p\u00f3s -gradua\u00e7\u00e3o em LaVilla assinado at\u00e9 o final de junho &#8211; um acordo&hellip;<\/p>","protected":false},"author":1,"featured_media":117369,"comment_status":"closed","ping_status":"open","sticky":false,"template":"","format":"standard","meta":{"content-type":"","footnotes":""},"categories":[1],"tags":[],"class_list":["post-117368","post","type-post","status-publish","format-standard","has-post-thumbnail","hentry","category-uncategorized"],"_links":{"self":[{"href":"https:\/\/tvbrazilusa.com\/pt\/wp-json\/wp\/v2\/posts\/117368","targetHints":{"allow":["GET"]}}],"collection":[{"href":"https:\/\/tvbrazilusa.com\/pt\/wp-json\/wp\/v2\/posts"}],"about":[{"href":"https:\/\/tvbrazilusa.com\/pt\/wp-json\/wp\/v2\/types\/post"}],"author":[{"embeddable":true,"href":"https:\/\/tvbrazilusa.com\/pt\/wp-json\/wp\/v2\/users\/1"}],"replies":[{"embeddable":true,"href":"https:\/\/tvbrazilusa.com\/pt\/wp-json\/wp\/v2\/comments?post=117368"}],"version-history":[{"count":1,"href":"https:\/\/tvbrazilusa.com\/pt\/wp-json\/wp\/v2\/posts\/117368\/revisions"}],"predecessor-version":[{"id":117370,"href":"https:\/\/tvbrazilusa.com\/pt\/wp-json\/wp\/v2\/posts\/117368\/revisions\/117370"}],"wp:featuredmedia":[{"embeddable":true,"href":"https:\/\/tvbrazilusa.com\/pt\/wp-json\/wp\/v2\/media\/117369"}],"wp:attachment":[{"href":"https:\/\/tvbrazilusa.com\/pt\/wp-json\/wp\/v2\/media?parent=117368"}],"wp:term":[{"taxonomy":"category","embeddable":true,"href":"https:\/\/tvbrazilusa.com\/pt\/wp-json\/wp\/v2\/categories?post=117368"},{"taxonomy":"post_tag","embeddable":true,"href":"https:\/\/tvbrazilusa.com\/pt\/wp-json\/wp\/v2\/tags?post=117368"}],"curies":[{"name":"wp","href":"https:\/\/api.w.org\/{rel}","templated":true}]}}