{"id":117383,"date":"2025-04-24T15:29:44","date_gmt":"2025-04-24T15:29:44","guid":{"rendered":"https:\/\/tvbrazilusa.com\/2025\/04\/24\/show-da-manha-inss-governo-lula-e-o-golpe-nos-aposentados-24-04-2025\/"},"modified":"2025-04-24T15:29:44","modified_gmt":"2025-04-24T15:29:44","slug":"show-da-manha-inss-governo-lula-e-o-golpe-nos-aposentados-24-04-2025","status":"publish","type":"post","link":"https:\/\/tvbrazilusa.com\/pt\/2025\/04\/24\/show-da-manha-inss-governo-lula-e-o-golpe-nos-aposentados-24-04-2025\/","title":{"rendered":"SHOW DA MANH\u00c3 &#8211; INSS: GOVERNO LULA E O GOLPE NOS APOSENTADOS\u00a0&#8211;\u00a024\/04\/2025"},"content":{"rendered":"<p><iframe  width=\"580\" height=\"385\" src=\"https:\/\/www.youtube.com\/embed\/AZRpixRyASg?modestbranding=1\" frameborder=\"0\" allowfullscreen><\/iframe><br \/>\n<br \/>Apresentado por Marco Ant\u00f4nio Costa.<br \/>\nConvidados: Douglas Garcia e Eduardo Vieira.<br \/>\nParticipa\u00e7\u00e3o Especial: Adriano Paranaiba.<\/p>\n<p>O Show da Manh\u00e3 vai ao ar de segunda a sexta, das 10h \u00e0s 12h.<\/p>\n<p>\ud83d\udd25NOVIDADES NO FIO DIA\u0301RIO! ASSINE COM 33% OFF NO PLANO ANUAL OU 66% OFF NO DEZ A FIO! \ud83d\udc49 <\/p>\n<p>\ud83d\udd25CAMISETAS FIO DIA\u0301RIO (CUPOM \u201cFIODIARIO10\u201d PARA 10% DE DESCONTO) \ud83d\udc49 <\/p>\n<p>\ud83d\udd25APROVEITE AS PROMOC\u0327O\u0303ES DA LIVRARIA FIO DIA\u0301RIO E NA\u0303O CAIA EM NARRATIVAS! \ud83d\udc49 <\/p>\n<p>Inscreva-se no nosso Canal!<\/p>\n<p>Ou\u00e7a no Spotify: <\/p>\n<p>Siga no Instagram:<\/p>\n<p>Marco Ant\u00f4nio Costa: <\/p>\n<p>Fio Di\u00e1rio: <\/p>\n<p>Revista Timeline:<br \/>\nYouTube:<br \/>\nWhatsApp: <\/p>\n<p>Fabiano Silva (Charges):<br \/>\nInstagram: <\/p>\n<p>PIX: Chave &#8211; 07356828790<br \/>\n(PicPay-Carlos Fabiano\u00a0P\u00a0da\u00a0Silva)<br \/>\n<br \/><a href=\"https:\/\/www.youtube.com\/watch?v=AZRpixRyASg\">source<\/a><\/p>","protected":false},"excerpt":{"rendered":"<p>Apresentado por Marco Ant\u00f4nio Costa. Convidados: Douglas Garcia e Eduardo Vieira. Participa\u00e7\u00e3o Especial: Adriano Paranaiba. O Show da Manh\u00e3 vai ao ar de segunda a sexta, das 10h \u00e0s 12h.&hellip;<\/p>","protected":false},"author":1,"featured_media":117384,"comment_status":"","ping_status":"open","sticky":false,"template":"","format":"standard","meta":{"content-type":"","footnotes":""},"categories":[17],"tags":[33675,146,336,1277,89,557,576,63],"class_list":["post-117383","post","type-post","status-publish","format-standard","has-post-thumbnail","hentry","category-programas","tag-aposentados24042025","tag-golpe","tag-governo","tag-inss","tag-lula","tag-manha","tag-nos","tag-show"],"_links":{"self":[{"href":"https:\/\/tvbrazilusa.com\/pt\/wp-json\/wp\/v2\/posts\/117383","targetHints":{"allow":["GET"]}}],"collection":[{"href":"https:\/\/tvbrazilusa.com\/pt\/wp-json\/wp\/v2\/posts"}],"about":[{"href":"https:\/\/tvbrazilusa.com\/pt\/wp-json\/wp\/v2\/types\/post"}],"author":[{"embeddable":true,"href":"https:\/\/tvbrazilusa.com\/pt\/wp-json\/wp\/v2\/users\/1"}],"replies":[{"embeddable":true,"href":"https:\/\/tvbrazilusa.com\/pt\/wp-json\/wp\/v2\/comments?post=117383"}],"version-history":[{"count":0,"href":"https:\/\/tvbrazilusa.com\/pt\/wp-json\/wp\/v2\/posts\/117383\/revisions"}],"wp:featuredmedia":[{"embeddable":true,"href":"https:\/\/tvbrazilusa.com\/pt\/wp-json\/wp\/v2\/media\/117384"}],"wp:attachment":[{"href":"https:\/\/tvbrazilusa.com\/pt\/wp-json\/wp\/v2\/media?parent=117383"}],"wp:term":[{"taxonomy":"category","embeddable":true,"href":"https:\/\/tvbrazilusa.com\/pt\/wp-json\/wp\/v2\/categories?post=117383"},{"taxonomy":"post_tag","embeddable":true,"href":"https:\/\/tvbrazilusa.com\/pt\/wp-json\/wp\/v2\/tags?post=117383"}],"curies":[{"name":"wp","href":"https:\/\/api.w.org\/{rel}","templated":true}]}}