{"id":11743,"date":"2024-07-29T22:34:06","date_gmt":"2024-07-29T22:34:06","guid":{"rendered":"https:\/\/tvbrazilusa.com\/2024\/07\/29\/itamaraty-orienta-embaixadora-a-nao-ir-a-proclamacao-de-maduro-paulo-figueiredo\/"},"modified":"2024-07-29T22:40:52","modified_gmt":"2024-07-29T22:40:52","slug":"itamaraty-orienta-embaixadora-a-nao-ir-a-proclamacao-de-maduro-paulo-figueiredo","status":"publish","type":"post","link":"https:\/\/tvbrazilusa.com\/pt\/2024\/07\/29\/itamaraty-orienta-embaixadora-a-nao-ir-a-proclamacao-de-maduro-paulo-figueiredo\/","title":{"rendered":"Itamaraty orienta embaixadora a n\u00e3o ir a proclama\u00e7\u00e3o de Maduro &#8211; Paulo Figueiredo"},"content":{"rendered":"<p> <script async src=\"https:\/\/pagead2.googlesyndication.com\/pagead\/js\/adsbygoogle.js?client=ca-pub-8864793242727901\"\r\n     crossorigin=\"anonymous\"><\/script><br \/>\n<\/p>\n<div id=\"wtr-content\" data-bg=\"#FFFFFF\" data-fg=\"#006d91\" data-width=\"25\" data-mute=\"1\" data-fgopacity=\"1.00\" data-mutedopacity=\"0.5\" data-placement=\"bottom\" data-placement-offset=\"0\" data-content-offset=\"262\" data-placement-touch=\"bottom\" data-placement-offset-touch=\"0\" data-transparent=\"\" data-shadow=\"0\" data-touch=\"1\" data-non-touch=\"1\" data-comments=\"0\" data-commentsbg=\"transparent\" data-location=\"page\" data-mutedfg=\"#006d91\" data-endfg=\"#006d91\" data-rtl=\"\">\n<h3 class=\"wp-block-heading\">Gilv\u00e2nia Maria de Oliveira n\u00e3o participa de cerim\u00f4nia que confirma vit\u00f3ria do venezuelano; Brasil aguarda dados completos<\/h3>\n<p>O Itamaraty orientou a embaixadora do pa\u00eds em Caracas, na Venezuela, a n\u00e3o comparecer \u00e0 proclama\u00e7\u00e3o da vit\u00f3ria de Nicol\u00e1s Maduro nesta 2\u00aa feira (29.jul.2024). Gliv\u00e2nia Maria de Oliveira n\u00e3o participou do evento em que Maduro se autodeclarou vencedor da elei\u00e7\u00e3o presidencial no pa\u00eds. O pleito\u00a0foi realizado\u00a0no domingo (28.jul) e reelegeu o venezuelano para novo mandato de 6 anos. O chavista est\u00e1 no poder desde 2013.<\/p>\n<p><em>\u201cFoi um dia hist\u00f3rico. Derrotar o fascismo, os dem\u00f4nios, com a for\u00e7a de Cristo, Bol\u00edvar e Ch\u00e1vez, \u00e9 uma conquista hist\u00f3rica. E o nosso povo fez isso de novo\u201d<\/em>, disse Maduro em uma transmiss\u00e3o ao vivo com a\u00a0CNE\u00a0(Conselho Nacional Eleitoral).<\/p>\n<p>A ordem do governo brasileiro foi porque o pa\u00eds n\u00e3o reconheceu ainda o resultado oficial do pleito. Est\u00e1 preocupado com o respeito a vontade popular venezuelana e avaliar\u00e1 com cautela a publica\u00e7\u00e3o da apura\u00e7\u00e3o completa das urnas para reconhecer ou n\u00e3o\u00a0a vit\u00f3ria de Nicol\u00e1s Maduro\u00a0(Partido Socialista Unido da Venezuela, esquerda).<\/p>\n<p><em>\u201cO governo brasileiro continua acompanhando o desenrolar dos acontecimentos para poder chegar a uma avalia\u00e7\u00e3o baseada em fatos. Como em toda elei\u00e7\u00e3o, tem que haver transpar\u00eancia. O CNE ficou de fornecer as atas que embasam o resultado anunciado\u201d<\/em>, disse Celso Amorim, assessor especial para assuntos internacionais do presidente Luiz In\u00e1cio Lula da Silva (PT),\u00a0em nota.<\/p>\n<p>Amorim tamb\u00e9m declarou que n\u00e3o endossar\u00e1 nenhuma narrativa de fraude.\u00a0<em>\u201c\u00c9 uma situa\u00e7\u00e3o complexa e n\u00f3s queremos apoiar a normaliza\u00e7\u00e3o do processo pol\u00edtico venezuelano\u201d<\/em>, afirmou.<\/p>\n<p>Em nota divulgada nesta 2\u00aa feira (29.jul), o Itamaraty afirma que a publica\u00e7\u00e3o pelo CNE \u00e9 um\u00a0<em>\u201cpasso indispens\u00e1vel para a transpar\u00eancia, credibilidade e legitimidade do resultado do pleito\u201d<\/em>. Tamb\u00e9m saudou o\u00a0<em>\u201ccar\u00e1ter pac\u00edfico\u201d<\/em>\u00a0da elei\u00e7\u00e3o de domingo (28.jul)<\/p>\n<p><strong><a href=\"https:\/\/www.poder360.com.br\/poder-internacional\/itamaraty-orienta-embaixadora-a-nao-ir-a-proclamacao-de-maduro\/\">Source link<\/a><\/strong><\/p>\n<\/div>\n<p><br \/>\n<br \/><a href=\"https:\/\/paulofigueiredoshow.com\/itamaraty-orienta-embaixadora-a-nao-ir-a-proclamacao-de-maduro\/\">Source link <\/a><\/p>","protected":false},"excerpt":{"rendered":"<p>Gilv\u00e2nia Maria de Oliveira n\u00e3o participa de cerim\u00f4nia que confirma vit\u00f3ria do venezuelano; Brasil aguarda dados completos O Itamaraty orientou a embaixadora do pa\u00eds em Caracas, na Venezuela, a n\u00e3o&hellip;<\/p>","protected":false},"author":1,"featured_media":11744,"comment_status":"closed","ping_status":"open","sticky":false,"template":"","format":"standard","meta":{"content-type":"","footnotes":""},"categories":[16],"tags":[123,4205,1589,4206,4207,1101],"class_list":["post-11743","post","type-post","status-publish","format-standard","has-post-thumbnail","hentry","category-noticias","tag-brasil","tag-gilvania-maria-de-oliveira","tag-itamaraty","tag-nao-ir","tag-proclamacao","tag-venezuela"],"_links":{"self":[{"href":"https:\/\/tvbrazilusa.com\/pt\/wp-json\/wp\/v2\/posts\/11743","targetHints":{"allow":["GET"]}}],"collection":[{"href":"https:\/\/tvbrazilusa.com\/pt\/wp-json\/wp\/v2\/posts"}],"about":[{"href":"https:\/\/tvbrazilusa.com\/pt\/wp-json\/wp\/v2\/types\/post"}],"author":[{"embeddable":true,"href":"https:\/\/tvbrazilusa.com\/pt\/wp-json\/wp\/v2\/users\/1"}],"replies":[{"embeddable":true,"href":"https:\/\/tvbrazilusa.com\/pt\/wp-json\/wp\/v2\/comments?post=11743"}],"version-history":[{"count":1,"href":"https:\/\/tvbrazilusa.com\/pt\/wp-json\/wp\/v2\/posts\/11743\/revisions"}],"predecessor-version":[{"id":11745,"href":"https:\/\/tvbrazilusa.com\/pt\/wp-json\/wp\/v2\/posts\/11743\/revisions\/11745"}],"wp:featuredmedia":[{"embeddable":true,"href":"https:\/\/tvbrazilusa.com\/pt\/wp-json\/wp\/v2\/media\/11744"}],"wp:attachment":[{"href":"https:\/\/tvbrazilusa.com\/pt\/wp-json\/wp\/v2\/media?parent=11743"}],"wp:term":[{"taxonomy":"category","embeddable":true,"href":"https:\/\/tvbrazilusa.com\/pt\/wp-json\/wp\/v2\/categories?post=11743"},{"taxonomy":"post_tag","embeddable":true,"href":"https:\/\/tvbrazilusa.com\/pt\/wp-json\/wp\/v2\/tags?post=11743"}],"curies":[{"name":"wp","href":"https:\/\/api.w.org\/{rel}","templated":true}]}}