{"id":117441,"date":"2025-04-25T22:44:00","date_gmt":"2025-04-25T22:44:00","guid":{"rendered":"https:\/\/tvbrazilusa.com\/2025\/04\/25\/governo-lula-recebeu-suspeitos-de-fraudes-no-inss-15-vezes-desde-2023-paulo-figueiredo\/"},"modified":"2025-04-25T23:08:22","modified_gmt":"2025-04-25T23:08:22","slug":"governo-lula-recebeu-suspeitos-de-fraudes-no-inss-15-vezes-desde-2023-paulo-figueiredo","status":"publish","type":"post","link":"https:\/\/tvbrazilusa.com\/pt\/2025\/04\/25\/governo-lula-recebeu-suspeitos-de-fraudes-no-inss-15-vezes-desde-2023-paulo-figueiredo\/","title":{"rendered":"Governo Lula recebeu suspeitos de fraudes no INSS 15 vezes desde 2023 \u2013 Paulo Figueiredo"},"content":{"rendered":"<p> <script async src=\"https:\/\/pagead2.googlesyndication.com\/pagead\/js\/adsbygoogle.js?client=ca-pub-8864793242727901\"\r\n     crossorigin=\"anonymous\"><\/script><br \/>\n<\/p>\n<div id=\"wtr-content\" data-bg=\"#FFFFFF\" data-fg=\"#006d91\" data-width=\"25\" data-mute=\"1\" data-fgopacity=\"1.00\" data-mutedopacity=\"0.5\" data-placement=\"bottom\" data-placement-offset=\"0\" data-content-offset=\"262\" data-placement-touch=\"bottom\" data-placement-offset-touch=\"0\" data-transparent=\"\" data-shadow=\"0\" data-touch=\"1\" data-non-touch=\"1\" data-comments=\"0\" data-commentsbg=\"transparent\" data-location=\"page\" data-mutedfg=\"#006d91\" data-endfg=\"#006d91\" data-rtl=\"\">\n<p>Levantamento considera reuni\u00f5es nos minist\u00e9rios da Previd\u00eancia, do Desenvolvimento Social e no Instituto do Seguro Social. Leia no Poder360.<\/p>\n<p>Representantes dos minist\u00e9rios da Previd\u00eancia Social, do Desenvolvimento Social e do\u00a0INSS\u00a0(Instituto Nacional do Seguro Social) se reuniram pelo menos 15 vezes desde o in\u00edcio do governo\u00a0Lula\u00a0(PT) com\u00a0organiza\u00e7\u00f5es investigadas por desviar R$ 6,3 bilh\u00f5es\u00a0de aposentadorias.<\/p>\n<p>Foram 8 encontros em 2023, 5 em 2024 e 2 em 2025. Os \u00f3rg\u00e3os citados acima foram considerados pelo\u00a0<strong>Poder360<\/strong>\u00a0para o levantamento por estarem respons\u00e1veis ou terem liga\u00e7\u00e3o com algum benef\u00edcio previdenci\u00e1rio ou assistencial.<\/p>\n<p>Os ministros\u00a0Carlos Lupi\u00a0(Previd\u00eancia) e\u00a0Wellington Dias\u00a0(Desenvolvimento Social) e o agora\u00a0ex-presidente do INSS Alessandro Stefanutto\u00a0estiveram em 8 desses encontros com entidades investigadas, como mostra o quadro abaixo:<\/p>\n<figure class=\"wp-block-image\"\/>\n<p>As organiza\u00e7\u00f5es suspeitas de descontos indevidos de aposentados e pensionistas s\u00e3o:<\/p>\n<ul class=\"wp-block-list\">\n<li><strong>AAPB<\/strong>, Associa\u00e7\u00e3o dos Aposentados e Pensionistas do Brasil;<\/li>\n<li><strong>Aapen<\/strong>, Associa\u00e7\u00e3o dos Aposentados e Pensionistas Nacional, anteriormente denominada de ABSP (Associa\u00e7\u00e3o Brasileira dos Servidores P\u00fablicos);<\/li>\n<li><strong>AAPPS Universo<\/strong>, Universo Associa\u00e7\u00e3o dos Aposentados e Pensionistas dos Regimes Geral da Previd\u00eancia Social;<\/li>\n<li><strong>ABCB\/Amar Brasil<\/strong>, clube de benef\u00edcios;<\/li>\n<li><strong>Ambec<\/strong>, Associa\u00e7\u00e3o de Aposentados Mutualista para Benef\u00edcios Coletivos;<\/li>\n<li><strong>Apdap Prev<\/strong>, Associa\u00e7\u00e3o de Prote\u00e7\u00e3o e Defesa dos Direitos dos Aposentados e Pensionistas;<\/li>\n<li><strong>CAAP<\/strong>, Caixa de Assist\u00eancia de Aposentados e Pensionistas do INSS;<\/li>\n<li><strong>Conafer<\/strong>, Confedera\u00e7\u00e3o Nacional dos Agricultores Familiares e Empreendedores Familiares Rurais do Brasil;<\/li>\n<li><strong>Contag<\/strong>, Confedera\u00e7\u00e3o Nacional dos Trabalhadores na Agricultura;<\/li>\n<li><strong>Sindnapi<\/strong>, Sindicato Nacional dos Aposentados, Pensionistas e Idosos da For\u00e7a Sindical;<\/li>\n<li><strong>Unaspub<\/strong>, Uni\u00e3o Nacional de Aux\u00edlio aos Servidores P\u00fablicos.<\/li>\n<\/ul>\n<p>As associa\u00e7\u00f5es e sindicatos elencados foram inclu\u00eddos na investiga\u00e7\u00e3o feita pela\u00a0Pol\u00edcia Federal na opera\u00e7\u00e3o Sem Desconto.<\/p>\n<p>A\u00a0Contag\u00a0(Confedera\u00e7\u00e3o Nacional dos Trabalhadores na Agricultura) foi a entidade suspeita mais recebida pelo governo Lula. Teve representantes em 13 das 15 reuni\u00f5es realizadas com essas organiza\u00e7\u00f5es nos \u00f3rg\u00e3os mapeados. Essa institui\u00e7\u00e3o foi a respons\u00e1vel por reter o maior valor dos aposentados, segundo\u00a0relat\u00f3rio da CGU\u00a0(Controladoria Geral da Uni\u00e3o).<\/p>\n<figure class=\"wp-block-image\"><\/figure>\n<p>Procurada pelo\u00a0<strong>Poder360<\/strong>, a Contag disse ter discutido diversos assuntos pertinentes aos segurados rurais. Informou ter tratado sobre medidas de seguran\u00e7a que deveriam ser adotadas em rela\u00e7\u00e3o aos descontos de mensalidade associativa nos benef\u00edcios previdenci\u00e1rios. Leia ao final da reportagem a \u00edntegra da resposta.<\/p>\n<p>O\u00a0Sindnapi\u00a0(Sindicato Nacional dos Aposentados, Pensionistas e Idosos), que tamb\u00e9m \u00e9 investigado por fraudes, esteve na sede do INSS, em Bras\u00edlia, em 21 de julho de 2023 para uma reuni\u00e3o com Alessandro Stefanutto, \u00e0 \u00e9poca presidente da institui\u00e7\u00e3o. Foi representado por Tonia Galetti, coordenadora do Departamento Jur\u00eddico da organiza\u00e7\u00e3o.<\/p>\n<p>Stefanutto\u00a0deixou o comando do INSS\u00a0na 4\u00aa feira (23.abr.2025) depois de ter sido deflagrada uma opera\u00e7\u00e3o da Pol\u00edcia Federal com a\u00a0CGU\u00a0mirando descontos indevidos de benef\u00edcios previdenci\u00e1rios, principalmente aposentadorias e pens\u00f5es, feitos de 2019 a 2024.<\/p>\n<p>O\u00a0Sindnapi tem como diretor e vice-presidente Jos\u00e9 Ferreira da Silva, conhecido como Frei Chico, irm\u00e3o do presidente Lula.<\/p>\n<p>Em setembro de 2024, a CGU finalizou um relat\u00f3rio sobre uma auditoria que verificou ind\u00edcios de ilegalidades nos descontos associativos dos benef\u00edcios previdenci\u00e1rios. O documento indicou que 97,6% dos aposentados e pensionistas do INSS tiveram descontos diretos n\u00e3o autorizados em seus benef\u00edcios para pagar sindicatos e associa\u00e7\u00f5es.<\/p>\n<p>O \u00f3rg\u00e3o entrevistou 1.273 benefici\u00e1rios de abril a julho de 2024 em todos os Estados do pa\u00eds. Do total, 96% disseram n\u00e3o participar de nenhuma associa\u00e7\u00e3o. O relat\u00f3rio sobre a auditoria s\u00f3 foi divulgado na 4\u00aa feira (23.abr.2025).<\/p>\n<p>De acordo com a CGU, os resultados indicaram a\u00a0<em>\u201cgrande probabilidade\u201d<\/em>\u00a0de os descontos terem sido feitos de maneira indevida e \u00e0 revelia do interesse dos pensionistas.<\/p>\n<p>O \u00f3rg\u00e3o relatou que a auditoria foi feita depois da identifica\u00e7\u00e3o de um aumento s\u00fabito no montante dos descontos para mensalidades associativas realizados na folha de pagamento dos benefici\u00e1rios. Segundo a CGU, em 2022, o valor dos descontos realizados foi de R$ 706,2 milh\u00f5es. Em 2024, o montante mais do que triplicou, chegando a R$ 2,8 bilh\u00f5es.<\/p>\n<p>A controladoria identificou tamb\u00e9m que os pedidos para cancelar os descontos realizados pelos canais de atendimento do INSS cresceram\u00a0<em>\u201cacentuadamente\u201d<\/em>\u00a0a partir de julho de 2023. Em abril de 2024, foram 192 mil solicita\u00e7\u00f5es registradas.<\/p>\n<figure class=\"wp-block-image\"><img decoding=\"async\" src=\"https:\/\/static.poder360.com.br\/2025\/04\/relatorio-cgu-descontos-inss-23-abr-2025-01-3.png\" alt=\"Infogr\u00e1fico sobre valores retidos de aposentados\"\/><\/figure>\n<h4 class=\"wp-block-heading\"><strong>METODOLOGIA<\/strong><\/h4>\n<p>O\u00a0<strong>Poder360<\/strong>\u00a0analisou 739 mil registros de agendas de representantes e funcion\u00e1rios em geral do governo federal de janeiro de 2023 a mar\u00e7o de 2025 (\u00faltimos dados dispon\u00edveis) e isolou os compromissos que tinham no campo\u00a0<em>\u201cassunto principal\u201d<\/em>\u00a0algum representante de organiza\u00e7\u00f5es investigadas pela PF no caso de fraudes no INSS.<\/p>\n<p>Depois, separou os encontros registrados por representantes de minist\u00e9rios da Previd\u00eancia Social, do Desenvolvimento Social e do INSS (Instituto Nacional do Seguro Social) com essas entidades.<\/p>\n<p>O Minist\u00e9rio do Desenvolvimento Social foi considerado no levantamento porque cuida do BPC (Benef\u00edcio de Presta\u00e7\u00e3o Continuada),\u00a0operacionalizado pelo INSS.<\/p>\n<p>\u00c9 poss\u00edvel que outros encontros tenham sido realizados e n\u00e3o tenham sido registrados oficialmente. Reuni\u00f5es com erro de digita\u00e7\u00e3o ou que omitem o nome das entidades tamb\u00e9m n\u00e3o conseguiram ser mapeadas pela reportagem.<\/p>\n<h4 class=\"wp-block-heading\">OUTRO LADO<\/h4>\n<p>O\u00a0<strong>Poder360<\/strong>\u00a0procurou todas as organiza\u00e7\u00f5es recebidas pelo governo, os minist\u00e9rios do Desenvolvimento Social e da Previd\u00eancia e o INSS para que explicassem o que foi tratado em cada uma das reuni\u00f5es.<\/p>\n<p>O INSS disse que a Contag esteve no minist\u00e9rio em 20 de julho de 2023\u00a0<em>\u201cpara tratar de fila do INSS, per\u00edcia m\u00e9dica e estrutura do minist\u00e9rio\u201d<\/em>. Declarou que o encontro com o Sindnapi n\u00e3o foi uma reuni\u00e3o reservada.<\/p>\n<p>J\u00e1 a Contag declarou ter tratado de diversos assuntos, dentre eles as medidas de seguran\u00e7a que deveriam ser adotadas em rela\u00e7\u00e3o aos descontos de mensalidade associativa nos benef\u00edcios previdenci\u00e1rios.<\/p>\n<p><strong>Leia a \u00edntegra da nota da Contag:<\/strong><\/p>\n<p><em>\u201cNesse per\u00edodo, a CONTAG teve\u00a0 v\u00e1rias\u00a0 reuni\u00f5es com o INSS e com o Minist\u00e9rio da Previd\u00eancia Social. Diversos foram os assuntos tratados em tais reuni\u00f5es:<\/em><\/p>\n<p><em>\u201c- Inconsist\u00eancias nas plataformas digitais do INSS (INSS Digital e Meu INSS) que dificultavam e ainda dificultam o atendimento dos segurados rurais em suas demandas previdenci\u00e1rias.<\/em><\/p>\n<p><em>\u201c- \u2060Ajustes no formul\u00e1rio da autodeclara\u00e7\u00e3o eletr\u00f4nica do segurado especial para fins de comprova\u00e7\u00e3o de atividade rural.<\/em><\/p>\n<p><em>\u201c- \u2060Indeferimentos indevidos dos requerimentos de benef\u00edcios previdenci\u00e1rios feitos pelos segurados especiais. Muitos indeferimentos indevidos passaram a ocorrer de forma automatizada ou por an\u00e1lise de servidores.<\/em><\/p>\n<p><em>\u201c- \u2060Problemas com o atendimento da per\u00edcia m\u00e9dica previdenci\u00e1ria nos munic\u00edpios do interior. Dificuldades dos segurados rurais em conseguir\u00a0 o atendimento da per\u00edcia .<\/em><\/p>\n<p><em>\u201c- \u2060Cadastro do segurado especial no CNIS a partir de outras bases de dados governamentais, especialmente em rela\u00e7\u00e3o ao Cadastro da Agricultura Familiar.<\/em><\/p>\n<p><em>\u201c- \u2060Medidas de seguran\u00e7a a serem adotadas em rela\u00e7\u00e3o aos descontos de mensalidade associativa nos benef\u00edcios previdenci\u00e1rios.<\/em><\/p>\n<p><em>\u201c- \u2060Enquadramento previdenci\u00e1rio do agricultor familiar que agroindustrializa a produ\u00e7\u00e3o rural e do cooperativado. Necessidade de mudan\u00e7as na legisla\u00e7\u00e3o.<\/em><\/p>\n<p><em>\u201c- \u2060Habilita\u00e7\u00e3o dos Sindicatos de trabalhadores rurais filiados \u00e0 CONTAG ao Acordo de Coopera\u00e7\u00e3o T\u00e9cnica firmado com o INSS para encaminhar processos de benef\u00edcios atrav\u00e9s do portal\u00a0 INSS Digital.\u00a0<\/em><em>\u00a0<\/em><\/p>\n<p><em>\u201c- \u2060Ferramentas dispon\u00edveis para o desbloqueio dos benef\u00edcios previdenci\u00e1rios para o processamento de desconto de mensalidade associativa considerando as regras e procedimentos estabelecidos\u00a0 pelo INSS que passou a bloquear os benef\u00edcios concedidos a partir de 2020.<\/em><\/p>\n<p><em>\u201c- \u2060Outros assuntos.\u201d<\/em><\/p>\n<h3 class=\"wp-block-heading\"><strong>OPERA\u00c7\u00c3O \u201cSEM DESCONTO\u201d<\/strong><\/h3>\n<p>A PF deflagrou na 4\u00aa feira (23.abr) a\u00a0opera\u00e7\u00e3o Sem Desconto\u00a0para investigar um esquema de descontos indevidos em aposentadorias e pens\u00f5es do\u00a0INSS. A opera\u00e7\u00e3o cumpriu 211 mandados judiciais de busca e apreens\u00e3o e 6 mandados de pris\u00e3o tempor\u00e1ria no Distrito Federal e em 13 Estados.<\/p>\n<p>De acordo com a PF, a investiga\u00e7\u00e3o identificou a exist\u00eancia de irregularidades relacionadas aos descontos de mensalidades associativas aplicados sobre os benef\u00edcios previdenci\u00e1rios, principalmente aposentadorias e pens\u00f5es, concedidos pelo INSS.<\/p>\n<p>O governo informou que em 2023 a CGU deu in\u00edcio a uma s\u00e9rie de apura\u00e7\u00f5es sobre o aumento do n\u00famero de entidades e dos valores descontados dos aposentados. A partir desse processo, foram feitas auditorias em 29 entidades que tinham ACTs (Acordos de Coopera\u00e7\u00e3o T\u00e9cnica) com o INSS. Tamb\u00e9m foram realizadas entrevistas com 1.300 aposentados que tinham descontos em folha de pagamento.<\/p>\n<p>Segundo o governo, a CGU identificou que as entidades n\u00e3o tinham estrutura operacional para prestar os servi\u00e7os que ofereciam aos benefici\u00e1rios e que, dos entrevistados, a maioria n\u00e3o havia autorizado os descontos. A Controladoria tamb\u00e9m identificou que 70% das 29 entidades analisadas n\u00e3o tinham entregado a documenta\u00e7\u00e3o completa ao INSS.<\/p>\n<p>Na opera\u00e7\u00e3o, 6 pessoas foram afastadas de suas fun\u00e7\u00f5es. Entre elas,\u00a0o ent\u00e3o presidente do INSS (Instituto Nacional do Seguro Social), Alessandro Stefanutto.<\/p>\n<p>Eis a lista das pessoas que foram afastadas de seus cargos no INSS:<\/p>\n<ul class=\"wp-block-list\">\n<li><strong>Alessandro Stefanutto<\/strong>\u00a0\u2013 presidente (que depois pediu demiss\u00e3o);<\/li>\n<li><strong>Virg\u00edlio Ribeiro de Oliveira Filho<\/strong>\u00a0\u2013 procurador-geral do INSS;<\/li>\n<li><strong>Vanderlei Barbosa dos Santos \u2013<\/strong>\u00a0diretor de Benef\u00edcios junto ao Cidad\u00e3o;<\/li>\n<li><strong>Giovani Batista Fassarella Spiecker<\/strong>\u00a0\u2013 coordenador-geral de Suporte ao Atendimento ao Cliente;<\/li>\n<li><strong>Jucimar Fonseca da Silva<\/strong>\u00a0\u2013 coordenador-geral de Pagamentos e Benef\u00edcios;<\/li>\n<li><strong>policial federal<\/strong>\u00a0\u2013 identidade n\u00e3o foi divulgada.<\/li>\n<\/ul>\n<p><strong>Os crimes em investiga\u00e7\u00e3o s\u00e3o:<\/strong><\/p>\n<ul class=\"wp-block-list\">\n<li>corrup\u00e7\u00e3o ativa e passiva;<\/li>\n<li>viola\u00e7\u00e3o de sigilo funcional;<\/li>\n<li>falsifica\u00e7\u00e3o de documento;<\/li>\n<li>organiza\u00e7\u00e3o criminosa;<\/li>\n<li>lavagem de capitais.<\/li>\n<\/ul>\n<p>A PF informou que apreendeu carros de luxo, dinheiro em esp\u00e9cie, joias e quadros. Os valores totais e a quantidade exata ainda est\u00e3o em levantamento.<\/p>\n<p>Mais cedo no mesmo dia, \u00e0s 6h30, o diretor-geral da PF, Andrei Rodrigues, e o ministro da CGU, Vin\u00edcius de Carvalho, se reuniram com o presidente Luiz In\u00e1cio Lula da Silva (PT) no Pal\u00e1cio da Alvorada para explicar a opera\u00e7\u00e3o e as medidas adotadas.<\/p>\n<p>Eis algumas informa\u00e7\u00f5es esclarecidas pelo governo:<\/p>\n<ol class=\"wp-block-list\">\n<li><strong>Como funciona o desconto de mensalidades?<br \/><\/strong><em>As entidades de classe, como associa\u00e7\u00f5es e sindicatos, formalizam Acordos de Coopera\u00e7\u00e3o T\u00e9cnica com o INSS (Instituto Nacional do Seguro Social). Esses acordos permitem que as entidades realizem descontos de mensalidades associativas diretamente na folha de pagamento dos benefici\u00e1rios do INSS, desde que autorizados pelos aposentados e pensionistas.<\/em><\/li>\n<li><strong>Autoriza\u00e7\u00e3o do benefici\u00e1rio<br \/><\/strong><em>Para que o desconto seja realizado, a entidade precisa da autoriza\u00e7\u00e3o expressa e individual de cada benefici\u00e1rio para realizar o desconto de sua mensalidade associativa. Na investiga\u00e7\u00e3o, foram identificadas, por\u00e9m, a aus\u00eancia de verifica\u00e7\u00e3o rigorosa dessa autoriza\u00e7\u00e3o e a possibilidade de falsifica\u00e7\u00e3o de documentos de filia\u00e7\u00e3o e autoriza\u00e7\u00e3o.<\/em><\/li>\n<\/ol>\n<h4 class=\"wp-block-heading\"><strong>Medidas adotadas<\/strong><\/h4>\n<p>O governo determinou a suspens\u00e3o dos Acordos de Coopera\u00e7\u00e3o T\u00e9cnica das entidades associadas ao INSS e, consequentemente, dos descontos feitos nas folhas de pagamentos de aposentados e pensionistas.<\/p>\n<p>De acordo com o governo, 11 entidades associadas foram alvo de medidas judiciais.<strong>\u00a0Leia abaixo quais s\u00e3o e o ano em que o acordo com o INSS foi firmado:<\/strong><\/p>\n<ul class=\"wp-block-list\">\n<li><strong>AAPB<\/strong>\u00a0(2021);<\/li>\n<li><strong>Aapen<\/strong>\u00a0(anteriormente denominada ABSP) (2023);<\/li>\n<li><strong>AAPPS<\/strong>\u00a0Universo (2022);<\/li>\n<li><strong>ABCB\/Amar Brasil<\/strong>\u00a0(2022);<\/li>\n<li><strong>Ambec<\/strong>\u00a0(2017);<\/li>\n<li><strong>APDAP Prev<\/strong>\u00a0(anteriormente denominada Acolher) (2022);<\/li>\n<li><strong>Caap<\/strong>\u00a0(2022);<\/li>\n<li><strong>Conafer<\/strong>\u00a0(2017);<\/li>\n<li><strong>Contag<\/strong>\u00a0(1994);<\/li>\n<li><strong>Unaspub<\/strong>\u00a0(2022);<\/li>\n<li><strong>Sindnapi<\/strong>\u00a0(2014).<\/li>\n<\/ul>\n<p>Segundo o governo, os aposentados e pensionistas do INSS que identificarem desconto indevido de mensalidade associativa no extrato de pagamentos (contracheque) podem pedir a exclus\u00e3o do d\u00e9bito de forma autom\u00e1tica pelo aplicativo ou site \u201cMeu INSS\u201d.<\/p>\n<p>Cr\u00e9dito<strong><a rel=\"nofollow\" target=\"_blank\" href=\"https:\/\/www.poder360.com.br\/poder-governo\/governo-lula-recebeu-suspeitos-de-fraudes-no-inss-15-vezes-desde-2023\/\"> Poder360<\/a><\/strong><\/p>\n<\/div>\n<p><br \/>\n<br \/><a href=\"https:\/\/tvfloridausa.com\/2025\/04\/25\/governo-lula-recebeu-suspeitos-de-fraudes-no-inss-15-vezes-desde-2023-paulo-figueiredo\/\">Source link <\/a><\/p>","protected":false},"excerpt":{"rendered":"<p>Levantamento considera reuni\u00f5es nos minist\u00e9rios da Previd\u00eancia, do Desenvolvimento Social e no Instituto do Seguro Social. Leia no Poder360. Representantes dos minist\u00e9rios da Previd\u00eancia Social, do Desenvolvimento Social e do\u00a0INSS\u00a0(Instituto&hellip;<\/p>","protected":false},"author":1,"featured_media":117442,"comment_status":"closed","ping_status":"open","sticky":false,"template":"","format":"standard","meta":{"content-type":"","footnotes":""},"categories":[22],"tags":[],"class_list":["post-117441","post","type-post","status-publish","format-standard","has-post-thumbnail","hentry","category-tv-florida-usa"],"_links":{"self":[{"href":"https:\/\/tvbrazilusa.com\/pt\/wp-json\/wp\/v2\/posts\/117441","targetHints":{"allow":["GET"]}}],"collection":[{"href":"https:\/\/tvbrazilusa.com\/pt\/wp-json\/wp\/v2\/posts"}],"about":[{"href":"https:\/\/tvbrazilusa.com\/pt\/wp-json\/wp\/v2\/types\/post"}],"author":[{"embeddable":true,"href":"https:\/\/tvbrazilusa.com\/pt\/wp-json\/wp\/v2\/users\/1"}],"replies":[{"embeddable":true,"href":"https:\/\/tvbrazilusa.com\/pt\/wp-json\/wp\/v2\/comments?post=117441"}],"version-history":[{"count":1,"href":"https:\/\/tvbrazilusa.com\/pt\/wp-json\/wp\/v2\/posts\/117441\/revisions"}],"predecessor-version":[{"id":117443,"href":"https:\/\/tvbrazilusa.com\/pt\/wp-json\/wp\/v2\/posts\/117441\/revisions\/117443"}],"wp:featuredmedia":[{"embeddable":true,"href":"https:\/\/tvbrazilusa.com\/pt\/wp-json\/wp\/v2\/media\/117442"}],"wp:attachment":[{"href":"https:\/\/tvbrazilusa.com\/pt\/wp-json\/wp\/v2\/media?parent=117441"}],"wp:term":[{"taxonomy":"category","embeddable":true,"href":"https:\/\/tvbrazilusa.com\/pt\/wp-json\/wp\/v2\/categories?post=117441"},{"taxonomy":"post_tag","embeddable":true,"href":"https:\/\/tvbrazilusa.com\/pt\/wp-json\/wp\/v2\/tags?post=117441"}],"curies":[{"name":"wp","href":"https:\/\/api.w.org\/{rel}","templated":true}]}}