{"id":117484,"date":"2025-04-24T12:34:38","date_gmt":"2025-04-24T12:34:38","guid":{"rendered":"https:\/\/tvbrazilusa.com\/2025\/04\/24\/essas-duas-doencas-infecciosas-ligadas-a-taxas-de-vacinacao-em-declinio-o-que-saber-na-fl\/"},"modified":"2025-04-26T16:46:26","modified_gmt":"2025-04-26T16:46:26","slug":"essas-duas-doencas-infecciosas-ligadas-a-taxas-de-vacinacao-em-declinio-o-que-saber-na-fl","status":"publish","type":"post","link":"https:\/\/tvbrazilusa.com\/pt\/2025\/04\/24\/essas-duas-doencas-infecciosas-ligadas-a-taxas-de-vacinacao-em-declinio-o-que-saber-na-fl\/","title":{"rendered":"Essas duas doen\u00e7as infecciosas ligadas a taxas de vacina\u00e7\u00e3o em decl\u00ednio: o que saber na FL"},"content":{"rendered":"<p> <script async src=\"https:\/\/pagead2.googlesyndication.com\/pagead\/js\/adsbygoogle.js?client=ca-pub-8864793242727901\"\r\n     crossorigin=\"anonymous\"><\/script><br \/>\n<\/p>\n<div>\n<p>FLORIDA &#8211; Um surto de sarampo em andamento pode ser o \u201ccan\u00e1rio na mina de carv\u00e3o\u201d sinalizando os perigos de sa\u00fade p\u00fablica \u00e0 medida que a hesita\u00e7\u00e3o da vacina cresce, de acordo com um novo relat\u00f3rio do site de jornalismo investigativo <a href=\"https:\/\/www.propublica.org\/article\/whooping-cough-measles-outbreak-vaccine-hesitancy-trump?utm_source=sailthru&#038;utm_medium=email&#038;utm_campaign=majorinvestigations&#038;utm_content=feature\" rel=\"nofollow\" target=\"_blank\">ProPublica<\/a>. <\/p>\n<\/div>\n<div>\n<p>As taxas de picante de coqueluche &#8211; ou taxas de tosse convulsa, juntamente com a menor cobertura da vacina &#8211; s\u00e3o mais um sino de um retorno de doen\u00e7as infantis, disse o relat\u00f3rio do ProPublica. Como o sarampo, a tosse convulsa \u00e9 evit\u00e1vel pela vacina.<\/p>\n<p>A Fl\u00f3rida \u00e9 um dos 39 estados em que as taxas de vacinas do sarampo ca\u00edram abaixo das taxas de imunidade do rebanho em 2023, de acordo com o relat\u00f3rio.<\/p>\n<\/div>\n<div>\n<p>A maioria dos estados viu as taxas de vacina\u00e7\u00e3o contra a coqueluche ca\u00edrem entre 2013 e 2023, de acordo com o relat\u00f3rio do ProPublica. A Fl\u00f3rida est\u00e1 entre eles.<\/p>\n<p>&#8220;Isso n\u00e3o \u00e9 apenas sarampo&#8221;, Dr. Adam Ratner, um m\u00e9dico de doen\u00e7as infecciosas pedi\u00e1tricas na cidade de Nova York e autora do livro &#8220;Shots Booster: as li\u00e7\u00f5es urgentes do sarampo e o futuro incerto da sa\u00fade das crian\u00e7as&#8221;, disse ao Propublica, &#8220;\u00e9 uma luz de aviso brilhante&#8221;.<\/p>\n<\/div>\n<div>\n<p>Casos de <a href=\"https:\/\/www.cdc.gov\/pertussis\/php\/surveillance\/index.html\" rel=\"nofollow\" target=\"_blank\">pertussis<\/a>a doen\u00e7a que causa os intensos feiti\u00e7os de tosse \u00e9 conhecida, disparada por mais de 1.500 % em todo o pa\u00eds desde que atingiu um recorde baixo durante a pandemia, de acordo com o Propublica, que usou dados dos Centros de Controle e Preven\u00e7\u00e3o de Doen\u00e7as. <\/p>\n<p>A coqueluche pode ser fatal em beb\u00eas e crian\u00e7as pequenas, levando \u00e0 pneumonia, faz uma pausa em respira\u00e7\u00e3o, desidrata\u00e7\u00e3o e at\u00e9 danos cerebrais. Em m\u00e9dia, entre duas e quatro pessoas por ano morrem de tosse convulsa. No ano passado, 10 pessoas morreram e at\u00e9 agora este ano, duas pessoas e possivelmente um ter\u00e7o morreram, pois os casos de tosse convulsa est\u00e3o a caminho de exceder as doen\u00e7as relatadas em 2024.<\/p>\n<\/div>\n<div>\n<p>Dos 35.435 casos de coqueluche no ano passado, 732 estavam na Fl\u00f3rida, com a taxa de incid\u00eancia de cerca de 3,29 por 100.000 residentes, de acordo com os CDCs <a href=\"https:\/\/www.cdc.gov\/pertussis\/media\/pdfs\/2025\/01\/pertuss-surv-report-2024_PROVISIONAL-508.pdf\" rel=\"nofollow\" target=\"_blank\">2024 Relat\u00f3rio provis\u00f3rio de vigil\u00e2ncia de pertussis<\/a>. <\/p>\n<p>O CDC n\u00e3o possui dados 2025 sobre a tosse convulsa.<\/p>\n<\/div>\n<div>\n<p>No entanto, o <a href=\"https:\/\/www.floridahealth.gov\/diseases-and-conditions\/vaccine-preventable-disease\/pertussis\/pertussis-surveillance.html\" rel=\"nofollow\" target=\"_blank\">Departamento de Sa\u00fade da Fl\u00f3rida<\/a> relataram 120 casos em 27 munic\u00edpios em fevereiro, com quatro deles ligados ao surto.<\/p>\n<p>As autoridades estaduais de sa\u00fade disseram que houve 616 casos nos \u00faltimos seis meses. Na Fl\u00f3rida Central, a taxa m\u00e9dia de contrata\u00e7\u00e3o de coqueluche variou de 0,3-0,29 por 100.000.<\/p>\n<p>O n\u00famero de casos de coqueluche diminuiu em fevereiro em rela\u00e7\u00e3o ao m\u00eas anterior, quando 130 casos foram relatados na Fl\u00f3rida.<\/p>\n<p>A revis\u00e3o da ProPublica sobre os registros do Departamento de Sa\u00fade do Estado mostra que dois beb\u00eas na Louisiana morreram de coqueluche nos \u00faltimos seis meses; O estado de Washington acaba de relatar sua primeira morte confirmada de coqueluche em mais de uma d\u00e9cada; Idaho e Dakota do Sul relataram uma morte este ano; e o Oregon relataram no ano passado dois, bem como seu maior n\u00famero de casos desde 1950.<\/p>\n<p>Ao mesmo tempo, o sarampo tem <a href=\"https:\/\/www.cdc.gov\/measles\/data-research\/index.html\" rel=\"nofollow\" target=\"_blank\">800 pessoas enojadas em 10 surtos<\/a> At\u00e9 agora este ano, de acordo com os mais recentes Centros de Controle e Preven\u00e7\u00e3o de Doen\u00e7as. Um surto \u00e9 definido como aquele em que existem tr\u00eas ou mais casos relacionados. A ag\u00eancia disse que 94 % dos casos deste ano fazem parte de um surto.<\/p>\n<\/div>\n<div>\n<p>Cases have been confirmed in 25 jurisdictions: Alaska, Arkansas, California, Colorado, Florida, Georgia, Hawaii, Indiana, Kansas, Kentucky, Maryland, Michigan, Minnesota, New Jersey, New Mexico, New York City, New York State, Ohio, Oklahoma, Pennsylvania, Rhode Island, Tennessee, Texas, Vermont, and Washington.<\/p>\n<p>As autoridades de sa\u00fade da Fl\u00f3rida n\u00e3o relataram <a href=\"https:\/\/www.flhealthcharts.gov\/ChartsDashboards\/rdPage.aspx?rdReport=NonVitalIndNoGrpCounts.Dataviewer&#038;cid=129\" rel=\"nofollow\" target=\"_blank\">dados do sarampo<\/a> Desde 2023, quando houve dois casos no estado. <\/p>\n<p>ProPublica disse que as taxas de vacina\u00e7\u00e3o em todo o estado podem enganar porque alguns munic\u00edpios e comunidades t\u00eam taxas de vacina\u00e7\u00e3o muito mais baixas, impulsionando surtos.<\/p>\n<p>&#8220;Minha preocupa\u00e7\u00e3o \u00e9 que haver\u00e1 um grande surto n\u00e3o apenas de sarampo, mas tamb\u00e9m de outras doen\u00e7as capit\u00e1veis \u200b\u200bpor vacinas, isso vai acabar causando muitos danos e possivelmente mortes em crian\u00e7as e jovens adultos&#8221;, disse a Dra. Anna Durbin, professora do Departamento de Sa\u00fade Internacional do Johns Hopkines, a escola de sa\u00fade p\u00fablica que gastou sua assist\u00eancia p\u00fablica. <\/p>\n<p>&#8220;E \u00e9 completamente evit\u00e1vel&#8221;, disse Durbin.<\/p>\n<\/div>\n<p><br \/>\n<br \/><a href=\"http:\/\/patch.com\/florida\/southtampa\/infectious-disease-has-increased-1-500-nationwide-see-fl-data?utm_source=article-mostrecent&#038;utm_medium=rss&#038;utm_term=health%20%26%20fitness&#038;utm_campaign=recirc&#038;utm_content=aol\">Source link <\/a><\/p>","protected":false},"excerpt":{"rendered":"<p>FLORIDA &#8211; Um surto de sarampo em andamento pode ser o \u201ccan\u00e1rio na mina de carv\u00e3o\u201d sinalizando os perigos de sa\u00fade p\u00fablica \u00e0 medida que a hesita\u00e7\u00e3o da vacina cresce,&hellip;<\/p>","protected":false},"author":1,"featured_media":117485,"comment_status":"closed","ping_status":"open","sticky":false,"template":"","format":"standard","meta":{"content-type":"","footnotes":""},"categories":[1],"tags":[],"class_list":["post-117484","post","type-post","status-publish","format-standard","has-post-thumbnail","hentry","category-uncategorized"],"_links":{"self":[{"href":"https:\/\/tvbrazilusa.com\/pt\/wp-json\/wp\/v2\/posts\/117484","targetHints":{"allow":["GET"]}}],"collection":[{"href":"https:\/\/tvbrazilusa.com\/pt\/wp-json\/wp\/v2\/posts"}],"about":[{"href":"https:\/\/tvbrazilusa.com\/pt\/wp-json\/wp\/v2\/types\/post"}],"author":[{"embeddable":true,"href":"https:\/\/tvbrazilusa.com\/pt\/wp-json\/wp\/v2\/users\/1"}],"replies":[{"embeddable":true,"href":"https:\/\/tvbrazilusa.com\/pt\/wp-json\/wp\/v2\/comments?post=117484"}],"version-history":[{"count":1,"href":"https:\/\/tvbrazilusa.com\/pt\/wp-json\/wp\/v2\/posts\/117484\/revisions"}],"predecessor-version":[{"id":117486,"href":"https:\/\/tvbrazilusa.com\/pt\/wp-json\/wp\/v2\/posts\/117484\/revisions\/117486"}],"wp:featuredmedia":[{"embeddable":true,"href":"https:\/\/tvbrazilusa.com\/pt\/wp-json\/wp\/v2\/media\/117485"}],"wp:attachment":[{"href":"https:\/\/tvbrazilusa.com\/pt\/wp-json\/wp\/v2\/media?parent=117484"}],"wp:term":[{"taxonomy":"category","embeddable":true,"href":"https:\/\/tvbrazilusa.com\/pt\/wp-json\/wp\/v2\/categories?post=117484"},{"taxonomy":"post_tag","embeddable":true,"href":"https:\/\/tvbrazilusa.com\/pt\/wp-json\/wp\/v2\/tags?post=117484"}],"curies":[{"name":"wp","href":"https:\/\/api.w.org\/{rel}","templated":true}]}}