{"id":11749,"date":"2024-07-29T22:32:47","date_gmt":"2024-07-29T22:32:47","guid":{"rendered":"https:\/\/tvbrazilusa.com\/2024\/07\/29\/ferias-fiscais-de-volta-as-aulas-na-florida-estao-em-andamento-wsvn-7news-noticias-de-miami-clima-esportes-fort-lauderdale\/"},"modified":"2024-07-29T22:46:16","modified_gmt":"2024-07-29T22:46:16","slug":"ferias-fiscais-de-volta-as-aulas-na-florida-estao-em-andamento-wsvn-7news-noticias-de-miami-clima-esportes-fort-lauderdale","status":"publish","type":"post","link":"https:\/\/tvbrazilusa.com\/pt\/2024\/07\/29\/ferias-fiscais-de-volta-as-aulas-na-florida-estao-em-andamento-wsvn-7news-noticias-de-miami-clima-esportes-fort-lauderdale\/","title":{"rendered":"F\u00e9rias fiscais de volta \u00e0s aulas na Fl\u00f3rida est\u00e3o em andamento &#8211; WSVN 7News | Not\u00edcias de Miami, Clima, Esportes | Fort Lauderdale"},"content":{"rendered":"<p> <script async src=\"https:\/\/pagead2.googlesyndication.com\/pagead\/js\/adsbygoogle.js?client=ca-pub-8864793242727901\"\r\n     crossorigin=\"anonymous\"><\/script><br \/>\n<\/p>\n<div itemprop=\"articleBody\">\n<p>(WSVN) &#8211; O in\u00edcio das aulas est\u00e1 a apenas algumas semanas de dist\u00e2ncia e agora \u00e9 hora de come\u00e7ar a economizar em materiais. <\/p>\n<p>O feriado fiscal de volta \u00e0s aulas na Fl\u00f3rida est\u00e1 em andamento e vai at\u00e9 domingo, 11 de agosto<\/p>\n<p>N\u00e3o haver\u00e1 impostos sobre materiais escolares abaixo de US$ 50, roupas e cal\u00e7ados abaixo de US$ 100 e computadores pessoais que custem US$ 1.500 ou menos.<\/p>\n<p>Para obter mais informa\u00e7\u00f5es sobre os itens inclu\u00eddos, <a href=\"https:\/\/floridarevenue.com\/backtoschool\/Pages\/default.aspx\">Clique aqui<\/a>.  <\/p>\n<p><em>Copyright 2024 Sunbeam Television Corp. Todos os direitos reservados. Este material n\u00e3o pode ser publicado, transmitido, reescrito ou redistribu\u00eddo.<\/em><\/p>\n<div class=\"wp-block-newsletter\">\n\t<strong class=\"wp-block-newsletter__title\">Inscreva-se em nossa Newsletter para receber as \u00faltimas not\u00edcias diretamente na sua caixa de entrada<\/strong><\/p>\n<\/div><\/div>\n<p><br \/>\n<br \/><a href=\"https:\/\/wsvn.com\/news\/local\/florida\/floridas-back-to-school-tax-holiday-is-underway\/\">Source link <\/a><\/p>","protected":false},"excerpt":{"rendered":"<p>(WSVN) &#8211; O in\u00edcio das aulas est\u00e1 a apenas algumas semanas de dist\u00e2ncia e agora \u00e9 hora de come\u00e7ar a economizar em materiais. O feriado fiscal de volta \u00e0s aulas&hellip;<\/p>","protected":false},"author":1,"featured_media":11750,"comment_status":"closed","ping_status":"open","sticky":false,"template":"","format":"standard","meta":{"content-type":"","footnotes":""},"categories":[1],"tags":[],"class_list":["post-11749","post","type-post","status-publish","format-standard","has-post-thumbnail","hentry","category-uncategorized"],"_links":{"self":[{"href":"https:\/\/tvbrazilusa.com\/pt\/wp-json\/wp\/v2\/posts\/11749","targetHints":{"allow":["GET"]}}],"collection":[{"href":"https:\/\/tvbrazilusa.com\/pt\/wp-json\/wp\/v2\/posts"}],"about":[{"href":"https:\/\/tvbrazilusa.com\/pt\/wp-json\/wp\/v2\/types\/post"}],"author":[{"embeddable":true,"href":"https:\/\/tvbrazilusa.com\/pt\/wp-json\/wp\/v2\/users\/1"}],"replies":[{"embeddable":true,"href":"https:\/\/tvbrazilusa.com\/pt\/wp-json\/wp\/v2\/comments?post=11749"}],"version-history":[{"count":1,"href":"https:\/\/tvbrazilusa.com\/pt\/wp-json\/wp\/v2\/posts\/11749\/revisions"}],"predecessor-version":[{"id":11751,"href":"https:\/\/tvbrazilusa.com\/pt\/wp-json\/wp\/v2\/posts\/11749\/revisions\/11751"}],"wp:featuredmedia":[{"embeddable":true,"href":"https:\/\/tvbrazilusa.com\/pt\/wp-json\/wp\/v2\/media\/11750"}],"wp:attachment":[{"href":"https:\/\/tvbrazilusa.com\/pt\/wp-json\/wp\/v2\/media?parent=11749"}],"wp:term":[{"taxonomy":"category","embeddable":true,"href":"https:\/\/tvbrazilusa.com\/pt\/wp-json\/wp\/v2\/categories?post=11749"},{"taxonomy":"post_tag","embeddable":true,"href":"https:\/\/tvbrazilusa.com\/pt\/wp-json\/wp\/v2\/tags?post=11749"}],"curies":[{"name":"wp","href":"https:\/\/api.w.org\/{rel}","templated":true}]}}