{"id":117536,"date":"2025-04-28T16:32:35","date_gmt":"2025-04-28T16:32:35","guid":{"rendered":"https:\/\/tvbrazilusa.com\/2025\/04\/28\/os-advogados-exigem-mais-apoio-a-pessoas-com-autismo-no-hartford-capitol\/"},"modified":"2025-04-28T16:34:39","modified_gmt":"2025-04-28T16:34:39","slug":"os-advogados-exigem-mais-apoio-a-pessoas-com-autismo-no-hartford-capitol","status":"publish","type":"post","link":"https:\/\/tvbrazilusa.com\/pt\/2025\/04\/28\/os-advogados-exigem-mais-apoio-a-pessoas-com-autismo-no-hartford-capitol\/","title":{"rendered":"Os advogados exigem mais apoio a pessoas com autismo no Hartford Capitol"},"content":{"rendered":"<script async src=\"https:\/\/pagead2.googlesyndication.com\/pagead\/js\/adsbygoogle.js?client=ca-pub-8864793242727901\"\r\n     crossorigin=\"anonymous\"><\/script>\n<p>HARTFORD, Connecticut (WTNH) &#8211; Era tudo sobre autismo no Capit\u00f3lio do Estado na segunda -feira. Aqueles no espectro queriam conscientizar os outros sobre como \u00e9 estar no lugar deles.<\/p>\n<p>&#8220;Quero ser tratado bem &#8230; e aprender algum respeito&#8221;, disse Vincent Yanez, algu\u00e9m que vive com autismo.<\/p>\n<div class=\"nlp-ignore-block article-content rich-text\">\n<aside class=\"promo-link\">\n\t<a href=\"https:\/\/www.wtnh.com\/news\/connecticut\/middlesex\/middletown-police-runs-traffic-stops-for-people-with-autism\/?ipid=promo-link-block1\" class=\"promo-link__link\" target=\"\"_blank\"\"><\/p>\n<p>\t\tA pol\u00edcia de Middletown realiza paradas de tr\u00e2nsito para pessoas com autismo\t<\/a><br \/>\n<\/aside>\n<\/div>\n<p>O tema deste ano foi a transi\u00e7\u00e3o. Ele se concentrou nas principais mudan\u00e7as na vida que aqueles no espectro experimentar\u00e3o da educa\u00e7\u00e3o para a vida independente.<\/p>\n<p>&#8220;O que voc\u00ea v\u00ea deles \u00e9 o que os leva. Criatividade e imagina\u00e7\u00e3o &#8211; \u00e9 assim que \u00e9 o mundo do autismo&#8221;, disse o advogado Denzel Closs. <\/p>\n<p>A Comiss\u00e3o de Mulheres, Crian\u00e7as, Crian\u00e7as, Equidade e Oportunidade destacou a resili\u00eancia de indiv\u00edduos autistas, enquanto defendia apoios adicionais.<\/p>\n<p>&#8220;Francamente, em alguns casos, os distritos escolares n\u00e3o podem fornecer todos os apoios, os apoios intensivos, os apoios muito especializados, que algumas crian\u00e7as da necessidade do espectro. Ent\u00e3o, acho que s\u00e3o essas coisas sobre as quais realmente queremos aumentar a conscientiza\u00e7\u00e3o hoje&#8221;, disse o diretor executivo da CWCSEO, Melvette Hill. <\/p>\n<div class=\"nlp-ignore-block article-content rich-text\">\n<aside class=\"promo-link\">\n\t<a href=\"https:\/\/www.wtnh.com\/news\/connecticut\/middlesex\/middletown-police-runs-traffic-stops-for-people-with-autism\/?ipid=promo-link-block2\" class=\"promo-link__link\" target=\"\"_blank\"\"><\/p>\n<p>\t\tA pol\u00edcia de Middletown realiza paradas de tr\u00e2nsito para pessoas com autismo\t<\/a><br \/>\n<\/aside>\n<\/div>\n<p>O News 8 tamb\u00e9m conversou com os frequentadores de eventos sobre coment\u00e1rios recentes feitos pelo secret\u00e1rio de Sa\u00fade e Servi\u00e7os Humanos dos EUA, Robert F. Kennedy Jr., sobre pesquisa de autismo e a comunidade de autismo em geral.<\/p>\n<p>No in\u00edcio deste m\u00eas, Kennedy comentou sobre novos dados do CDC, mostrando que a preval\u00eancia de autismo aumentou para 1 em 31 pessoas, o que \u00e9 de 1 em 36 pessoas.<\/p>\n<p>Mas o retrato de Kennedy de que a maioria dos casos era &#8220;grave&#8221; e que o autismo era uma &#8220;trag\u00e9dia individual&#8221; e &#8220;fam\u00edlias destru\u00eddas&#8221; colidiu com m\u00e9dicos especialistas e aqueles com experi\u00eancia vivida.<\/p>\n<p>&#8220;Seus coment\u00e1rios foram realmente dolorosos para muitas fam\u00edlias que n\u00e3o experimentam seus filhos como uma trag\u00e9dia, mas como alegria. Vejo que todos os dias quando converso com fam\u00edlias cujos filhos t\u00eam uma variedade de habilidades diferentes&#8221;, disse Inge-Marie Eigsti, professor de psicologia cl\u00ednica da Universidade de Connecticut. <\/p>\n<p>A professora tamb\u00e9m disse que est\u00e1 preocupada com a possibilidade de financiamento federal congela para a pesquisa de autismo.<\/p>\n<p><br \/>\n<br \/><a href=\"https:\/\/www.wtnh.com\/news\/health\/advocates-call-for-more-support-for-people-with-autism-at-hartford-capitol\/\">Source link <\/a><\/p>","protected":false},"excerpt":{"rendered":"<p>HARTFORD, Connecticut (WTNH) &#8211; Era tudo sobre autismo no Capit\u00f3lio do Estado na segunda -feira. Aqueles no espectro queriam conscientizar os outros sobre como \u00e9 estar no lugar deles. &#8220;Quero&hellip;<\/p>","protected":false},"author":1,"featured_media":117537,"comment_status":"closed","ping_status":"open","sticky":false,"template":"","format":"standard","meta":{"content-type":"","footnotes":""},"categories":[1],"tags":[],"class_list":["post-117536","post","type-post","status-publish","format-standard","has-post-thumbnail","hentry","category-uncategorized"],"_links":{"self":[{"href":"https:\/\/tvbrazilusa.com\/pt\/wp-json\/wp\/v2\/posts\/117536","targetHints":{"allow":["GET"]}}],"collection":[{"href":"https:\/\/tvbrazilusa.com\/pt\/wp-json\/wp\/v2\/posts"}],"about":[{"href":"https:\/\/tvbrazilusa.com\/pt\/wp-json\/wp\/v2\/types\/post"}],"author":[{"embeddable":true,"href":"https:\/\/tvbrazilusa.com\/pt\/wp-json\/wp\/v2\/users\/1"}],"replies":[{"embeddable":true,"href":"https:\/\/tvbrazilusa.com\/pt\/wp-json\/wp\/v2\/comments?post=117536"}],"version-history":[{"count":1,"href":"https:\/\/tvbrazilusa.com\/pt\/wp-json\/wp\/v2\/posts\/117536\/revisions"}],"predecessor-version":[{"id":117538,"href":"https:\/\/tvbrazilusa.com\/pt\/wp-json\/wp\/v2\/posts\/117536\/revisions\/117538"}],"wp:featuredmedia":[{"embeddable":true,"href":"https:\/\/tvbrazilusa.com\/pt\/wp-json\/wp\/v2\/media\/117537"}],"wp:attachment":[{"href":"https:\/\/tvbrazilusa.com\/pt\/wp-json\/wp\/v2\/media?parent=117536"}],"wp:term":[{"taxonomy":"category","embeddable":true,"href":"https:\/\/tvbrazilusa.com\/pt\/wp-json\/wp\/v2\/categories?post=117536"},{"taxonomy":"post_tag","embeddable":true,"href":"https:\/\/tvbrazilusa.com\/pt\/wp-json\/wp\/v2\/tags?post=117536"}],"curies":[{"name":"wp","href":"https:\/\/api.w.org\/{rel}","templated":true}]}}