{"id":117543,"date":"2025-04-28T16:15:46","date_gmt":"2025-04-28T16:15:46","guid":{"rendered":"https:\/\/tvbrazilusa.com\/2025\/04\/28\/quase-800-imigrantes-indocumentados-presos-em-4-dias-em-varredura\/"},"modified":"2025-04-28T17:21:06","modified_gmt":"2025-04-28T17:21:06","slug":"quase-800-imigrantes-indocumentados-presos-em-4-dias-em-varredura","status":"publish","type":"post","link":"https:\/\/tvbrazilusa.com\/pt\/2025\/04\/28\/quase-800-imigrantes-indocumentados-presos-em-4-dias-em-varredura\/","title":{"rendered":"Quase 800 imigrantes indocumentados presos em 4 dias em varredura"},"content":{"rendered":"<p> <script async src=\"https:\/\/pagead2.googlesyndication.com\/pagead\/js\/adsbygoogle.js?client=ca-pub-8864793242727901\"\r\n     crossorigin=\"anonymous\"><\/script><br \/>\n<\/p>\n<div>\n<p>FLORIDA-Opera\u00e7\u00e3o Onda Tidal, um empreendimento de quatro dias que ganhou quase 800 pris\u00f5es, direcionou imigrantes indocumentados na Fl\u00f3rida. <\/p>\n<\/div>\n<div>\n<p>O <a href=\"https:\/\/x.com\/ICEgov\/status\/1916149859217719528\" target=\"_blank\" rel=\"nofollow\">Imigra\u00e7\u00e3o dos EUA e aplica\u00e7\u00e3o aduaneira<\/a> No s\u00e1bado, disse que seu escrit\u00f3rio em Miami trabalhou com as autoridades da Fl\u00f3rida para prender as centenas de imigrantes em uma opera\u00e7\u00e3o de &#8220;primeiro dos seus&#8221; envolvendo parceiros estaduais e federais.<\/p>\n<p>Sob <a href=\"https:\/\/www.ice.gov\/identify-and-arrest\/287g\" target=\"_blank\" rel=\"nofollow\">Pol\u00edtica de 287 (g) do ICE<\/a>as ag\u00eancias policiais estaduais e locais podem fazer parceria com a ag\u00eancia federal e posteriormente prender imigrantes sem documentos.<\/p>\n<\/div>\n<div>\n<p>De acordo com <a href=\"https:\/\/abcnews.go.com\/Politics\/ice-florida-officials-arrest-750-4-day-operation\/story?id=121161606\" target=\"_blank\" rel=\"nofollow\">ABC News<\/a>780 pessoas foram presas durante os ataques. <\/p>\n<p>&#8220;Acho que a principal raz\u00e3o pela qual essa opera\u00e7\u00e3o \u00e9 significativa \u00e9 porque \u00e9 a primeira do g\u00eanero. \u00c9 aquele que n\u00e3o apenas estamos fazendo o que temos, mas tamb\u00e9m realizamos todos os nossos parceiros federais juntamente com as investiga\u00e7\u00f5es de seguran\u00e7a interna e as opera\u00e7\u00f5es de aplica\u00e7\u00e3o de n\u00f3s, que usamos o estado de uso, mas tamb\u00e9m usamos todos os nossos parceiros do estado. O diretor interino do ICE, Todd Lyons, disse \u00e0 ABC News.<\/p>\n<\/div>\n<div>\n<p>&#8220;Portanto, essa \u00e9 uma das primeiras miss\u00f5es em larga escala que fizemos assim. Tornamos uma abordagem de &#8216;todo o governo&#8217; com jurisdi\u00e7\u00f5es cooperativas que desejam ajudar as comunidades a proteger o gelo nos bairros e remover amea\u00e7as de seguran\u00e7a p\u00fablica de nossos bairros&#8221;.<\/p>\n<p>Os ataques t\u00eam sido um culminar dos esfor\u00e7os do governo Trump para deportar massivamente imigrantes indocumentados nos EUA e viram \u00e0 beira do apoio da Fl\u00f3rida aos empreendimentos do governo.<\/p>\n<\/div>\n<div>\n<p>Em fevereiro, <a href=\"https:\/\/patch.com\/florida\/southtampa\/new-fl-immigration-laws-backs-trumps-deportation-measures-reports\" target=\"_blank\">Gov. Ron DeSantis<\/a> Legisla\u00e7\u00e3o assinada que exigiu a pena de morte para os imigrantes nos EUA sem autoriza\u00e7\u00e3o legal que cometessem crimes de capital, como assassinato em primeiro grau ou estupro infantil.<\/p>\n<p>Os ataques da Fl\u00f3rida inclu\u00edram as pris\u00f5es de 32 pessoas no in\u00edcio de fevereiro em <a href=\"https:\/\/www.ice.gov\/news\/releases\/ice-arrests-32-illegal-aliens-palm-beach-county-enforcement-action\" target=\"_blank\" rel=\"nofollow\">Condado de Palm Beach<\/a>incluindo um homem venezuelano que foi condenado por posse e roubo de drogas e uma mulher haitiana que foi condenada por prostitui\u00e7\u00e3o e bateria.<\/p>\n<\/div>\n<div>\n<p>Trump tem compartilhado v\u00eddeo do <a href=\"https:\/\/truthsocial.com\/@realDonaldTrump\" target=\"_blank\" rel=\"nofollow\">Ataques de gelo<\/a> Em sua verdade, o relato social, embora n\u00e3o tenha ficado imediatamente claro se as imagens mais recentes ocorreram na Fl\u00f3rida.<\/p>\n<\/div>\n<p><br \/>\n<br \/><a href=\"http:\/\/patch.com\/florida\/miami\/ice-arrests-nearly-800-4-day-operation-fl?utm_source=article-mostrecent&#038;utm_medium=rss&#038;utm_term=crime%20%26%20safety&#038;utm_campaign=recirc&#038;utm_content=aol\">Source link <\/a><\/p>","protected":false},"excerpt":{"rendered":"<p>FLORIDA-Opera\u00e7\u00e3o Onda Tidal, um empreendimento de quatro dias que ganhou quase 800 pris\u00f5es, direcionou imigrantes indocumentados na Fl\u00f3rida. O Imigra\u00e7\u00e3o dos EUA e aplica\u00e7\u00e3o aduaneira No s\u00e1bado, disse que seu&hellip;<\/p>","protected":false},"author":1,"featured_media":117544,"comment_status":"closed","ping_status":"open","sticky":false,"template":"","format":"standard","meta":{"content-type":"","footnotes":""},"categories":[1],"tags":[],"class_list":["post-117543","post","type-post","status-publish","format-standard","has-post-thumbnail","hentry","category-uncategorized"],"_links":{"self":[{"href":"https:\/\/tvbrazilusa.com\/pt\/wp-json\/wp\/v2\/posts\/117543","targetHints":{"allow":["GET"]}}],"collection":[{"href":"https:\/\/tvbrazilusa.com\/pt\/wp-json\/wp\/v2\/posts"}],"about":[{"href":"https:\/\/tvbrazilusa.com\/pt\/wp-json\/wp\/v2\/types\/post"}],"author":[{"embeddable":true,"href":"https:\/\/tvbrazilusa.com\/pt\/wp-json\/wp\/v2\/users\/1"}],"replies":[{"embeddable":true,"href":"https:\/\/tvbrazilusa.com\/pt\/wp-json\/wp\/v2\/comments?post=117543"}],"version-history":[{"count":1,"href":"https:\/\/tvbrazilusa.com\/pt\/wp-json\/wp\/v2\/posts\/117543\/revisions"}],"predecessor-version":[{"id":117545,"href":"https:\/\/tvbrazilusa.com\/pt\/wp-json\/wp\/v2\/posts\/117543\/revisions\/117545"}],"wp:featuredmedia":[{"embeddable":true,"href":"https:\/\/tvbrazilusa.com\/pt\/wp-json\/wp\/v2\/media\/117544"}],"wp:attachment":[{"href":"https:\/\/tvbrazilusa.com\/pt\/wp-json\/wp\/v2\/media?parent=117543"}],"wp:term":[{"taxonomy":"category","embeddable":true,"href":"https:\/\/tvbrazilusa.com\/pt\/wp-json\/wp\/v2\/categories?post=117543"},{"taxonomy":"post_tag","embeddable":true,"href":"https:\/\/tvbrazilusa.com\/pt\/wp-json\/wp\/v2\/tags?post=117543"}],"curies":[{"name":"wp","href":"https:\/\/api.w.org\/{rel}","templated":true}]}}