{"id":117623,"date":"2025-04-30T02:58:00","date_gmt":"2025-04-30T02:58:00","guid":{"rendered":"https:\/\/tvbrazilusa.com\/2025\/04\/30\/justica-condena-nikolas-ferreira-por-dar-sua-opiniao-em-plena-tribuna-paulo-figueiredo\/"},"modified":"2025-04-30T04:55:43","modified_gmt":"2025-04-30T04:55:43","slug":"justica-condena-nikolas-ferreira-por-dar-sua-opiniao-em-plena-tribuna-paulo-figueiredo","status":"publish","type":"post","link":"https:\/\/tvbrazilusa.com\/pt\/2025\/04\/30\/justica-condena-nikolas-ferreira-por-dar-sua-opiniao-em-plena-tribuna-paulo-figueiredo\/","title":{"rendered":"Justi\u00e7a condena Nikolas Ferreira por dar sua opini\u00e3o em plena tribuna \u2013 Paulo Figueiredo"},"content":{"rendered":"<p> <script async src=\"https:\/\/pagead2.googlesyndication.com\/pagead\/js\/adsbygoogle.js?client=ca-pub-8864793242727901\"\r\n     crossorigin=\"anonymous\"><\/script><br \/>\n<\/p>\n<div id=\"wtr-content\" data-bg=\"#FFFFFF\" data-fg=\"#006d91\" data-width=\"25\" data-mute=\"1\" data-fgopacity=\"1.00\" data-mutedopacity=\"0.5\" data-placement=\"bottom\" data-placement-offset=\"0\" data-content-offset=\"262\" data-placement-touch=\"bottom\" data-placement-offset-touch=\"0\" data-transparent=\"\" data-shadow=\"0\" data-touch=\"1\" data-non-touch=\"1\" data-comments=\"0\" data-commentsbg=\"transparent\" data-location=\"page\" data-mutedfg=\"#006d91\" data-endfg=\"#006d91\" data-rtl=\"\">\n<p>Ju\u00edza do TJDFT considera que fala do deputado na C\u00e2mara durante o Dia da Mulher foi ofensiva; ele diz que ir\u00e1 recorrer da decis\u00e3o<\/p>\n<p>O\u00a0TJDFT\u00a0(Tribunal de Justi\u00e7a do Distrito Federal e dos Territ\u00f3rios) condenou nesta 3\u00aa feira (29.abr.2025) o\u00a0deputado federal\u00a0Nikolas Ferreira\u00a0(PL-MG) a pagar uma indeniza\u00e7\u00e3o de R$ 200 mil por dano moral coletivo por\u00a0ter ironizado mulheres trans durante discurso na C\u00e2mara, no Dia Internacional da Mulher, em 8 de mar\u00e7o de 2023. O congressista disse que recorrer\u00e1.<\/p>\n<p>Em sua decis\u00e3o, a ju\u00edza Priscila Faria da Silva, da 12\u00aa Vara C\u00edvel de Bras\u00edlia, afirmou que a liberdade de express\u00e3o \u00e9 fundamental para a democracia, mas pode ser limitada quando usada para incitar<em>\u00a0\u201cconduta criminosa, com o \u00fanico objetivo de ofender, ou mesmo para difundir o \u00f3dio contra grupos vulner\u00e1veis\u201d.\u00a0<\/em><\/p>\n<p>A a\u00e7\u00e3o judicial foi movida pela Alian\u00e7a Nacional LGBTI+ e pela Associa\u00e7\u00e3o Brasileira de Fam\u00edlias Homotransafetivas.<\/p>\n<p>As entidades afirmam que o congressista agiu de\u00a0<em>\u201cmaneira ir\u00f4nica e ofensiva aos transg\u00eaneros, fantasiando-se com uma peruca amarela e apresentando-se como \u2018deputada Nikole\u2019\u201d.\u00a0<\/em>Segundo as organiza\u00e7\u00f5es, o epis\u00f3dio configurou<em>\u00a0\u201ccrime de transfobia, al\u00e9m de discurso de \u00f3dio e incita\u00e7\u00e3o \u00e0 viol\u00eancia contra a popula\u00e7\u00e3o LGBTI+\u201d<\/em>.<\/p>\n<p>A ju\u00edza tamb\u00e9m afirmou que, mesmo sem termos ofensivos expl\u00edcitos, o discurso mantinha car\u00e1ter discriminat\u00f3rio ao ridicularizar a transi\u00e7\u00e3o de g\u00eanero com o uso de uma peruca e ao sugerir que a presen\u00e7a de mulheres trans amea\u00e7a a seguran\u00e7a e liberdade de mulheres cis.<\/p>\n<p><em>\u201cA conclus\u00e3o a que se chega \u00e9 a de que os dizeres proferidos pelo r\u00e9u no p\u00falpito da tribuna da C\u00e2mara dos Deputados na data de 08\/03\/2023 desbordam dos limites do direito \u00e0 livre manifesta\u00e7\u00e3o do pensamento e constituem verdadeiro discurso de \u00f3dio, na medida em que descredibilizam a identidade de g\u00eanero assumida pela popula\u00e7\u00e3o transexual e insuflam a sociedade a fazer o mesmo.\u201d<\/em><\/p>\n<h4 class=\"wp-block-heading\">NIKOLAS REAGE<\/h4>\n<p>Por meio de seu\u00a0perfil\u00a0no X (ex-Twitter), Nikolas criticou o que chamou de<em>\u00a0\u201climites arbitr\u00e1rios\u201d\u00a0<\/em>e argumentou que a Constitui\u00e7\u00e3o de 1988 assegura imunidade parlamentar para<em>\u00a0\u201copini\u00f5es, palavras e votos\u201d<\/em>. Ele tamb\u00e9m ironizou a\u00a0condena\u00e7\u00e3o:<em>\u00a0\u201cMeu crime? Usar uma peruca e denunciar a tirania de ativistas LGBT\u201d.<\/em><\/p>\n<p><em>\u201cSe eu tivesse feito rachadinha, estava absolvido. Mas eu fui \u00e0 tribuna, coloquei uma peruca e cometi o crime de dar minha opini\u00e3o\u201d<\/em>, afirmou.<\/p>\n<p><strong>Leia abaixo as publica\u00e7\u00f5es de Nikolas Ferreira:<\/strong><\/p>\n<figure class=\"wp-block-image\"\/>\n<figure class=\"wp-block-image\"><\/figure>\n<p>Credito <strong><a rel=\"nofollow\" target=\"_blank\" href=\"https:\/\/www.poder360.com.br\/poder-justica\/justica-condena-nikolas-ferreira-por-ironizar-trans-em-discurso\/\">Poder 360<\/a><\/strong><\/p>\n<\/div>\n<p><br \/>\n<br \/><a href=\"https:\/\/tvfloridausa.com\/2025\/04\/30\/justica-condena-nikolas-ferreira-por-dar-sua-opiniao-em-plena-tribuna-paulo-figueiredo\/\">Source link <\/a><\/p>","protected":false},"excerpt":{"rendered":"<p>Ju\u00edza do TJDFT considera que fala do deputado na C\u00e2mara durante o Dia da Mulher foi ofensiva; ele diz que ir\u00e1 recorrer da decis\u00e3o O\u00a0TJDFT\u00a0(Tribunal de Justi\u00e7a do Distrito Federal&hellip;<\/p>","protected":false},"author":1,"featured_media":117624,"comment_status":"closed","ping_status":"open","sticky":false,"template":"","format":"standard","meta":{"content-type":"","footnotes":""},"categories":[22],"tags":[],"class_list":["post-117623","post","type-post","status-publish","format-standard","has-post-thumbnail","hentry","category-tv-florida-usa"],"_links":{"self":[{"href":"https:\/\/tvbrazilusa.com\/pt\/wp-json\/wp\/v2\/posts\/117623","targetHints":{"allow":["GET"]}}],"collection":[{"href":"https:\/\/tvbrazilusa.com\/pt\/wp-json\/wp\/v2\/posts"}],"about":[{"href":"https:\/\/tvbrazilusa.com\/pt\/wp-json\/wp\/v2\/types\/post"}],"author":[{"embeddable":true,"href":"https:\/\/tvbrazilusa.com\/pt\/wp-json\/wp\/v2\/users\/1"}],"replies":[{"embeddable":true,"href":"https:\/\/tvbrazilusa.com\/pt\/wp-json\/wp\/v2\/comments?post=117623"}],"version-history":[{"count":1,"href":"https:\/\/tvbrazilusa.com\/pt\/wp-json\/wp\/v2\/posts\/117623\/revisions"}],"predecessor-version":[{"id":117625,"href":"https:\/\/tvbrazilusa.com\/pt\/wp-json\/wp\/v2\/posts\/117623\/revisions\/117625"}],"wp:featuredmedia":[{"embeddable":true,"href":"https:\/\/tvbrazilusa.com\/pt\/wp-json\/wp\/v2\/media\/117624"}],"wp:attachment":[{"href":"https:\/\/tvbrazilusa.com\/pt\/wp-json\/wp\/v2\/media?parent=117623"}],"wp:term":[{"taxonomy":"category","embeddable":true,"href":"https:\/\/tvbrazilusa.com\/pt\/wp-json\/wp\/v2\/categories?post=117623"},{"taxonomy":"post_tag","embeddable":true,"href":"https:\/\/tvbrazilusa.com\/pt\/wp-json\/wp\/v2\/tags?post=117623"}],"curies":[{"name":"wp","href":"https:\/\/api.w.org\/{rel}","templated":true}]}}