{"id":117644,"date":"2025-04-30T15:06:48","date_gmt":"2025-04-30T15:06:48","guid":{"rendered":"https:\/\/tvbrazilusa.com\/2025\/04\/30\/votos-legislativos-para-revogar-os-horarios-de-inicio-posteriores-da-escola-jacksonville-hoje\/"},"modified":"2025-04-30T15:35:45","modified_gmt":"2025-04-30T15:35:45","slug":"votos-legislativos-para-revogar-os-horarios-de-inicio-posteriores-da-escola-jacksonville-hoje","status":"publish","type":"post","link":"https:\/\/tvbrazilusa.com\/pt\/2025\/04\/30\/votos-legislativos-para-revogar-os-horarios-de-inicio-posteriores-da-escola-jacksonville-hoje\/","title":{"rendered":"Votos legislativos para revogar os hor\u00e1rios de in\u00edcio posteriores da escola | Jacksonville hoje"},"content":{"rendered":"<p> <script async src=\"https:\/\/pagead2.googlesyndication.com\/pagead\/js\/adsbygoogle.js?client=ca-pub-8864793242727901\"\r\n     crossorigin=\"anonymous\"><\/script><br \/>\n<\/p>\n<div>\n<p>A Florida House na ter\u00e7a-feira deu aprova\u00e7\u00e3o final a um projeto de lei que se afastaria de um requisito destinado a iniciar aulas no ensino m\u00e9dio no final da manh\u00e3. <\/p>\n<p>A conta est\u00e1 pronta para ir ao governador Ron DeSantis.<\/p>\n<p>O Legislativo, em 2023, aprovou uma lei que impediria que as escolas secund\u00e1rias iniciassem antes das 8h30 para ajudar os adolescentes a dormir mais.<\/p>\n<p>A lei estava programada para entrar em vigor em 2026, mas muitos distritos escolares disseram que estavam lutando para cumprir o prazo devido a quest\u00f5es como a necessidade de comprar mais \u00f4nibus e contratar motoristas de \u00f4nibus dif\u00edceis de encontrar. Al\u00e9m disso, os distritos disseram que o in\u00edcio da escola mais tarde pode afetar as atividades p\u00f3s-escola dos alunos e os cuidados infantis das fam\u00edlias.<\/p>\n<p>A conta (<a href=\"https:\/\/www.flsenate.gov\/Session\/Bill\/2025\/296\" rel=\"nofollow noopener\" target=\"_blank\">SB 296<\/a>) permitiria que os distritos evitassem os requisitos se enviarem relat\u00f3rios ao Departamento de Educa\u00e7\u00e3o da Fl\u00f3rida, que incluem informa\u00e7\u00f5es sobre quest\u00f5es como hor\u00e1rios de in\u00edcio da escola e estrat\u00e9gias consideradas posteriormente no hor\u00e1rio de in\u00edcio para escolas de ensino m\u00e9dio e m\u00e9dio.<\/p>\n<p>A patrocinadora da Casa Anne Gerwig, R-Wellington, descreveu a lei de 2023 como &#8220;bem-intencionada&#8221;, mas apontou para os problemas de conformidade. Mas o deputado Lavon Bracy Davis, D-Oocee, disse que os legisladores foram avisados \u200b\u200bsobre &#8220;consequ\u00eancias n\u00e3o intencionais&#8221; da lei de 2023 relacionadas a quest\u00f5es como falta de motoristas de \u00f4nibus e custos adicionais para os distritos escolares.<\/p>\n<p>De acordo com a lei, as escolas de ensino m\u00e9dio n\u00e3o puderam come\u00e7ar antes das 8h, mas a quest\u00e3o se concentrou principalmente em estudantes do ensino m\u00e9dio. <\/p>\n<p>A senadora Jennifer Bradley, R-Fleming Island, patrocinou o projeto no Senado, que o aprovou no m\u00eas passado.<\/p>\n<\/div>\n<p><br \/>\n<br \/><a href=\"https:\/\/jaxtoday.org\/2025\/04\/30\/legislature-votes-to-repeal-later-school-start-times\/\">Source link <\/a><\/p>","protected":false},"excerpt":{"rendered":"<p>A Florida House na ter\u00e7a-feira deu aprova\u00e7\u00e3o final a um projeto de lei que se afastaria de um requisito destinado a iniciar aulas no ensino m\u00e9dio no final da manh\u00e3.&hellip;<\/p>","protected":false},"author":1,"featured_media":117645,"comment_status":"closed","ping_status":"open","sticky":false,"template":"","format":"standard","meta":{"content-type":"","footnotes":""},"categories":[1],"tags":[],"class_list":["post-117644","post","type-post","status-publish","format-standard","has-post-thumbnail","hentry","category-uncategorized"],"_links":{"self":[{"href":"https:\/\/tvbrazilusa.com\/pt\/wp-json\/wp\/v2\/posts\/117644","targetHints":{"allow":["GET"]}}],"collection":[{"href":"https:\/\/tvbrazilusa.com\/pt\/wp-json\/wp\/v2\/posts"}],"about":[{"href":"https:\/\/tvbrazilusa.com\/pt\/wp-json\/wp\/v2\/types\/post"}],"author":[{"embeddable":true,"href":"https:\/\/tvbrazilusa.com\/pt\/wp-json\/wp\/v2\/users\/1"}],"replies":[{"embeddable":true,"href":"https:\/\/tvbrazilusa.com\/pt\/wp-json\/wp\/v2\/comments?post=117644"}],"version-history":[{"count":1,"href":"https:\/\/tvbrazilusa.com\/pt\/wp-json\/wp\/v2\/posts\/117644\/revisions"}],"predecessor-version":[{"id":117646,"href":"https:\/\/tvbrazilusa.com\/pt\/wp-json\/wp\/v2\/posts\/117644\/revisions\/117646"}],"wp:featuredmedia":[{"embeddable":true,"href":"https:\/\/tvbrazilusa.com\/pt\/wp-json\/wp\/v2\/media\/117645"}],"wp:attachment":[{"href":"https:\/\/tvbrazilusa.com\/pt\/wp-json\/wp\/v2\/media?parent=117644"}],"wp:term":[{"taxonomy":"category","embeddable":true,"href":"https:\/\/tvbrazilusa.com\/pt\/wp-json\/wp\/v2\/categories?post=117644"},{"taxonomy":"post_tag","embeddable":true,"href":"https:\/\/tvbrazilusa.com\/pt\/wp-json\/wp\/v2\/tags?post=117644"}],"curies":[{"name":"wp","href":"https:\/\/api.w.org\/{rel}","templated":true}]}}