{"id":117650,"date":"2025-04-30T16:31:38","date_gmt":"2025-04-30T16:31:38","guid":{"rendered":"https:\/\/tvbrazilusa.com\/2025\/04\/30\/os-carcereiros-dizem-que-o-preso-nao-teve-ferimentos-visiveis-as-fotos-mostram-o-contrario-jacksonville-hoje\/"},"modified":"2025-04-30T16:45:51","modified_gmt":"2025-04-30T16:45:51","slug":"os-carcereiros-dizem-que-o-preso-nao-teve-ferimentos-visiveis-as-fotos-mostram-o-contrario-jacksonville-hoje","status":"publish","type":"post","link":"https:\/\/tvbrazilusa.com\/pt\/2025\/04\/30\/os-carcereiros-dizem-que-o-preso-nao-teve-ferimentos-visiveis-as-fotos-mostram-o-contrario-jacksonville-hoje\/","title":{"rendered":"Os carcereiros dizem que o preso n\u00e3o teve ferimentos vis\u00edveis. As fotos mostram o contr\u00e1rio. | Jacksonville hoje"},"content":{"rendered":"<p> <script async src=\"https:\/\/pagead2.googlesyndication.com\/pagead\/js\/adsbygoogle.js?client=ca-pub-8864793242727901\"\r\n     crossorigin=\"anonymous\"><\/script><br \/>\n<\/p>\n<div>\n<p>O rosto de Allison Fierro n\u00e3o estava marcado quando ela foi contratada na pris\u00e3o de Duval County em uma DUI. <\/p>\n<p>Quando ela se uniu tr\u00eas dias depois, seus olhos eram uma m\u00e1scara assustadora em preto e azul, resultado de uma violenta queda de &#8220;barra reta&#8221; por dois policiais que disseram que a mulher de 108 quilos e 55 anos implorando por seus rem\u00e9dios para ansiedade estava sendo &#8220;n\u00e3o cooperativa&#8221;.<\/p>\n<p>O oficial do sexo masculino que bateu o rosto de Fierro no ch\u00e3o e a oficial que o ajudou n\u00e3o registrou o reportar relat\u00f3rio de &#8220;resposta \u00e0 resist\u00eancia&#8221;, apesar do mandato de um xerife de Jacksonville que esses relat\u00f3rios sejam arquivados sempre que um detido \u00e9 ferido pela equipe. <\/p>\n<p>Apesar dessa omiss\u00e3o, ningu\u00e9m foi disciplinado.<\/p>\n<p>O motivo: os assuntos internos n\u00e3o foram capazes de determinar se os policiais estavam cientes de que a Fierro sofreu ferimentos.<\/p>\n<p>Fierro recebeu uma breve nota do xerife de Jacksonville, TK Waters, expressando seu &#8220;arrependimento&#8221; de que a experi\u00eancia dela em sua pris\u00e3o foi &#8220;desfavor\u00e1vel e percebida&#8221;.<\/p>\n<p>\u00c9 o <a href=\"https:\/\/jaxtrib.org\/2025\/04\/22\/officer-suspended-in-recent-duval-jail-death-was-previously-reprimanded\/\" rel=\"nofollow noopener\" target=\"_blank\">\u00daltimo epis\u00f3dio perturbador<\/a> emergir da pris\u00e3o, onde nos oito corre\u00e7\u00f5es do m\u00eas passado e um sargento foram suspensos ap\u00f3s a morte de um pai de 31 anos que era <a href=\"https:\/\/www.news4jax.com\/news\/local\/2025\/04\/23\/protestors-call-for-city-council-to-ensure-justice-is-served-in-death-of-duval-county-inmate\/\" target=\"_blank\" rel=\"noreferrer noopener nofollow\">supostamente espancado pela equipe<\/a>de acordo com o advogado de sua fam\u00edlia, enquanto estava detido em dois delitos.<\/p>\n<p>A experi\u00eancia de Allison Fierro ocorreu no ano passado, mas n\u00e3o foi relatada anteriormente.<\/p>\n<p>Ela foi presa no in\u00edcio de 12 de janeiro de 2024, em Neptune Beach por suspeita de DUI e foi atingida no ch\u00e3o logo ap\u00f3s sua apari\u00e7\u00e3o na quadra de reserva e v\u00eddeo, que, segundo ela, havia elevado a press\u00e3o j\u00e1 alta.<\/p>\n<p>Quando Fierro se uniu em 15 de janeiro, ela ainda n\u00e3o havia sido tratada por seus ferimentos, disse ela, apesar de fazer v\u00e1rios pedidos verbalmente e em um tablet de computador para esse fim. <\/p>\n<p>Um amigo a pegou na pris\u00e3o e a dirigiu direto para a cl\u00ednica da Mayo, que ligou para o 911 ao dar uma olhada no rosto dela. Isso chamou a aten\u00e7\u00e3o do JSO. A equipe do hospital tamb\u00e9m alertou um oficial que estava no local trabalhando em um turno de folga. <\/p>\n<p>Um detetive da unidade de integridade da JSO, que investiga poss\u00edvel comportamento criminoso pelos policiais, foi enviado para o hospital. Fotos do rosto de Fierro foram tiradas, e ela descreveu para o detetive ser batido no ch\u00e3o enquanto implorava a dois policiais, mais tarde identificados como William Rudy e Erin Henderson, que ela precisava de seus rem\u00e9dios. Quando seu rosto bateu no ch\u00e3o, ela ouviu algo &#8220;crack&#8221;, mas foi instru\u00eddo a &#8220;calar a boca&#8221; quando pediu para ver o pessoal m\u00e9dico, disse ela ao detetive.<\/p>\n<p>A unidade de integridade entregou a investiga\u00e7\u00e3o a assuntos internos depois de descobrir que &#8220;n\u00e3o havia elemento criminoso&#8221;.<\/p>\n<figure class=\"wp-block-image size-large\"><figcaption class=\"wp-element-caption\">A foto de Allison Fierro mostra que ela foi reservada para a pris\u00e3o do condado de Duval sem hematomas no rosto. Fierro postou Bond tr\u00eas dias depois e foi levado ao hospital com hematomas ao redor dos olhos. Fierro disse que essa les\u00e3o aconteceu na pris\u00e3o quando um oficial correcional a jogou no ch\u00e3o. | Gabinete do xerife de Jacksonville, folheto<\/figcaption><\/figure>\n<p>A investiga\u00e7\u00e3o inclu\u00eda olhar para imagens de vigil\u00e2ncia, examinar fotos do rosto de Fierro e entrevistar os dois policiais, cada um por menos de cinco minutos, al\u00e9m de um supervisor. Todos negaram saber que Fierro havia sido ferido ou que ela pediu aten\u00e7\u00e3o m\u00e9dica.<\/p>\n<p>Fierro disse que os oficiais de assuntos internos n\u00e3o a entrevistaram, e n\u00e3o h\u00e1 indica\u00e7\u00e3o no arquivo se os registros do tablet foram examinados. Na aus\u00eancia de consci\u00eancia de uma les\u00e3o, os investigadores decidiram que n\u00e3o havia necessidade de registrar um relat\u00f3rio de resposta a resist\u00eancia.<\/p>\n<p>Em resposta a uma solicita\u00e7\u00e3o de registros p\u00fablicos, o escrit\u00f3rio do xerife disse ao tribut\u00e1rio que as filmagens de vigil\u00e2ncia foram registradas e n\u00e3o poderiam ser compartilhadas. O mesmo departamento disse ao advogado de Fierro, Matt Kachergus, que apresentou um aviso de inten\u00e7\u00e3o de processar, que as filmagens haviam sido preservadas.<\/p>\n<p>A Aubrey Land, que passou anos como inspetor do Departamento de Corre\u00e7\u00f5es da Fl\u00f3rida antes de se tornar consultor em quest\u00f5es da pris\u00e3o, disse que est\u00e1 claro que os policiais deveriam ter preenchido o formul\u00e1rio e que n\u00e3o faz\u00ea -lo violou os padr\u00f5es de pris\u00e3o modelo da Fl\u00f3rida, que as presas na Fl\u00f3rida devem atender \u00e0 Fl\u00f3rida para garantir que os direitos constitucionais daqueles encarcerados estejam ruins.  <\/p>\n<p>&#8220;Eu esperaria que houvesse algum tipo de a\u00e7\u00e3o disciplinar sendo tomada&#8221;, disse ele.<\/p>\n<h3 class=\"wp-block-heading\">Contas variadas<\/h3>\n<p>Fierro, que nunca havia sido preso antes e que eventualmente implorou \u00e0 dire\u00e7\u00e3o imprudente, acabara de ver o juiz por um link de v\u00eddeo e voltou para a \u00e1rea de reserva quando pediu seus rem\u00e9dios. <\/p>\n<p>Ela disse que se sentia fraca, que sua press\u00e3o arterial estava subindo. Os policiais disseram que ela come\u00e7ou a gritar com a enfermeira quando a medica\u00e7\u00e3o foi negada. Fierro disse ao detetive da Unidade de Integridade que ela levantou a voz porque a sala ficou mais alta quando mais prisioneiros foram trazidos.<\/p>\n<p>O tribut\u00e1rio recebeu \u00e1udio das entrevistas dos oficiais por meio de uma solicita\u00e7\u00e3o de registros p\u00fablicos. Rudy, o policial que fez a queda, disse que Fierro &#8220;se afastou&#8221; depois que ela jogou o coletor, levando a queda. <\/p>\n<p>&#8220;Depois que consideramos que ela n\u00e3o seria mais uma amea\u00e7a, n\u00e3o precisamos algemar a algemar quando a escolt\u00e1vamos. N\u00f3s a levantamos. N\u00e3o houve queixas de les\u00f5es, ou qualquer les\u00e3o vis\u00edvel, sem sangue, nada&#8221;, disse ele. Rudy n\u00e3o foi perguntado o que Fierro fez para faz\u00ea -lo pensar que ela pode ter sido uma amea\u00e7a.<\/p>\n<p>Henderson disse que Fierro &#8220;jogou algo comigo e o oficial Rudy&#8221;, embora ela n\u00e3o tenha dito o que e n\u00e3o foi perguntado. Contraditando Rudy, ela disse que Fierro foi algemado depois de ser pego no ch\u00e3o.<\/p>\n<p>Ambos os policiais disseram que a for\u00e7a usada n\u00e3o era excessiva. <\/p>\n<p>Fierro descreveu a queda de maneira diferente, lembrando -se de sua \u201csoquete de olho esquerdo\u201d batendo no ch\u00e3o e dizendo: &#8220;Oh meu Deus, acho que meu rosto est\u00e1 sangrando. Acho que meus ossos est\u00e3o rachados&#8221;.<\/p>\n<p>Fierro confirmou que foi algemada depois e disse que disse aos policiais v\u00e1rias vezes que foi ferida.<\/p>\n<p>A pol\u00edtica de resposta \u00e0 resist\u00eancia da JSO descreve quando um formul\u00e1rio precisa ser preenchido, inclusive quando &#8220;a for\u00e7a f\u00edsica foi usada em um assunto e a for\u00e7a resultou, ou supostamente resultando em qualquer les\u00e3o, independentemente da gravidade&#8221;. Uma queda se enquadra na defini\u00e7\u00e3o de for\u00e7a, de acordo com a pol\u00edtica.<\/p>\n<p>Al\u00e9m de fazer pedidos de atendimento m\u00e9dico atrav\u00e9s do tablet, Fierro disse que apontaria seus contus\u00f5es todos os dias quando as enfermeiras faziam suas rondas e diziam: &#8220;Eu n\u00e3o entrei com isso&#8221;. Ela disse que foi ignorada.<\/p>\n<p>O pedido do tribut\u00e1rio para os registros do tablet foi negado.<\/p>\n<p>Em 24 de mar\u00e7o de 2024, no dia seguinte a Henderson e Rudy sentaram -se para suas breves entrevistas, o JSO enviou uma carta ao Fierro dizendo que a equipe agiu corretamente e o assunto foi fechado.<\/p>\n<p><em>Divulga\u00e7\u00e3o: Matt <em>Kachergur <\/em>\u00e9 um defensor financeiro do tribut\u00e1rio, uma organiza\u00e7\u00e3o de not\u00edcias sem fins lucrativos e n\u00e3o partid\u00e1ria que \u00e9 financiada por doa\u00e7\u00f5es de leitores, funda\u00e7\u00f5es e patrocinadores corporativos. Os apoiadores financeiros n\u00e3o desempenham nenhum papel nas decis\u00f5es editoriais no tribut\u00e1rio. Encontre nossas pol\u00edticas editoriais <a href=\"https:\/\/jaxtrib.org\/about\/editorial-independence\/\" target=\"_blank\" rel=\"noreferrer noopener nofollow\">aqui<\/a>.<\/em><\/p>\n<p><em><em>Esta hist\u00f3ria \u00e9 publicada atrav\u00e9s de uma parceria entre <\/em><a href=\"https:\/\/jaxtoday.org\/\">Jacksonville hoje<\/a><em> e <a href=\"http:\/\/jaxtrib.com\/\" target=\"_blank\" rel=\"noreferrer noopener nofollow\">O afluente<\/a>.<\/em><\/em><\/p>\n<\/div>\n<p><br \/>\n<br \/><a href=\"https:\/\/jaxtoday.org\/2025\/04\/30\/jailers-say-inmate-had-no-visible-injuries-photos-show-otherwise\/\">Source link <\/a><\/p>","protected":false},"excerpt":{"rendered":"<p>O rosto de Allison Fierro n\u00e3o estava marcado quando ela foi contratada na pris\u00e3o de Duval County em uma DUI. Quando ela se uniu tr\u00eas dias depois, seus olhos eram&hellip;<\/p>","protected":false},"author":1,"featured_media":117651,"comment_status":"closed","ping_status":"open","sticky":false,"template":"","format":"standard","meta":{"content-type":"","footnotes":""},"categories":[1],"tags":[],"class_list":["post-117650","post","type-post","status-publish","format-standard","has-post-thumbnail","hentry","category-uncategorized"],"_links":{"self":[{"href":"https:\/\/tvbrazilusa.com\/pt\/wp-json\/wp\/v2\/posts\/117650","targetHints":{"allow":["GET"]}}],"collection":[{"href":"https:\/\/tvbrazilusa.com\/pt\/wp-json\/wp\/v2\/posts"}],"about":[{"href":"https:\/\/tvbrazilusa.com\/pt\/wp-json\/wp\/v2\/types\/post"}],"author":[{"embeddable":true,"href":"https:\/\/tvbrazilusa.com\/pt\/wp-json\/wp\/v2\/users\/1"}],"replies":[{"embeddable":true,"href":"https:\/\/tvbrazilusa.com\/pt\/wp-json\/wp\/v2\/comments?post=117650"}],"version-history":[{"count":1,"href":"https:\/\/tvbrazilusa.com\/pt\/wp-json\/wp\/v2\/posts\/117650\/revisions"}],"predecessor-version":[{"id":117652,"href":"https:\/\/tvbrazilusa.com\/pt\/wp-json\/wp\/v2\/posts\/117650\/revisions\/117652"}],"wp:featuredmedia":[{"embeddable":true,"href":"https:\/\/tvbrazilusa.com\/pt\/wp-json\/wp\/v2\/media\/117651"}],"wp:attachment":[{"href":"https:\/\/tvbrazilusa.com\/pt\/wp-json\/wp\/v2\/media?parent=117650"}],"wp:term":[{"taxonomy":"category","embeddable":true,"href":"https:\/\/tvbrazilusa.com\/pt\/wp-json\/wp\/v2\/categories?post=117650"},{"taxonomy":"post_tag","embeddable":true,"href":"https:\/\/tvbrazilusa.com\/pt\/wp-json\/wp\/v2\/tags?post=117650"}],"curies":[{"name":"wp","href":"https:\/\/api.w.org\/{rel}","templated":true}]}}