{"id":117661,"date":"2025-04-30T18:45:28","date_gmt":"2025-04-30T18:45:28","guid":{"rendered":"https:\/\/tvbrazilusa.com\/2025\/04\/30\/o-que-fazer-orquestra-de-funk-ghost-ilha-de-8-bandeiras-festival-de-camarao-romanza-festivale-jacksonville-hoje\/"},"modified":"2025-04-30T18:56:57","modified_gmt":"2025-04-30T18:56:57","slug":"o-que-fazer-orquestra-de-funk-ghost-ilha-de-8-bandeiras-festival-de-camarao-romanza-festivale-jacksonville-hoje","status":"publish","type":"post","link":"https:\/\/tvbrazilusa.com\/pt\/2025\/04\/30\/o-que-fazer-orquestra-de-funk-ghost-ilha-de-8-bandeiras-festival-de-camarao-romanza-festivale-jacksonville-hoje\/","title":{"rendered":"O que fazer | Orquestra de Funk Ghost; Ilha de 8 bandeiras Festival de camar\u00e3o; Romanza festivale | Jacksonville hoje"},"content":{"rendered":"<p> <script async src=\"https:\/\/pagead2.googlesyndication.com\/pagead\/js\/adsbygoogle.js?client=ca-pub-8864793242727901\"\r\n     crossorigin=\"anonymous\"><\/script><br \/>\n<\/p>\n<div>\n<div class=\"wp-block-image\">\n<figure class=\"aligncenter size-full is-resized\"><\/figure>\n<\/div>\n<p><strong>Sexta-feira<\/strong><\/p>\n<p><strong><strong>Orquestra de Funk Ghost<\/strong><\/strong><\/p>\n<p><strong><strong><strong><strong><strong> WJCT SoundStage | Centro da cidade<\/strong><\/strong><\/strong><\/strong><\/strong><\/p>\n<p>Pegue uma noite de m\u00fasica que dobra de g\u00eanero nesta sexta-feira como o <em>Experi\u00eancia musical de Jacksonville<\/em> A s\u00e9rie SoundStage recebe a Orquestra Ghost Funk. O coletivo de alma psicod\u00e9lica de Nova York, liderada pelo compositor e multi-instrumentista, Seth Applebaum mistura Psych Rock, Jazz e Funk em um som cinematogr\u00e1fico original. Seu \u00faltimo \u00e1lbum, <em>Uma viagem para a lua<\/em>cimentou seu lugar como um ato ao vivo imperd\u00edvel.  <\/p>\n<p><em>WJCT SoundStage, 100 Festival Park Ave. Portas abrem \u00e0s 6. TIMPADOR: US $ 25.  <a href=\"https:\/\/www.wjct.org\/events\/community\/jme-soundstage-series-ghost-funk-orchestra-w-kale-that-raps\/\" rel=\"nofollow noopener\" target=\"_blank\">Ingressos e mais informa\u00e7\u00f5es. <\/a><\/em><\/p>\n<hr class=\"wp-block-separator has-alpha-channel-opacity\"\/>\n<div class=\"wp-block-image\">\n<figure class=\"aligncenter size-full is-resized\"><img loading=\"lazy\" color=\"359a51\" transparency=\"true\" decoding=\"async\" width=\"500\" height=\"266\" src=\"https:\/\/jaxtoday.org\/wp-content\/uploads\/2025\/04\/New-Logo-SM.png\" alt=\"\" class=\"has-transparency wp-image-92899\" style=\"--dominant-color: #359a51; width:814px;height:auto\" srcset=\"https:\/\/jaxtoday.org\/wp-content\/uploads\/2025\/04\/New-Logo-SM.png 500w, https:\/\/jaxtoday.org\/wp-content\/uploads\/2025\/04\/New-Logo-SM-300x160.png 300w, https:\/\/jaxtoday.org\/wp-content\/uploads\/2025\/04\/New-Logo-SM-451x240.png 451w, https:\/\/jaxtoday.org\/wp-content\/uploads\/2025\/04\/New-Logo-SM-100x53.png 100w\" sizes=\"auto, (max-width: 500px) 100vw, 500px\"\/><\/figure>\n<\/div>\n<p><strong>Durante todo o fim de semana<\/strong><\/p>\n<p><strong><strong><strong><strong>Festival de camar\u00e3o da Ilha de Oito Flags<\/strong><\/strong><\/strong><\/strong><\/p>\n<p><strong><strong><strong><strong><strong>V\u00e1rios locais | Downtown Fernandina Beach<\/strong><\/strong><\/strong><\/strong><\/strong><\/p>\n<p>V\u00e1 para Fernandina Beach neste fim de semana para o 60\u00ba festival anual de camar\u00f5es da Ilha da Ilha de Oito Flags. \u00c9 uma tradi\u00e7\u00e3o costeira amada repleta de divers\u00e3o para todas as idades: m\u00fasica ao vivo, uma zona divertida para crian\u00e7as, artes e artesanato, tesouros antigos e, \u00e9 claro, muito camar\u00e3o. Os chefs locais tamb\u00e9m estar\u00e3o servindo todos os tipos de especialidades de frutos do mar, ent\u00e3o venha com fome e pronto para explorar.<\/p>\n<figure class=\"wp-block-image size-large\"><img loading=\"lazy\" color=\"d7d1c4\" transparency=\"false\" style=\"--dominant-color: #d7d1c4;\" decoding=\"async\" width=\"896\" height=\"1024\" src=\"https:\/\/jaxtoday.org\/wp-content\/uploads\/2025\/04\/2025-Shrimp-Festival-Map-1575x1800-1-896x1024.jpg\" alt=\"\" class=\"not-transparent wp-image-92900\" srcset=\"https:\/\/jaxtoday.org\/wp-content\/uploads\/2025\/04\/2025-Shrimp-Festival-Map-1575x1800-1-896x1024.jpg 896w, https:\/\/jaxtoday.org\/wp-content\/uploads\/2025\/04\/2025-Shrimp-Festival-Map-1575x1800-1-263x300.jpg 263w, https:\/\/jaxtoday.org\/wp-content\/uploads\/2025\/04\/2025-Shrimp-Festival-Map-1575x1800-1-768x878.jpg 768w, https:\/\/jaxtoday.org\/wp-content\/uploads\/2025\/04\/2025-Shrimp-Festival-Map-1575x1800-1-1344x1536.jpg 1344w, https:\/\/jaxtoday.org\/wp-content\/uploads\/2025\/04\/2025-Shrimp-Festival-Map-1575x1800-1-210x240.jpg 210w, https:\/\/jaxtoday.org\/wp-content\/uploads\/2025\/04\/2025-Shrimp-Festival-Map-1575x1800-1-100x114.jpg 100w, https:\/\/jaxtoday.org\/wp-content\/uploads\/2025\/04\/2025-Shrimp-Festival-Map-1575x1800-1.jpg 1575w\" sizes=\"auto, (max-width: 896px) 100vw, 896px\"\/><figcaption class=\"wp-element-caption\">Layout do Fest de camar\u00e3o para 2025<\/figcaption><\/figure>\n<p><em>102 Center St., Fernandina Beach. O evento \u00e9 gratuito ao p\u00fablico. <a href=\"https:\/\/www.shrimpfestival.com\/\" rel=\"nofollow noopener\" target=\"_blank\">Mais informa\u00e7\u00f5es.<\/a><\/em><\/p>\n<hr class=\"wp-block-separator has-alpha-channel-opacity\"\/>\n<div class=\"wp-block-group\">\n<div class=\"wp-block-group__inner-container is-layout-constrained wp-block-group-is-layout-constrained\">\n<div class=\"wp-block-image\">\n<figure class=\"aligncenter size-full\"><img loading=\"lazy\" color=\"74252d\" transparency=\"false\" style=\"--dominant-color: #74252d;\" decoding=\"async\" width=\"960\" height=\"526\" src=\"https:\/\/jaxtoday.org\/wp-content\/uploads\/2025\/04\/493109819_1082022003958853_854590982537556760_n.jpg\" alt=\"\" class=\"not-transparent wp-image-92901\" srcset=\"https:\/\/jaxtoday.org\/wp-content\/uploads\/2025\/04\/493109819_1082022003958853_854590982537556760_n.jpg 960w, https:\/\/jaxtoday.org\/wp-content\/uploads\/2025\/04\/493109819_1082022003958853_854590982537556760_n-300x164.jpg 300w, https:\/\/jaxtoday.org\/wp-content\/uploads\/2025\/04\/493109819_1082022003958853_854590982537556760_n-768x421.jpg 768w, https:\/\/jaxtoday.org\/wp-content\/uploads\/2025\/04\/493109819_1082022003958853_854590982537556760_n-438x240.jpg 438w, https:\/\/jaxtoday.org\/wp-content\/uploads\/2025\/04\/493109819_1082022003958853_854590982537556760_n-100x55.jpg 100w\" sizes=\"auto, (max-width: 960px) 100vw, 960px\"\/><\/figure>\n<\/div>\n<p><strong>2 de maio a 17 de maio (3 fins de semana!)<\/strong><\/p>\n<p><strong><strong><strong><strong><strong>Romanza Festivale of Music and the Arts<\/strong><\/strong><\/strong><\/strong><\/strong><\/p>\n<p><strong><strong><strong><strong>V\u00e1rios locais | Santo Agostinho<\/strong><\/strong><\/strong><\/strong><\/p>\n<p>O Romanza Festivale em breve encher\u00e1 St. Augustine com galerias de arte pop-up, shows ao ar livre e outras experi\u00eancias culturais em todos os cantos. Com tr\u00eas fins de semana, esta celebra\u00e7\u00e3o anual mostra os talentos da comunidade de artes do Condado de St. Johns &#8211; do teatro em locais hist\u00f3ricos a m\u00fasica e dan\u00e7a que se espalham pelas ruas.<\/p>\n<p><em>A maioria dos eventos \u00e9 gratuita. Veja cada listagem para obter detalhes. <a href=\"https:\/\/www.romanzafestivale.com\/2025-events\/\" rel=\"nofollow noopener\" target=\"_blank\">Mais informa\u00e7\u00f5es.<\/a><\/em><\/p>\n<\/div>\n<\/div>\n<\/div>\n<p><br \/>\n<br \/><a href=\"https:\/\/jaxtoday.org\/2025\/04\/30\/what-to-do-ghost-funk-orchestra-isle-of-8-flags-shrimp-festival-romanza-festivale\/\">Source link <\/a><\/p>","protected":false},"excerpt":{"rendered":"<p>Sexta-feira Orquestra de Funk Ghost WJCT SoundStage | Centro da cidade Pegue uma noite de m\u00fasica que dobra de g\u00eanero nesta sexta-feira como o Experi\u00eancia musical de Jacksonville A s\u00e9rie&hellip;<\/p>","protected":false},"author":1,"featured_media":117662,"comment_status":"closed","ping_status":"open","sticky":false,"template":"","format":"standard","meta":{"content-type":"","footnotes":""},"categories":[1],"tags":[],"class_list":["post-117661","post","type-post","status-publish","format-standard","has-post-thumbnail","hentry","category-uncategorized"],"_links":{"self":[{"href":"https:\/\/tvbrazilusa.com\/pt\/wp-json\/wp\/v2\/posts\/117661","targetHints":{"allow":["GET"]}}],"collection":[{"href":"https:\/\/tvbrazilusa.com\/pt\/wp-json\/wp\/v2\/posts"}],"about":[{"href":"https:\/\/tvbrazilusa.com\/pt\/wp-json\/wp\/v2\/types\/post"}],"author":[{"embeddable":true,"href":"https:\/\/tvbrazilusa.com\/pt\/wp-json\/wp\/v2\/users\/1"}],"replies":[{"embeddable":true,"href":"https:\/\/tvbrazilusa.com\/pt\/wp-json\/wp\/v2\/comments?post=117661"}],"version-history":[{"count":1,"href":"https:\/\/tvbrazilusa.com\/pt\/wp-json\/wp\/v2\/posts\/117661\/revisions"}],"predecessor-version":[{"id":117663,"href":"https:\/\/tvbrazilusa.com\/pt\/wp-json\/wp\/v2\/posts\/117661\/revisions\/117663"}],"wp:featuredmedia":[{"embeddable":true,"href":"https:\/\/tvbrazilusa.com\/pt\/wp-json\/wp\/v2\/media\/117662"}],"wp:attachment":[{"href":"https:\/\/tvbrazilusa.com\/pt\/wp-json\/wp\/v2\/media?parent=117661"}],"wp:term":[{"taxonomy":"category","embeddable":true,"href":"https:\/\/tvbrazilusa.com\/pt\/wp-json\/wp\/v2\/categories?post=117661"},{"taxonomy":"post_tag","embeddable":true,"href":"https:\/\/tvbrazilusa.com\/pt\/wp-json\/wp\/v2\/tags?post=117661"}],"curies":[{"name":"wp","href":"https:\/\/api.w.org\/{rel}","templated":true}]}}