{"id":11767,"date":"2024-07-29T23:00:30","date_gmt":"2024-07-29T23:00:30","guid":{"rendered":"https:\/\/tvbrazilusa.com\/2024\/07\/29\/jennifer-garner-estava-esperando-por-um-heroi-depois-de-ficar-presa-em-um-elevador-na-comic-con-wsvn-7news-noticias-de-miami-clima-esportes-fort-lauderdale\/"},"modified":"2024-07-29T23:08:14","modified_gmt":"2024-07-29T23:08:14","slug":"jennifer-garner-estava-esperando-por-um-heroi-depois-de-ficar-presa-em-um-elevador-na-comic-con-wsvn-7news-noticias-de-miami-clima-esportes-fort-lauderdale","status":"publish","type":"post","link":"https:\/\/tvbrazilusa.com\/pt\/2024\/07\/29\/jennifer-garner-estava-esperando-por-um-heroi-depois-de-ficar-presa-em-um-elevador-na-comic-con-wsvn-7news-noticias-de-miami-clima-esportes-fort-lauderdale\/","title":{"rendered":"Jennifer Garner estava esperando por um her\u00f3i depois de ficar presa em um elevador na Comic-Con &#8211; WSVN 7News | Not\u00edcias de Miami, Clima, Esportes | Fort Lauderdale"},"content":{"rendered":"<p> <script async src=\"https:\/\/pagead2.googlesyndication.com\/pagead\/js\/adsbygoogle.js?client=ca-pub-8864793242727901\"\r\n     crossorigin=\"anonymous\"><\/script><br \/>\n<\/p>\n<div itemprop=\"articleBody\">\n<p><strong>(CNN) \u2014 <\/strong>Jennifer Garner leva luz \u00e0 todos os lugares que vai, inclusive a uma situa\u00e7\u00e3o desconfort\u00e1vel na Comic-Con.<\/p>\n<p>A atriz e otimista compartilhou uma s\u00e9rie de v\u00eddeos em sua conta de m\u00eddia social no fim de semana que a mostravam presa em um elevador parado na conven\u00e7\u00e3o. Ela legendou o post: \u201cPrimeira Comic Con do beb\u00ea: um conto.\u201d<\/p>\n<p>Garner, que repete seu papel como Elektra no novo filme de sucesso &#8220;Deadpool &#038; Wolverine&#8221;, estava l\u00e1 para participar de um painel de discuss\u00e3o com alguns de seus colegas de elenco quando ela e outros se viram incapazes de sair de um elevador no Hard Rock Hotel San Diego, na Calif\u00f3rnia.<\/p>\n<p>\u201cEu poderia usar um Wolverine, eu poderia usar um Deadpool, eu poderia usar algu\u00e9m\u201d, ela disse em seu primeiro v\u00eddeo. \u201cObrigada por nos receber aqui. Minha primeira Comic-Con.\u201d<\/p>\n<p>Cada v\u00eddeo continha um registro de tempo de quanto tempo eles ficaram presos, e as coisas ficaram um pouco tensas, literalmente.<\/p>\n<p>\u201cEst\u00e1 quentinho\u201d, disse Garner suado. \u201cEstou embriagado. Preciso me secar.\u201d<\/p>\n<p>Garner sendo Garner, ela manteve o clima leve, apoiando-se no conselho de sentar quando estava presa em um elevador que ela disse ter ouvido em &#8220;The Office&#8221; ou &#8220;Brooklyn Nine-Nine&#8221;. Ap\u00f3s 40 minutos, ela liderou todos em uma rodada da m\u00fasica &#8220;99 Bottles of Beer&#8221;.<\/p>\n<p>Ap\u00f3s uma liga\u00e7\u00e3o para o 911, e uma hora e 12 minutos depois, Garner pode ser visto visivelmente animado quando as portas finalmente s\u00e3o abertas pelos socorristas e aqueles dentro do elevador come\u00e7am a comemorar.<\/p>\n<p>Ela chegou ao painel. Se houvesse um personagem da Marvel cujo superpoder fosse positividade, certamente seria Garner.<\/p>\n<p><em>The-CNN-Wire\u2122 &#038; \u00a9 2024 Cable News Network, Inc., uma empresa Time Warner. Todos os direitos reservados.<\/em><\/p>\n<div class=\"wp-block-newsletter\">\n\t<strong class=\"wp-block-newsletter__title\">Inscreva-se em nossa Newsletter para receber as \u00faltimas not\u00edcias diretamente na sua caixa de entrada<\/strong><\/p>\n<\/div><\/div>\n<p><br \/>\n<br \/><a href=\"https:\/\/wsvn.com\/entertainment\/jennifer-garner-was-holding-out-for-a-hero-after-getting-stuck-in-an-elevator-at-comic-con\/\">Source link <\/a><\/p>","protected":false},"excerpt":{"rendered":"<p>(CNN) \u2014 Jennifer Garner leva luz \u00e0 todos os lugares que vai, inclusive a uma situa\u00e7\u00e3o desconfort\u00e1vel na Comic-Con. A atriz e otimista compartilhou uma s\u00e9rie de v\u00eddeos em sua&hellip;<\/p>","protected":false},"author":1,"featured_media":11768,"comment_status":"closed","ping_status":"open","sticky":false,"template":"","format":"standard","meta":{"content-type":"","footnotes":""},"categories":[1],"tags":[],"class_list":["post-11767","post","type-post","status-publish","format-standard","has-post-thumbnail","hentry","category-uncategorized"],"_links":{"self":[{"href":"https:\/\/tvbrazilusa.com\/pt\/wp-json\/wp\/v2\/posts\/11767","targetHints":{"allow":["GET"]}}],"collection":[{"href":"https:\/\/tvbrazilusa.com\/pt\/wp-json\/wp\/v2\/posts"}],"about":[{"href":"https:\/\/tvbrazilusa.com\/pt\/wp-json\/wp\/v2\/types\/post"}],"author":[{"embeddable":true,"href":"https:\/\/tvbrazilusa.com\/pt\/wp-json\/wp\/v2\/users\/1"}],"replies":[{"embeddable":true,"href":"https:\/\/tvbrazilusa.com\/pt\/wp-json\/wp\/v2\/comments?post=11767"}],"version-history":[{"count":1,"href":"https:\/\/tvbrazilusa.com\/pt\/wp-json\/wp\/v2\/posts\/11767\/revisions"}],"predecessor-version":[{"id":11769,"href":"https:\/\/tvbrazilusa.com\/pt\/wp-json\/wp\/v2\/posts\/11767\/revisions\/11769"}],"wp:featuredmedia":[{"embeddable":true,"href":"https:\/\/tvbrazilusa.com\/pt\/wp-json\/wp\/v2\/media\/11768"}],"wp:attachment":[{"href":"https:\/\/tvbrazilusa.com\/pt\/wp-json\/wp\/v2\/media?parent=11767"}],"wp:term":[{"taxonomy":"category","embeddable":true,"href":"https:\/\/tvbrazilusa.com\/pt\/wp-json\/wp\/v2\/categories?post=11767"},{"taxonomy":"post_tag","embeddable":true,"href":"https:\/\/tvbrazilusa.com\/pt\/wp-json\/wp\/v2\/tags?post=11767"}],"curies":[{"name":"wp","href":"https:\/\/api.w.org\/{rel}","templated":true}]}}