{"id":11775,"date":"2024-07-29T22:48:36","date_gmt":"2024-07-29T22:48:36","guid":{"rendered":"https:\/\/tvbrazilusa.com\/2024\/07\/29\/maduro-expulsa-da-venezuela-embaixadores-de-7-paises-paulo-figueiredo\/"},"modified":"2024-07-29T23:20:19","modified_gmt":"2024-07-29T23:20:19","slug":"maduro-expulsa-da-venezuela-embaixadores-de-7-paises-paulo-figueiredo","status":"publish","type":"post","link":"https:\/\/tvbrazilusa.com\/pt\/2024\/07\/29\/maduro-expulsa-da-venezuela-embaixadores-de-7-paises-paulo-figueiredo\/","title":{"rendered":"Maduro expulsa da Venezuela embaixadores de 7 pa\u00edses &#8211; Paulo Figueiredo"},"content":{"rendered":"<p> <script async src=\"https:\/\/pagead2.googlesyndication.com\/pagead\/js\/adsbygoogle.js?client=ca-pub-8864793242727901\"\r\n     crossorigin=\"anonymous\"><\/script><br \/>\n<\/p>\n<div id=\"wtr-content\" data-bg=\"#FFFFFF\" data-fg=\"#006d91\" data-width=\"25\" data-mute=\"1\" data-fgopacity=\"1.00\" data-mutedopacity=\"0.5\" data-placement=\"bottom\" data-placement-offset=\"0\" data-content-offset=\"262\" data-placement-touch=\"bottom\" data-placement-offset-touch=\"0\" data-transparent=\"\" data-shadow=\"0\" data-touch=\"1\" data-non-touch=\"1\" data-comments=\"0\" data-commentsbg=\"transparent\" data-location=\"page\" data-mutedfg=\"#006d91\" data-endfg=\"#006d91\" data-rtl=\"\">\n<pre class=\"wp-block-preformatted has-small-font-size\">Foto - Federico Parra\/AFP<\/pre>\n<h3 class=\"wp-block-heading\">Ditador determina retirada imediata de embaixadores de na\u00e7\u00f5es que contestaram a sua \u2018vit\u00f3ria\u2019 na elei\u00e7\u00e3o deste domingo, 28<\/h3>\n<p>O ditador da Venezuela, Nicol\u00e1s Maduro, rompeu rela\u00e7\u00f5es diplom\u00e1ticas com sete pa\u00edses que contestaram sua \u201cvit\u00f3ria\u201d nas elei\u00e7\u00f5es do pa\u00eds, anunciada na madrugada desta segunda-feira, 29.<\/p>\n<p>O an\u00fancio foi feito pelo regime chavista no fim desta tarde. Maduro tamb\u00e9m exige que os embaixadores das na\u00e7\u00f5es na Venezuela sejam retirados imediatamente por seus governantes. Os pa\u00edses s\u00e3o:<\/p>\n<ul class=\"wp-block-list\">\n<li>Argentina;<\/li>\n<li>Chile;<\/li>\n<li>Costa Rica;<\/li>\n<li>Peru;<\/li>\n<li>Panam\u00e1;<\/li>\n<li>Rep\u00fablica Dominicana; e<\/li>\n<li>Uruguai.<\/li>\n<\/ul>\n<p>No comunicado, a ditadura alega que as na\u00e7\u00f5es citadas fazem parte de um \u201cgrupo de governos de direita subordinado \u00e0 Washington (Estados Unidos)\u201d. O governo bolivariano tamb\u00e9m afirmou que ir\u00e1 enfrentar todas as a\u00e7\u00f5es que \u201catentem contra o clima de paz e esfor\u00e7os do povo venezuelano\u201d.<\/p>\n<div class=\"wp-block-image\">\n<figure class=\"aligncenter size-large is-resized\"><\/figure>\n<\/div>\n<div class=\"wp-block-image\">\n<figure class=\"aligncenter size-large is-resized\"><img decoding=\"async\" src=\"https:\/\/medias.revistaoeste.com\/qa-staging\/wp-content\/uploads\/2024\/07\/WhatsApp-Image-2024-07-29-at-17.58.23.jpeg\" alt=\"\" style=\"width:516px;height:auto\"\/><\/figure>\n<\/div>\n<p>Em uma carta conjunta publicada depois dos resultados, os sete pa\u00edses afirmaram que \u00e9 necess\u00e1rio verificar se os resultados respeitaram a vontade popular. Eles tamb\u00e9m pediram uma contagem transparente dos votos e solicitaram uma reuni\u00e3o urgente do Conselho Permanente da Organiza\u00e7\u00e3o dos Estados Americanos (OEA).<\/p>\n<h3 class=\"wp-block-heading\">Venezuela registra protestos contra Maduro depois de elei\u00e7\u00e3o repleta de den\u00fancias de fraude<\/h3>\n<p>Cidades da Venezuela registraram protestos contra o ditador Nicol\u00e1s Maduro, nesta segunda-feira, depois de o Conselho Nacional Eleitoral (CNE), ligado ao regime, declarar a reelei\u00e7\u00e3o do chavista.<\/p>\n<p>Conforme o CNE, mesmo sem o encerramento da apura\u00e7\u00e3o, Maduro tem mais de 50% dos votos, enquanto o ex-diplomata Edmundo Gonz\u00e1lez, candidato da oposi\u00e7\u00e3o, terminou a disputa com 44%.<\/p>\n<p>V\u00eddeos que circulam nas redes sociais mostram \u201cpanela\u00e7os\u201d na capital Caracas, por 20 minutos, logo ap\u00f3s o an\u00fancio do CNE, que se estenderam ao longo do dia.<\/p>\n<p>J\u00e1 nesta tarde, pessoas sa\u00edram \u00e0s ruas contra o regime. Nas imagens, \u00e9 poss\u00edvel ver pneus queimados e confronto com as for\u00e7as de repress\u00e3o da ditadura.<\/p>\n<figure class=\"wp-block-embed is-type-rich is-provider-twitter wp-block-embed-twitter\">\n<div class=\"wp-block-embed__wrapper\">\n<blockquote class=\"twitter-tweet\" data-width=\"550\" data-dnt=\"true\">\n<p lang=\"es\" dir=\"ltr\">URGENTE | \ud83d\udd34<\/p>\n<p>\ud83d\udd39Ciudadanos venezolanos bajan de los &#8220;cerros&#8221; (barrios populares de Caracas) en medio de cacerolazos y piquetes que empiezan a aparecer en la capital y otros puntos de Venezuela.<\/p>\n<p>\ud83d\udd39Se teme un &#8220;ba\u00f1o de sangre&#8221; si las protestas aumentan y la Guardia Bolivariana\u2026 <a href=\"https:\/\/t.co\/Zfj2PFmxy2\">pic.twitter.com\/Zfj2PFmxy2<\/a><\/p>\n<p>\u2014 El Nacional (@elnacionalpy) <a href=\"https:\/\/twitter.com\/elnacionalpy\/status\/1817988388290531644?ref_src=twsrc%5Etfw\">July 29, 2024<\/a><\/p><\/blockquote>\n<\/div>\n<\/figure>\n<figure class=\"wp-block-embed is-type-rich is-provider-twitter wp-block-embed-twitter\"\/>\n<p>Em Puerto La Cruz, uma multid\u00e3o tomou uma das principais vias da cidade em rep\u00fadio \u00e0 ditadura.<\/p>\n<p>No Estado de F\u00e1lcon, uma multid\u00e3o enfurecida chegou a derrubar uma est\u00e1tua de Hugo Ch\u00e1vez, antecessor de Maduro.<\/p>\n<figure class=\"wp-block-embed is-type-rich is-provider-twitter wp-block-embed-twitter\">\n<div class=\"wp-block-embed__wrapper\">\n<blockquote class=\"twitter-tweet\" data-width=\"550\" data-dnt=\"true\">\n<p lang=\"pt\" dir=\"ltr\">Manifestantes do munic\u00edpio de Coro, no Estado de F\u00e1lcon, Venezuela, derrubaram uma est\u00e1tua do ex-ditador Hugo Ch\u00e1vez na tarde desta segunda-feira, 29. Ch\u00e1vez morreu em 2013. O pa\u00eds tem registrado uma onda de protestos desde o an\u00fancio da &#8220;reelei\u00e7\u00e3o&#8221; do ditador Nicol\u00e1s Maduro. <a href=\"https:\/\/t.co\/KMF3r4iyCh\">pic.twitter.com\/KMF3r4iyCh<\/a><\/p>\n<p>\u2014 Revista Oeste (@revistaoeste) <a href=\"https:\/\/twitter.com\/revistaoeste\/status\/1818024663210975367?ref_src=twsrc%5Etfw\">July 29, 2024<\/a><\/p><\/blockquote>\n<\/div>\n<\/figure>\n<p><strong><a href=\"https:\/\/revistaoeste.com\/mundo\/maduro-rompe-relacoes-diplomaticas-com-argentina-chile-e-outros-paises\/\">Source link<\/a><\/strong><\/p>\n<\/div>\n<p><script async src=\"\/\/platform.twitter.com\/widgets.js\" charset=\"utf-8\"><\/script><br \/>\n<br \/><br \/>\n<br \/><a href=\"https:\/\/paulofigueiredoshow.com\/maduro-expulsa-da-venezuela-embaixadores-de-7-paises\/\">Source link <\/a><\/p>","protected":false},"excerpt":{"rendered":"<p>Foto &#8211; Federico Parra\/AFP Ditador determina retirada imediata de embaixadores de na\u00e7\u00f5es que contestaram a sua \u2018vit\u00f3ria\u2019 na elei\u00e7\u00e3o deste domingo, 28 O ditador da Venezuela, Nicol\u00e1s Maduro, rompeu rela\u00e7\u00f5es&hellip;<\/p>","protected":false},"author":1,"featured_media":11776,"comment_status":"closed","ping_status":"open","sticky":false,"template":"","format":"standard","meta":{"content-type":"","footnotes":""},"categories":[16],"tags":[1736,1100,2465,4151,4214,1101],"class_list":["post-11775","post","type-post","status-publish","format-standard","has-post-thumbnail","hentry","category-noticias","tag-argentina","tag-ditador","tag-panama","tag-peru","tag-rompe","tag-venezuela"],"_links":{"self":[{"href":"https:\/\/tvbrazilusa.com\/pt\/wp-json\/wp\/v2\/posts\/11775","targetHints":{"allow":["GET"]}}],"collection":[{"href":"https:\/\/tvbrazilusa.com\/pt\/wp-json\/wp\/v2\/posts"}],"about":[{"href":"https:\/\/tvbrazilusa.com\/pt\/wp-json\/wp\/v2\/types\/post"}],"author":[{"embeddable":true,"href":"https:\/\/tvbrazilusa.com\/pt\/wp-json\/wp\/v2\/users\/1"}],"replies":[{"embeddable":true,"href":"https:\/\/tvbrazilusa.com\/pt\/wp-json\/wp\/v2\/comments?post=11775"}],"version-history":[{"count":1,"href":"https:\/\/tvbrazilusa.com\/pt\/wp-json\/wp\/v2\/posts\/11775\/revisions"}],"predecessor-version":[{"id":11777,"href":"https:\/\/tvbrazilusa.com\/pt\/wp-json\/wp\/v2\/posts\/11775\/revisions\/11777"}],"wp:featuredmedia":[{"embeddable":true,"href":"https:\/\/tvbrazilusa.com\/pt\/wp-json\/wp\/v2\/media\/11776"}],"wp:attachment":[{"href":"https:\/\/tvbrazilusa.com\/pt\/wp-json\/wp\/v2\/media?parent=11775"}],"wp:term":[{"taxonomy":"category","embeddable":true,"href":"https:\/\/tvbrazilusa.com\/pt\/wp-json\/wp\/v2\/categories?post=11775"},{"taxonomy":"post_tag","embeddable":true,"href":"https:\/\/tvbrazilusa.com\/pt\/wp-json\/wp\/v2\/tags?post=11775"}],"curies":[{"name":"wp","href":"https:\/\/api.w.org\/{rel}","templated":true}]}}