{"id":117767,"date":"2025-05-02T17:17:16","date_gmt":"2025-05-02T17:17:16","guid":{"rendered":"https:\/\/tvbrazilusa.com\/2025\/05\/02\/a-cs-wholesale-vai-demorar-490-e-fechar-o-baldwin-warehouse-jacksonville-hoje\/"},"modified":"2025-05-02T17:25:02","modified_gmt":"2025-05-02T17:25:02","slug":"a-cs-wholesale-vai-demorar-490-e-fechar-o-baldwin-warehouse-jacksonville-hoje","status":"publish","type":"post","link":"https:\/\/tvbrazilusa.com\/pt\/2025\/05\/02\/a-cs-wholesale-vai-demorar-490-e-fechar-o-baldwin-warehouse-jacksonville-hoje\/","title":{"rendered":"A C&#038;S Wholesale vai demorar 490 e fechar o Baldwin Warehouse | Jacksonville hoje"},"content":{"rendered":"<p> <script async src=\"https:\/\/pagead2.googlesyndication.com\/pagead\/js\/adsbygoogle.js?client=ca-pub-8864793242727901\"\r\n     crossorigin=\"anonymous\"><\/script><br \/>\n<\/p>\n<div>\n<p>A C&#038;S Wholesale Services planeja fechar o armaz\u00e9m que fornece lojas Winn-Dixie e demitir 490 pessoas em Baldwin.<\/p>\n<p>Todos os funcion\u00e1rios da ampla instala\u00e7\u00e3o em 15500 W. Beaver St. ser\u00e3o demitidos a partir de 4 de julho, disse a empresa ao Estado em um aviso sob a Lei de Notifica\u00e7\u00e3o de Ajuste do Trabalhador.<\/p>\n<p>Os servi\u00e7os atacadistas da C&#038;S &#8220;interromper\u00e3o as opera\u00e7\u00f5es em seu centro de distribui\u00e7\u00e3o&#8221;, diz a carta. Os 490 funcion\u00e1rios ser\u00e3o demitidos permanentemente.<\/p>\n<p>As demiss\u00f5es incluem 132 motoristas, diz a carta.<\/p>\n<p>Questionado na quinta -feira sobre relatos de que o armaz\u00e9m estava fechando, a porta -voz da C&#038;S por atacado Lauren La Bruno afirmou que n\u00e3o era.<\/p>\n<p>&#8220;Quero deixar claro que os relat\u00f3rios sobre o fechamento de nossas instala\u00e7\u00f5es de Jacksonville est\u00e3o incorretos. N\u00e3o vou comentar mais sobre esse assunto&#8221;, disse La Bruno.<\/p>\n<p>La Bruno disse que a C&#038;S &#8220;permanece firme em nossa estrat\u00e9gia de transforma\u00e7\u00e3o para impulsionar o crescimento a longo prazo&#8221;.<\/p>\n<p>La Bruno n\u00e3o respondeu a outras perguntas na sexta -feira \u00e0 tarde.<\/p>\n<p>A C&#038;S foi fundada em 1918 em Massachusetts e adquiriu o contrato para a cadeia de supermercados Big D de Worcester em 1958, come\u00e7ando sua transforma\u00e7\u00e3o em uma empresa maior, afirma seu site. <\/p>\n<p>Em 2003, come\u00e7ou a atender outras redes de supermercados em todo o pa\u00eds, incluindo o Hava\u00ed e a Calif\u00f3rnia. Em 2014, adquiriu os ativos da Associated Wholesalers Inc. e fornecem a Grocers, expandindo -se para a Pensilv\u00e2nia, Nova York, Nova Jersey e Houston.<\/p>\n<p>Fazendo neg\u00f3cios como mercearias por atacado da C&#038;S, agora \u00e9 uma das maiores empresas de suprimentos de supermercado por atacado dos EUA, de acordo com a Freightwaves, uma ag\u00eancia de relat\u00f3rios de pre\u00e7os focada no mercado global de frete. Ele fornece mais de 7.500 supermercados independentes, cadeias de lojas, bases militares e institui\u00e7\u00f5es no Centro -Oeste, Sul e Nordeste, de acordo com um 7 de janeiro. <a href=\"https:\/\/www.businesswire.com\/news\/home\/20250107001773\/en\/CS-Wholesale-Grocers-Earns-Equality-100-Award-in-Human-Rights-Campaign-Foundations-2025-Corporate-Equality-Index\" rel=\"nofollow noopener\" target=\"_blank\">comunicado de imprensa<\/a> em BusinessWire.<\/p>\n<p>A C&#038;S tamb\u00e9m adquiriu as mercearias do sudeste e as lojas 170 Winn-Dixie e Harveys em fevereiro da Grocer Aldi, uma empresa alem\u00e3 da Batavia, Illinois. Aldi havia comprado lojas Winn-Dixie e Harveys das mercearias do sudeste de Jacksonville um ano e meio antes. <\/p>\n<figure class=\"wp-block-image size-large\"><figcaption class=\"wp-element-caption\">O Warehouse Centro de Servi\u00e7os por atacado da C&#038;S na Winn-Dixie Parkway, ao norte da Interestadual 10. Google<\/figcaption><\/figure>\n<p>A primeira not\u00edcia de que a C&#038;S fecharia as instala\u00e7\u00f5es de Baldwin chegaram <a href=\"https:\/\/www.facebook.com\/groups\/1891644311129785\" rel=\"nofollow noopener\" target=\"_blank\">Em uma postagem no Facebook<\/a> 29 de abril na p\u00e1gina Sobre Baldwin. Uma mulher afirmou que seu pai havia sido informado de que o armaz\u00e9m \u201cest\u00e1 fechando, Aldi est\u00e1 assumindo o controle &#8211; e eles n\u00e3o manter\u00e3o nenhum dos funcion\u00e1rios atuais\u201d.<\/p>\n<p>&#8220;Meu pai trabalha l\u00e1 como motorista de caminh\u00e3o h\u00e1 18 anos. Como muitos outros, ele apareceu dia ap\u00f3s dia e agora mais de 500 pessoas &#8211; nossos amigos, vizinhos e fam\u00edlia &#8211; estar\u00e3o sem emprego no ver\u00e3o&#8221;, escreveu a mulher.<\/p>\n<\/div>\n<p><br \/>\n<br \/><a href=\"https:\/\/jaxtoday.org\/2025\/05\/02\/c-s-wholesale-will-layoff-490-and-shut-down-baldwin-warehouse\/\">Source link <\/a><\/p>","protected":false},"excerpt":{"rendered":"<p>A C&#038;S Wholesale Services planeja fechar o armaz\u00e9m que fornece lojas Winn-Dixie e demitir 490 pessoas em Baldwin. Todos os funcion\u00e1rios da ampla instala\u00e7\u00e3o em 15500 W. Beaver St. ser\u00e3o&hellip;<\/p>","protected":false},"author":1,"featured_media":117768,"comment_status":"closed","ping_status":"open","sticky":false,"template":"","format":"standard","meta":{"content-type":"","footnotes":""},"categories":[1],"tags":[],"class_list":["post-117767","post","type-post","status-publish","format-standard","has-post-thumbnail","hentry","category-uncategorized"],"_links":{"self":[{"href":"https:\/\/tvbrazilusa.com\/pt\/wp-json\/wp\/v2\/posts\/117767","targetHints":{"allow":["GET"]}}],"collection":[{"href":"https:\/\/tvbrazilusa.com\/pt\/wp-json\/wp\/v2\/posts"}],"about":[{"href":"https:\/\/tvbrazilusa.com\/pt\/wp-json\/wp\/v2\/types\/post"}],"author":[{"embeddable":true,"href":"https:\/\/tvbrazilusa.com\/pt\/wp-json\/wp\/v2\/users\/1"}],"replies":[{"embeddable":true,"href":"https:\/\/tvbrazilusa.com\/pt\/wp-json\/wp\/v2\/comments?post=117767"}],"version-history":[{"count":1,"href":"https:\/\/tvbrazilusa.com\/pt\/wp-json\/wp\/v2\/posts\/117767\/revisions"}],"predecessor-version":[{"id":117769,"href":"https:\/\/tvbrazilusa.com\/pt\/wp-json\/wp\/v2\/posts\/117767\/revisions\/117769"}],"wp:featuredmedia":[{"embeddable":true,"href":"https:\/\/tvbrazilusa.com\/pt\/wp-json\/wp\/v2\/media\/117768"}],"wp:attachment":[{"href":"https:\/\/tvbrazilusa.com\/pt\/wp-json\/wp\/v2\/media?parent=117767"}],"wp:term":[{"taxonomy":"category","embeddable":true,"href":"https:\/\/tvbrazilusa.com\/pt\/wp-json\/wp\/v2\/categories?post=117767"},{"taxonomy":"post_tag","embeddable":true,"href":"https:\/\/tvbrazilusa.com\/pt\/wp-json\/wp\/v2\/tags?post=117767"}],"curies":[{"name":"wp","href":"https:\/\/api.w.org\/{rel}","templated":true}]}}