{"id":11778,"date":"2024-07-29T23:15:52","date_gmt":"2024-07-29T23:15:52","guid":{"rendered":"https:\/\/tvbrazilusa.com\/2024\/07\/29\/onde-encontrar-os-candidatos-politicos-que-concorrem-na-sua-comunidade-da-florida-central\/"},"modified":"2024-07-29T23:22:52","modified_gmt":"2024-07-29T23:22:52","slug":"onde-encontrar-os-candidatos-politicos-que-concorrem-na-sua-comunidade-da-florida-central","status":"publish","type":"post","link":"https:\/\/tvbrazilusa.com\/pt\/2024\/07\/29\/onde-encontrar-os-candidatos-politicos-que-concorrem-na-sua-comunidade-da-florida-central\/","title":{"rendered":"Onde encontrar os candidatos pol\u00edticos que concorrem na sua comunidade da Fl\u00f3rida Central"},"content":{"rendered":"<script async src=\"https:\/\/pagead2.googlesyndication.com\/pagead\/js\/adsbygoogle.js?client=ca-pub-8864793242727901\"\r\n     crossorigin=\"anonymous\"><\/script>\n<div id=\"\">\n<p class=\"dist__Box-sc-1fnzlkn-0 dist__TextBase-sc-1fnzlkn-3 CGHCP htMUPQ article-text\">A temporada eleitoral est\u00e1 chegando.<\/p>\n<p class=\"dist__Box-sc-1fnzlkn-0 dist__TextBase-sc-1fnzlkn-3 CGHCP htMUPQ article-text\">Embora possa haver muita informa\u00e7\u00e3o circulando sobre candidatos nacionais, \u00e0s vezes \u00e9 mais dif\u00edcil descobrir as opini\u00f5es, objetivos e inten\u00e7\u00f5es dos candidatos estaduais ou locais que ser\u00e3o os respons\u00e1veis \u200b\u200bpor comandar diretamente a comunidade ao nosso redor.<\/p>\n<p class=\"dist__Box-sc-1fnzlkn-0 dist__TextBase-sc-1fnzlkn-3 CGHCP htMUPQ article-text\">H\u00e1 v\u00e1rios eventos pol\u00edticos que permitem oportunidades de aprender sobre os candidatos que v\u00e3o pedir seu voto tanto na Prim\u00e1ria de agosto quanto na Elei\u00e7\u00e3o Geral em novembro. Aqui est\u00e1 uma lista de alguns deles.<\/p>\n<p class=\"dist__Box-sc-1fnzlkn-0 dist__TextBase-sc-1fnzlkn-3 CGHCP htMUPQ article-text\"><b>[EXCLUSIVE: <\/b><a href=\"https:\/\/www.clickorlando.com\/features\/2021\/07\/28\/heres-what-it-means-to-become-a-news-6-insider-its-cool-and-free\/\"><b>Become a News 6 Insider (it\u2019s FREE)<\/b><\/a><b> | PINIT! <\/b><a href=\"https:\/\/www.clickorlando.com\/news\/local\/2023\/04\/12\/changes-have-arrived-to-pinit-heres-what-you-need-to-know\/\"><b>Share your photos<\/b><\/a><b>]<\/b><\/p>\n<p class=\"dist__Box-sc-1fnzlkn-0 dist__TextBase-sc-1fnzlkn-3 CGHCP htMUPQ article-text\">Se voc\u00ea souber de quaisquer outros eventos pol\u00edticos locais n\u00e3o listados aqui que deveriam ser inclu\u00eddos, sinta-se \u00e0 vontade para nos enviar um e-mail para <a href=\"https:\/\/www.clickorlando.com\/results-2024\/2024\/07\/08\/its-almost-election-season-here-are-opportunities-to-get-to-know-the-people-asking-for-your-vote\/mailto:web@wkmg.com\">web@wkmg.com<\/a>.<\/p>\n<h5 class=\"dist__Box-sc-1fnzlkn-0 dist__HeadingBase-sc-1fnzlkn-6 ccoHow article-header\"><b>Condado de Brevard<\/b><\/h5>\n<p class=\"dist__Box-sc-1fnzlkn-0 dist__TextBase-sc-1fnzlkn-3 CGHCP htMUPQ article-text\"><a href=\"https:\/\/lwvsc.clubexpress.com\/content.aspx?page_id=4002&#038;club_id=992157&#038;item_id=2329351\" target=\"_blank\" rel=\"noopener\"><b>F\u00f3rum de Candidatos para Conselho Escolar<\/b><\/a><\/p>\n<ul class=\"dist__Box-sc-1fnzlkn-0 hkSbnt font_openSans articleList\">\n<li class=\"dist__Box-sc-1fnzlkn-0 dist__StackBase-sc-1fnzlkn-7 kuCSlp dgEFEb\">\n<p><svg xmlns=\"http:\/\/www.w3.org\/2000\/svg\" width=\"6\" height=\"6\" viewbox=\"0 0 6 6\" fill=\"none\" style=\"transform:translateY(-3px);min-height:6px;min-width:6px\"><circle cx=\"3\" cy=\"3\" r=\"3\" fill=\"#212121\"\/><\/svg><span class=\"dist__Box-sc-1fnzlkn-0 dist__TextBase-sc-1fnzlkn-3 dqUGTw\"><b>Quando: <\/b>29 de julho, das 17h30 \u00e0s 19h<\/span><\/p>\n<\/li>\n<li class=\"dist__Box-sc-1fnzlkn-0 dist__StackBase-sc-1fnzlkn-7 kuCSlp dgEFEb\">\n<p><svg xmlns=\"http:\/\/www.w3.org\/2000\/svg\" width=\"6\" height=\"6\" viewbox=\"0 0 6 6\" fill=\"none\" style=\"transform:translateY(-3px);min-height:6px;min-width:6px\"><circle cx=\"3\" cy=\"3\" r=\"3\" fill=\"#212121\"\/><\/svg><span class=\"dist__Box-sc-1fnzlkn-0 dist__TextBase-sc-1fnzlkn-3 dqUGTw\"><b>Onde: <\/b>Biblioteca P\u00fablica Suntree<\/span><\/p>\n<\/li>\n<li class=\"dist__Box-sc-1fnzlkn-0 dist__StackBase-sc-1fnzlkn-7 kuCSlp dgEFEb\">\n<p><svg xmlns=\"http:\/\/www.w3.org\/2000\/svg\" width=\"6\" height=\"6\" viewbox=\"0 0 6 6\" fill=\"none\" style=\"transform:translateY(-3px);min-height:6px;min-width:6px\"><circle cx=\"3\" cy=\"3\" r=\"3\" fill=\"#212121\"\/><\/svg><span class=\"dist__Box-sc-1fnzlkn-0 dist__TextBase-sc-1fnzlkn-3 dqUGTw\"><b>O que: <\/b>Este f\u00f3rum p\u00fablico \u00e9 uma oportunidade de conversar com os candidatos que concorrem ao Conselho Escolar do Condado de Brevard. N\u00e3o \u00e9 necess\u00e1rio registro para participar. Este evento \u00e9 organizado pela League of Women Voters of the Space Coast.<\/span><\/p>\n<\/li>\n<\/ul>\n<p class=\"dist__Box-sc-1fnzlkn-0 dist__TextBase-sc-1fnzlkn-3 CGHCP htMUPQ article-text\"><a href=\"https:\/\/lwvsc.clubexpress.com\/content.aspx?page_id=4002&#038;club_id=992157&#038;item_id=2320123\" target=\"_blank\" rel=\"noopener\"><b>Liga das Eleitoras Hob Nob<\/b><\/a><\/p>\n<ul class=\"dist__Box-sc-1fnzlkn-0 hkSbnt font_openSans articleList\">\n<li class=\"dist__Box-sc-1fnzlkn-0 dist__StackBase-sc-1fnzlkn-7 kuCSlp dgEFEb\">\n<p><svg xmlns=\"http:\/\/www.w3.org\/2000\/svg\" width=\"6\" height=\"6\" viewbox=\"0 0 6 6\" fill=\"none\" style=\"transform:translateY(-3px);min-height:6px;min-width:6px\"><circle cx=\"3\" cy=\"3\" r=\"3\" fill=\"#212121\"\/><\/svg><span class=\"dist__Box-sc-1fnzlkn-0 dist__TextBase-sc-1fnzlkn-3 dqUGTw\"><b>Quando: <\/b>1\u00ba de agosto, das 18h \u00e0s 21h<\/span><\/p>\n<\/li>\n<li class=\"dist__Box-sc-1fnzlkn-0 dist__StackBase-sc-1fnzlkn-7 kuCSlp dgEFEb\">\n<p><svg xmlns=\"http:\/\/www.w3.org\/2000\/svg\" width=\"6\" height=\"6\" viewbox=\"0 0 6 6\" fill=\"none\" style=\"transform:translateY(-3px);min-height:6px;min-width:6px\"><circle cx=\"3\" cy=\"3\" r=\"3\" fill=\"#212121\"\/><\/svg><span class=\"dist__Box-sc-1fnzlkn-0 dist__TextBase-sc-1fnzlkn-3 dqUGTw\"><b>Onde: <\/b>Igreja Unit\u00e1ria Universalista<\/span><\/p>\n<\/li>\n<li class=\"dist__Box-sc-1fnzlkn-0 dist__StackBase-sc-1fnzlkn-7 kuCSlp dgEFEb\">\n<p><svg xmlns=\"http:\/\/www.w3.org\/2000\/svg\" width=\"6\" height=\"6\" viewbox=\"0 0 6 6\" fill=\"none\" style=\"transform:translateY(-3px);min-height:6px;min-width:6px\"><circle cx=\"3\" cy=\"3\" r=\"3\" fill=\"#212121\"\/><\/svg><span class=\"dist__Box-sc-1fnzlkn-0 dist__TextBase-sc-1fnzlkn-3 dqUGTw\"><b>O que: <\/b>Este f\u00f3rum p\u00fablico \u00e9 uma oportunidade de conversar com os candidatos que concorrem a cargos p\u00fablicos no Condado de Brevard. N\u00e3o \u00e9 necess\u00e1rio registro para participar. Este evento \u00e9 organizado pela League of Women Voters of the Space Coast.<\/span><\/p>\n<\/li>\n<\/ul>\n<p class=\"dist__Box-sc-1fnzlkn-0 dist__TextBase-sc-1fnzlkn-3 CGHCP htMUPQ article-text\"><a href=\"https:\/\/www.facebook.com\/share\/faEKhTZgWhWJcKML\/\" target=\"_blank\" rel=\"noopener\"><b>Encontro com os candidatos de 2024<\/b><\/a><\/p>\n<ul class=\"dist__Box-sc-1fnzlkn-0 hkSbnt font_openSans articleList\">\n<li class=\"dist__Box-sc-1fnzlkn-0 dist__StackBase-sc-1fnzlkn-7 kuCSlp dgEFEb\">\n<p><svg xmlns=\"http:\/\/www.w3.org\/2000\/svg\" width=\"6\" height=\"6\" viewbox=\"0 0 6 6\" fill=\"none\" style=\"transform:translateY(-3px);min-height:6px;min-width:6px\"><circle cx=\"3\" cy=\"3\" r=\"3\" fill=\"#212121\"\/><\/svg><span class=\"dist__Box-sc-1fnzlkn-0 dist__TextBase-sc-1fnzlkn-3 dqUGTw\"><b>Quando: <\/b>2 de agosto, das 17h \u00e0s 20h<\/span><\/p>\n<\/li>\n<li class=\"dist__Box-sc-1fnzlkn-0 dist__StackBase-sc-1fnzlkn-7 kuCSlp dgEFEb\">\n<p><svg xmlns=\"http:\/\/www.w3.org\/2000\/svg\" width=\"6\" height=\"6\" viewbox=\"0 0 6 6\" fill=\"none\" style=\"transform:translateY(-3px);min-height:6px;min-width:6px\"><circle cx=\"3\" cy=\"3\" r=\"3\" fill=\"#212121\"\/><\/svg><span class=\"dist__Box-sc-1fnzlkn-0 dist__TextBase-sc-1fnzlkn-3 dqUGTw\"><b>Onde: <\/b>YMCA da Fam\u00edlia Titusville<\/span><\/p>\n<\/li>\n<li class=\"dist__Box-sc-1fnzlkn-0 dist__StackBase-sc-1fnzlkn-7 kuCSlp dgEFEb\">\n<p><svg xmlns=\"http:\/\/www.w3.org\/2000\/svg\" width=\"6\" height=\"6\" viewbox=\"0 0 6 6\" fill=\"none\" style=\"transform:translateY(-3px);min-height:6px;min-width:6px\"><circle cx=\"3\" cy=\"3\" r=\"3\" fill=\"#212121\"\/><\/svg><span class=\"dist__Box-sc-1fnzlkn-0 dist__TextBase-sc-1fnzlkn-3 dqUGTw\"><b>O que: <\/b>Este evento permite que os eleitores conhe\u00e7am aqueles que concorrem a cargos na \u00e1rea de North Brevard para discutir suas posi\u00e7\u00f5es, prioridades e metas. Este evento de mesa oferecer\u00e1 oportunidades de falar individualmente com os candidatos. \u00c9 organizado pela Titusville Area Chamber of Commerce e Titusville YMCA.<\/span><\/p>\n<\/li>\n<\/ul>\n<p class=\"dist__Box-sc-1fnzlkn-0 dist__TextBase-sc-1fnzlkn-3 CGHCP htMUPQ article-text\"><a href=\"https:\/\/lwvsc.clubexpress.com\/content.aspx?page_id=4002&#038;club_id=992157&#038;item_id=2329350\" target=\"_blank\" rel=\"noopener\"><b>F\u00f3rum de Candidatos<\/b><\/a><\/p>\n<ul class=\"dist__Box-sc-1fnzlkn-0 hkSbnt font_openSans articleList\">\n<li class=\"dist__Box-sc-1fnzlkn-0 dist__StackBase-sc-1fnzlkn-7 kuCSlp dgEFEb\">\n<p><svg xmlns=\"http:\/\/www.w3.org\/2000\/svg\" width=\"6\" height=\"6\" viewbox=\"0 0 6 6\" fill=\"none\" style=\"transform:translateY(-3px);min-height:6px;min-width:6px\"><circle cx=\"3\" cy=\"3\" r=\"3\" fill=\"#212121\"\/><\/svg><span class=\"dist__Box-sc-1fnzlkn-0 dist__TextBase-sc-1fnzlkn-3 dqUGTw\"><b>Quando: <\/b>3 de agosto, das 9h30 \u00e0s 11h30<\/span><\/p>\n<\/li>\n<li class=\"dist__Box-sc-1fnzlkn-0 dist__StackBase-sc-1fnzlkn-7 kuCSlp dgEFEb\">\n<p><svg xmlns=\"http:\/\/www.w3.org\/2000\/svg\" width=\"6\" height=\"6\" viewbox=\"0 0 6 6\" fill=\"none\" style=\"transform:translateY(-3px);min-height:6px;min-width:6px\"><circle cx=\"3\" cy=\"3\" r=\"3\" fill=\"#212121\"\/><\/svg><span class=\"dist__Box-sc-1fnzlkn-0 dist__TextBase-sc-1fnzlkn-3 dqUGTw\"><b>Onde: <\/b>Biblioteca P\u00fablica de Cocoa<\/span><\/p>\n<\/li>\n<li class=\"dist__Box-sc-1fnzlkn-0 dist__StackBase-sc-1fnzlkn-7 kuCSlp dgEFEb\">\n<p><svg xmlns=\"http:\/\/www.w3.org\/2000\/svg\" width=\"6\" height=\"6\" viewbox=\"0 0 6 6\" fill=\"none\" style=\"transform:translateY(-3px);min-height:6px;min-width:6px\"><circle cx=\"3\" cy=\"3\" r=\"3\" fill=\"#212121\"\/><\/svg><span class=\"dist__Box-sc-1fnzlkn-0 dist__TextBase-sc-1fnzlkn-3 dqUGTw\"><b>O que: <\/b>Este f\u00f3rum p\u00fablico \u00e9 uma oportunidade de conversar com os candidatos que concorrem aos cargos de Tax Collector, Supervisor of Elections e Sheriff. N\u00e3o \u00e9 necess\u00e1rio registro para participar. Este evento \u00e9 organizado pela League of Women Voters of the Space Coast.<\/span><\/p>\n<\/li>\n<\/ul>\n<p class=\"dist__Box-sc-1fnzlkn-0 dist__TextBase-sc-1fnzlkn-3 CGHCP htMUPQ article-text\"><a href=\"https:\/\/www.facebook.com\/share\/pCjCnHLNdEHdakw5\/\" target=\"_blank\" rel=\"noopener\"><b>2024 Space Coast Pol\u00edtica Hob Nob<\/b><\/a><\/p>\n<ul class=\"dist__Box-sc-1fnzlkn-0 hkSbnt font_openSans articleList\">\n<li class=\"dist__Box-sc-1fnzlkn-0 dist__StackBase-sc-1fnzlkn-7 kuCSlp dgEFEb\">\n<p><svg xmlns=\"http:\/\/www.w3.org\/2000\/svg\" width=\"6\" height=\"6\" viewbox=\"0 0 6 6\" fill=\"none\" style=\"transform:translateY(-3px);min-height:6px;min-width:6px\"><circle cx=\"3\" cy=\"3\" r=\"3\" fill=\"#212121\"\/><\/svg><span class=\"dist__Box-sc-1fnzlkn-0 dist__TextBase-sc-1fnzlkn-3 dqUGTw\"><b>Quando: <\/b>6 de agosto, das 17h \u00e0s 19h30<\/span><\/p>\n<\/li>\n<li class=\"dist__Box-sc-1fnzlkn-0 dist__StackBase-sc-1fnzlkn-7 kuCSlp dgEFEb\">\n<p><svg xmlns=\"http:\/\/www.w3.org\/2000\/svg\" width=\"6\" height=\"6\" viewbox=\"0 0 6 6\" fill=\"none\" style=\"transform:translateY(-3px);min-height:6px;min-width:6px\"><circle cx=\"3\" cy=\"3\" r=\"3\" fill=\"#212121\"\/><\/svg><span class=\"dist__Box-sc-1fnzlkn-0 dist__TextBase-sc-1fnzlkn-3 dqUGTw\"><b>Onde: <\/b>Centro de Conven\u00e7\u00f5es da Costa Espacial<\/span><\/p>\n<\/li>\n<li class=\"dist__Box-sc-1fnzlkn-0 dist__StackBase-sc-1fnzlkn-7 kuCSlp dgEFEb\">\n<div class=\"dist__Box-sc-1fnzlkn-0 dist__StackBase-sc-1fnzlkn-7 eGXyEZ fCPBHr\"><svg xmlns=\"http:\/\/www.w3.org\/2000\/svg\" width=\"6\" height=\"6\" viewbox=\"0 0 6 6\" fill=\"none\" style=\"transform:translateY(-3px);min-height:6px;min-width:6px\"><circle cx=\"3\" cy=\"3\" r=\"3\" fill=\"#212121\"\/><\/svg><span class=\"dist__Box-sc-1fnzlkn-0 dist__TextBase-sc-1fnzlkn-3 dqUGTw\"><b>O que: <\/b>Este evento de networking pol\u00edtico permite que eleitores se encontrem, conectem e conversem com candidatos que concorrem a cargos p\u00fablicos no Condado de Brevard. Ele ser\u00e1 organizado pela Greater Palm Bay Chamber of Commerce e outras organiza\u00e7\u00f5es proeminentes. <a href=\"https:\/\/members.titusville.org\/events\/2024-Space-Coast-Political-Hob-Nob--20907\/details?fbclid=IwZXh0bgNhZW0CMTAAAR3GuxxHbnOpJ12L5iBZGSE2MEE_ZBDfXM9K626rUTIQLmTm12cBZktD3QQ_aem_l-cLpfc8AB02FFmIaWDuPA\" target=\"_blank\" rel=\"noopener\">Os ingressos s\u00e3o obrigat\u00f3rios<\/a> para participar deste evento.<\/span><\/div>\n<\/li>\n<\/ul>\n<p class=\"dist__Box-sc-1fnzlkn-0 dist__TextBase-sc-1fnzlkn-3 CGHCP htMUPQ article-text\"><b>Encontro com os candidatos do Citizens Defending Freedom<\/b><\/p>\n<ul class=\"dist__Box-sc-1fnzlkn-0 hkSbnt font_openSans articleList\">\n<li class=\"dist__Box-sc-1fnzlkn-0 dist__StackBase-sc-1fnzlkn-7 kuCSlp dgEFEb\">\n<p><svg xmlns=\"http:\/\/www.w3.org\/2000\/svg\" width=\"6\" height=\"6\" viewbox=\"0 0 6 6\" fill=\"none\" style=\"transform:translateY(-3px);min-height:6px;min-width:6px\"><circle cx=\"3\" cy=\"3\" r=\"3\" fill=\"#212121\"\/><\/svg><span class=\"dist__Box-sc-1fnzlkn-0 dist__TextBase-sc-1fnzlkn-3 dqUGTw\"><b>Quando:<\/b> S\u00e1bado, 10 de agosto \u00e0s 13h<\/span><\/p>\n<\/li>\n<li class=\"dist__Box-sc-1fnzlkn-0 dist__StackBase-sc-1fnzlkn-7 kuCSlp dgEFEb\">\n<p><svg xmlns=\"http:\/\/www.w3.org\/2000\/svg\" width=\"6\" height=\"6\" viewbox=\"0 0 6 6\" fill=\"none\" style=\"transform:translateY(-3px);min-height:6px;min-width:6px\"><circle cx=\"3\" cy=\"3\" r=\"3\" fill=\"#212121\"\/><\/svg><span class=\"dist__Box-sc-1fnzlkn-0 dist__TextBase-sc-1fnzlkn-3 dqUGTw\"><b>Onde:<\/b> A Igreja Dom\u00e9stica em Palm Bay<\/span><\/p>\n<\/li>\n<li class=\"dist__Box-sc-1fnzlkn-0 dist__StackBase-sc-1fnzlkn-7 kuCSlp dgEFEb\">\n<p><svg xmlns=\"http:\/\/www.w3.org\/2000\/svg\" width=\"6\" height=\"6\" viewbox=\"0 0 6 6\" fill=\"none\" style=\"transform:translateY(-3px);min-height:6px;min-width:6px\"><circle cx=\"3\" cy=\"3\" r=\"3\" fill=\"#212121\"\/><\/svg><span class=\"dist__Box-sc-1fnzlkn-0 dist__TextBase-sc-1fnzlkn-3 dqUGTw\"><b>O que:<\/b> Um evento com candidatos a cargos federais, estaduais e locais, organizado pela Brevard County Citizens Defending Freedom. <\/span><\/p>\n<\/li>\n<\/ul>\n<p class=\"dist__Box-sc-1fnzlkn-0 dist__TextBase-sc-1fnzlkn-3 CGHCP htMUPQ article-text\"><a href=\"https:\/\/www.facebook.com\/share\/H4amVrmjXyYT6CRL\/\" target=\"_blank\" rel=\"noopener\"><b>F\u00f3rum de Candidatos do Condado de Brevard<\/b><\/a><\/p>\n<ul class=\"dist__Box-sc-1fnzlkn-0 hkSbnt font_openSans articleList\">\n<li class=\"dist__Box-sc-1fnzlkn-0 dist__StackBase-sc-1fnzlkn-7 kuCSlp dgEFEb\">\n<p><svg xmlns=\"http:\/\/www.w3.org\/2000\/svg\" width=\"6\" height=\"6\" viewbox=\"0 0 6 6\" fill=\"none\" style=\"transform:translateY(-3px);min-height:6px;min-width:6px\"><circle cx=\"3\" cy=\"3\" r=\"3\" fill=\"#212121\"\/><\/svg><span class=\"dist__Box-sc-1fnzlkn-0 dist__TextBase-sc-1fnzlkn-3 dqUGTw\"><b>Quando: <\/b>20 de setembro, das 9h \u00e0s 15h<\/span><\/p>\n<\/li>\n<li class=\"dist__Box-sc-1fnzlkn-0 dist__StackBase-sc-1fnzlkn-7 kuCSlp dgEFEb\">\n<p><svg xmlns=\"http:\/\/www.w3.org\/2000\/svg\" width=\"6\" height=\"6\" viewbox=\"0 0 6 6\" fill=\"none\" style=\"transform:translateY(-3px);min-height:6px;min-width:6px\"><circle cx=\"3\" cy=\"3\" r=\"3\" fill=\"#212121\"\/><\/svg><span class=\"dist__Box-sc-1fnzlkn-0 dist__TextBase-sc-1fnzlkn-3 dqUGTw\"><b>Onde: <\/b>Funda\u00e7\u00e3o de Sa\u00fade da Costa Espacial<\/span><\/p>\n<\/li>\n<li class=\"dist__Box-sc-1fnzlkn-0 dist__StackBase-sc-1fnzlkn-7 kuCSlp dgEFEb\">\n<p><svg xmlns=\"http:\/\/www.w3.org\/2000\/svg\" width=\"6\" height=\"6\" viewbox=\"0 0 6 6\" fill=\"none\" style=\"transform:translateY(-3px);min-height:6px;min-width:6px\"><circle cx=\"3\" cy=\"3\" r=\"3\" fill=\"#212121\"\/><\/svg><span class=\"dist__Box-sc-1fnzlkn-0 dist__TextBase-sc-1fnzlkn-3 dqUGTw\"><b>O que: <\/b>Este evento oferece uma oportunidade para fam\u00edlias e adultos do Condado de Brevard com defici\u00eancias intelectuais e de desenvolvimento se envolverem com representantes locais e discutirem as necessidades da comunidade em rela\u00e7\u00e3o a recursos e servi\u00e7os adaptados a esses grupos sub-representados. Este evento gratuito \u00e9 poss\u00edvel gra\u00e7as \u00e0 Brevard Autism Coalition e \u00e0 Angels Bridging Gaps.<\/span><\/p>\n<\/li>\n<\/ul>\n<div class=\"dist__Box-sc-1fnzlkn-0 dist__StackBase-sc-1fnzlkn-7 cREaVc dgEFEb customEmbed newsletter-signup\">\n<figure class=\"dist__Box-sc-1fnzlkn-0 dist__StackBase-sc-1fnzlkn-7 dHfTZi cblvkA\"><!--$--><!--\/$--><\/figure>\n<p class=\"dist__Box-sc-1fnzlkn-0 dist__TextBase-sc-1fnzlkn-3 hYKTaq\">Mais hist\u00f3rias como esta em nosso boletim informativo por e-mail<\/p>\n<\/div>\n<p class=\"dist__Box-sc-1fnzlkn-0 dist__TextBase-sc-1fnzlkn-3 CGHCP htMUPQ article-text\"><b>[RESULTS 2024: <\/b><a href=\"https:\/\/www.clickorlando.com\/news\/politics\/2024\/01\/16\/want-to-vote-in-florida-heres-how-to-register-and-make-sure-you-are-eligible\/\"><b>Want to vote in Florida? Here\u2019s how to register and make sure you are eligible<\/b><\/a><b>]<\/b><\/p>\n<h5 class=\"dist__Box-sc-1fnzlkn-0 dist__HeadingBase-sc-1fnzlkn-6 ccoHow article-header\"><b>Condado de Lake<\/b><\/h5>\n<p class=\"dist__Box-sc-1fnzlkn-0 dist__TextBase-sc-1fnzlkn-3 CGHCP htMUPQ article-text\"><a href=\"https:\/\/www.facebook.com\/events\/837639121752255\" target=\"_blank\" rel=\"noopener\"><b>2024 Lago Condado Hob Nob<\/b><\/a><\/p>\n<ul class=\"dist__Box-sc-1fnzlkn-0 hkSbnt font_openSans articleList\">\n<li class=\"dist__Box-sc-1fnzlkn-0 dist__StackBase-sc-1fnzlkn-7 kuCSlp dgEFEb\">\n<p><svg xmlns=\"http:\/\/www.w3.org\/2000\/svg\" width=\"6\" height=\"6\" viewbox=\"0 0 6 6\" fill=\"none\" style=\"transform:translateY(-3px);min-height:6px;min-width:6px\"><circle cx=\"3\" cy=\"3\" r=\"3\" fill=\"#212121\"\/><\/svg><span class=\"dist__Box-sc-1fnzlkn-0 dist__TextBase-sc-1fnzlkn-3 dqUGTw\"><b>Quando: <\/b>29 de julho, das 17h \u00e0s 19h30<\/span><\/p>\n<\/li>\n<li class=\"dist__Box-sc-1fnzlkn-0 dist__StackBase-sc-1fnzlkn-7 kuCSlp dgEFEb\">\n<p><svg xmlns=\"http:\/\/www.w3.org\/2000\/svg\" width=\"6\" height=\"6\" viewbox=\"0 0 6 6\" fill=\"none\" style=\"transform:translateY(-3px);min-height:6px;min-width:6px\"><circle cx=\"3\" cy=\"3\" r=\"3\" fill=\"#212121\"\/><\/svg><span class=\"dist__Box-sc-1fnzlkn-0 dist__TextBase-sc-1fnzlkn-3 dqUGTw\"><b>Onde: <\/b>Centro de Artes e Recrea\u00e7\u00e3o de Clermont<\/span><\/p>\n<\/li>\n<li class=\"dist__Box-sc-1fnzlkn-0 dist__StackBase-sc-1fnzlkn-7 kuCSlp dgEFEb\">\n<p><svg xmlns=\"http:\/\/www.w3.org\/2000\/svg\" width=\"6\" height=\"6\" viewbox=\"0 0 6 6\" fill=\"none\" style=\"transform:translateY(-3px);min-height:6px;min-width:6px\"><circle cx=\"3\" cy=\"3\" r=\"3\" fill=\"#212121\"\/><\/svg><span class=\"dist__Box-sc-1fnzlkn-0 dist__TextBase-sc-1fnzlkn-3 dqUGTw\"><b>O que: <\/b>Este evento permite que os moradores conhe\u00e7am candidatos concorrendo a cargos pol\u00edticos em todos os n\u00edveis de assento, bem como discutam suas campanhas e iniciativas individuais com eles. \u00c9 organizado pela South Lake Chamber of Commerce e gratuito para o p\u00fablico, mas o registro \u00e9 prefer\u00edvel.<\/span><\/p>\n<\/li>\n<\/ul>\n<p class=\"dist__Box-sc-1fnzlkn-0 dist__TextBase-sc-1fnzlkn-3 CGHCP htMUPQ article-text\"><a href=\"https:\/\/www.facebook.com\/events\/1606139830242157\" target=\"_blank\" rel=\"noopener\"><b>Lideran\u00e7a Lago Pol\u00edtico HobNob 2024<\/b><\/a><\/p>\n<ul class=\"dist__Box-sc-1fnzlkn-0 hkSbnt font_openSans articleList\">\n<li class=\"dist__Box-sc-1fnzlkn-0 dist__StackBase-sc-1fnzlkn-7 kuCSlp dgEFEb\">\n<p><svg xmlns=\"http:\/\/www.w3.org\/2000\/svg\" width=\"6\" height=\"6\" viewbox=\"0 0 6 6\" fill=\"none\" style=\"transform:translateY(-3px);min-height:6px;min-width:6px\"><circle cx=\"3\" cy=\"3\" r=\"3\" fill=\"#212121\"\/><\/svg><span class=\"dist__Box-sc-1fnzlkn-0 dist__TextBase-sc-1fnzlkn-3 dqUGTw\"><b>Quando: <\/b>30 de julho, \u00e0s 17h30<\/span><\/p>\n<\/li>\n<li class=\"dist__Box-sc-1fnzlkn-0 dist__StackBase-sc-1fnzlkn-7 kuCSlp dgEFEb\">\n<p><svg xmlns=\"http:\/\/www.w3.org\/2000\/svg\" width=\"6\" height=\"6\" viewbox=\"0 0 6 6\" fill=\"none\" style=\"transform:translateY(-3px);min-height:6px;min-width:6px\"><circle cx=\"3\" cy=\"3\" r=\"3\" fill=\"#212121\"\/><\/svg><span class=\"dist__Box-sc-1fnzlkn-0 dist__TextBase-sc-1fnzlkn-3 dqUGTw\"><b>Onde: <\/b>Gin\u00e1sio do Lake Sumter State College<\/span><\/p>\n<\/li>\n<li class=\"dist__Box-sc-1fnzlkn-0 dist__StackBase-sc-1fnzlkn-7 kuCSlp dgEFEb\">\n<p><svg xmlns=\"http:\/\/www.w3.org\/2000\/svg\" width=\"6\" height=\"6\" viewbox=\"0 0 6 6\" fill=\"none\" style=\"transform:translateY(-3px);min-height:6px;min-width:6px\"><circle cx=\"3\" cy=\"3\" r=\"3\" fill=\"#212121\"\/><\/svg><span class=\"dist__Box-sc-1fnzlkn-0 dist__TextBase-sc-1fnzlkn-3 dqUGTw\"><b>O que: <\/b>Este evento oferece uma chance de conhecer e conversar com candidatos locais. Haver\u00e1 uma vota\u00e7\u00e3o de enquete e jantar oferecido pela Oakwood. Os ingressos s\u00e3o necess\u00e1rios para este evento e podem ser comprados no United Southern Bank nos locais Downtown Leesburg, Tavares e Mt. Dora.<\/span><\/p>\n<\/li>\n<\/ul>\n<h5 class=\"dist__Box-sc-1fnzlkn-0 dist__HeadingBase-sc-1fnzlkn-6 ccoHow article-header\"><b>Condado de Lake<\/b><\/h5>\n<p class=\"dist__Box-sc-1fnzlkn-0 dist__TextBase-sc-1fnzlkn-3 CGHCP htMUPQ article-text\"><a href=\"https:\/\/www.facebook.com\/events\/418438841206289\" target=\"_blank\" rel=\"noopener\"><b>Encontro e sauda\u00e7\u00e3o de candidatos em The Villages<\/b><\/a><\/p>\n<ul class=\"dist__Box-sc-1fnzlkn-0 hkSbnt font_openSans articleList\">\n<li class=\"dist__Box-sc-1fnzlkn-0 dist__StackBase-sc-1fnzlkn-7 kuCSlp dgEFEb\">\n<p><svg xmlns=\"http:\/\/www.w3.org\/2000\/svg\" width=\"6\" height=\"6\" viewbox=\"0 0 6 6\" fill=\"none\" style=\"transform:translateY(-3px);min-height:6px;min-width:6px\"><circle cx=\"3\" cy=\"3\" r=\"3\" fill=\"#212121\"\/><\/svg><span class=\"dist__Box-sc-1fnzlkn-0 dist__TextBase-sc-1fnzlkn-3 dqUGTw\"><b>Quando: <\/b>Quinta-feira, 8 de agosto \u00e0s 18h30<\/span><\/p>\n<\/li>\n<li class=\"dist__Box-sc-1fnzlkn-0 dist__StackBase-sc-1fnzlkn-7 kuCSlp dgEFEb\">\n<p><svg xmlns=\"http:\/\/www.w3.org\/2000\/svg\" width=\"6\" height=\"6\" viewbox=\"0 0 6 6\" fill=\"none\" style=\"transform:translateY(-3px);min-height:6px;min-width:6px\"><circle cx=\"3\" cy=\"3\" r=\"3\" fill=\"#212121\"\/><\/svg><span class=\"dist__Box-sc-1fnzlkn-0 dist__TextBase-sc-1fnzlkn-3 dqUGTw\"><b>Onde:<\/b> Centro de Recrea\u00e7\u00e3o Franklin em The Villages<\/span><\/p>\n<\/li>\n<li class=\"dist__Box-sc-1fnzlkn-0 dist__StackBase-sc-1fnzlkn-7 kuCSlp dgEFEb\">\n<p><svg xmlns=\"http:\/\/www.w3.org\/2000\/svg\" width=\"6\" height=\"6\" viewbox=\"0 0 6 6\" fill=\"none\" style=\"transform:translateY(-3px);min-height:6px;min-width:6px\"><circle cx=\"3\" cy=\"3\" r=\"3\" fill=\"#212121\"\/><\/svg><span class=\"dist__Box-sc-1fnzlkn-0 dist__TextBase-sc-1fnzlkn-3 dqUGTw\"><b>O que:<\/b> Um encontro com candidatos ao governo estadual e local, apresentado pela Villagers for Trump.<\/span><\/p>\n<\/li>\n<\/ul>\n<h5 class=\"dist__Box-sc-1fnzlkn-0 dist__HeadingBase-sc-1fnzlkn-6 ccoHow article-header\"><b>Condado de Marion<\/b><\/h5>\n<p class=\"dist__Box-sc-1fnzlkn-0 dist__TextBase-sc-1fnzlkn-3 CGHCP htMUPQ article-text\"><a href=\"https:\/\/www.facebook.com\/events\/323321857508198\" target=\"_blank\" rel=\"noopener\"><b>Debate de candidatos da MCBIA<\/b><\/a><\/p>\n<ul class=\"dist__Box-sc-1fnzlkn-0 hkSbnt font_openSans articleList\">\n<li class=\"dist__Box-sc-1fnzlkn-0 dist__StackBase-sc-1fnzlkn-7 kuCSlp dgEFEb\">\n<p><svg xmlns=\"http:\/\/www.w3.org\/2000\/svg\" width=\"6\" height=\"6\" viewbox=\"0 0 6 6\" fill=\"none\" style=\"transform:translateY(-3px);min-height:6px;min-width:6px\"><circle cx=\"3\" cy=\"3\" r=\"3\" fill=\"#212121\"\/><\/svg><span class=\"dist__Box-sc-1fnzlkn-0 dist__TextBase-sc-1fnzlkn-3 dqUGTw\"><b>Quando: <\/b>30 de julho, das 17h \u00e0s 20h<\/span><\/p>\n<\/li>\n<li class=\"dist__Box-sc-1fnzlkn-0 dist__StackBase-sc-1fnzlkn-7 kuCSlp dgEFEb\">\n<p><svg xmlns=\"http:\/\/www.w3.org\/2000\/svg\" width=\"6\" height=\"6\" viewbox=\"0 0 6 6\" fill=\"none\" style=\"transform:translateY(-3px);min-height:6px;min-width:6px\"><circle cx=\"3\" cy=\"3\" r=\"3\" fill=\"#212121\"\/><\/svg><span class=\"dist__Box-sc-1fnzlkn-0 dist__TextBase-sc-1fnzlkn-3 dqUGTw\"><b>Onde: <\/b>Audit\u00f3rio do Pavilh\u00e3o Pecu\u00e1rio<\/span><\/p>\n<\/li>\n<li class=\"dist__Box-sc-1fnzlkn-0 dist__StackBase-sc-1fnzlkn-7 kuCSlp dgEFEb\">\n<p><svg xmlns=\"http:\/\/www.w3.org\/2000\/svg\" width=\"6\" height=\"6\" viewbox=\"0 0 6 6\" fill=\"none\" style=\"transform:translateY(-3px);min-height:6px;min-width:6px\"><circle cx=\"3\" cy=\"3\" r=\"3\" fill=\"#212121\"\/><\/svg><span class=\"dist__Box-sc-1fnzlkn-0 dist__TextBase-sc-1fnzlkn-3 dqUGTw\"><b>O que: <\/b>Este debate de candidatos \u00e9 aberto ao p\u00fablico e permite que os eleitores conhe\u00e7am os candidatos locais que concorrem nas pr\u00f3ximas elei\u00e7\u00f5es.<\/span><\/p>\n<\/li>\n<\/ul>\n<h5 class=\"dist__Box-sc-1fnzlkn-0 dist__HeadingBase-sc-1fnzlkn-6 ccoHow article-header\"><b>Condado de Orange<\/b><\/h5>\n<p class=\"dist__Box-sc-1fnzlkn-0 dist__TextBase-sc-1fnzlkn-3 CGHCP htMUPQ article-text\"><a href=\"https:\/\/www.apopkachamber.org\/events\/details\/hob-nob-straw-poll-2024-political-hob-nob-apopka-12595\" target=\"_blank\" rel=\"noopener\"><b>Apopka Hob Nob e enquete de palha<\/b><\/a><\/p>\n<ul class=\"dist__Box-sc-1fnzlkn-0 hkSbnt font_openSans articleList\">\n<li class=\"dist__Box-sc-1fnzlkn-0 dist__StackBase-sc-1fnzlkn-7 kuCSlp dgEFEb\">\n<p><svg xmlns=\"http:\/\/www.w3.org\/2000\/svg\" width=\"6\" height=\"6\" viewbox=\"0 0 6 6\" fill=\"none\" style=\"transform:translateY(-3px);min-height:6px;min-width:6px\"><circle cx=\"3\" cy=\"3\" r=\"3\" fill=\"#212121\"\/><\/svg><span class=\"dist__Box-sc-1fnzlkn-0 dist__TextBase-sc-1fnzlkn-3 dqUGTw\"><b>Quando: <\/b>30 de julho, das 17h \u00e0s 20h<\/span><\/p>\n<\/li>\n<li class=\"dist__Box-sc-1fnzlkn-0 dist__StackBase-sc-1fnzlkn-7 kuCSlp dgEFEb\">\n<p><svg xmlns=\"http:\/\/www.w3.org\/2000\/svg\" width=\"6\" height=\"6\" viewbox=\"0 0 6 6\" fill=\"none\" style=\"transform:translateY(-3px);min-height:6px;min-width:6px\"><circle cx=\"3\" cy=\"3\" r=\"3\" fill=\"#212121\"\/><\/svg><span class=\"dist__Box-sc-1fnzlkn-0 dist__TextBase-sc-1fnzlkn-3 dqUGTw\"><b>Onde: <\/b>Centro Comunit\u00e1rio VFW em Apopka<\/span><\/p>\n<\/li>\n<li class=\"dist__Box-sc-1fnzlkn-0 dist__StackBase-sc-1fnzlkn-7 kuCSlp dgEFEb\">\n<p><svg xmlns=\"http:\/\/www.w3.org\/2000\/svg\" width=\"6\" height=\"6\" viewbox=\"0 0 6 6\" fill=\"none\" style=\"transform:translateY(-3px);min-height:6px;min-width:6px\"><circle cx=\"3\" cy=\"3\" r=\"3\" fill=\"#212121\"\/><\/svg><span class=\"dist__Box-sc-1fnzlkn-0 dist__TextBase-sc-1fnzlkn-3 dqUGTw\"><b>O que: <\/b>Este evento, organizado pela C\u00e2mara de Com\u00e9rcio da \u00c1rea de Apopka, \u00e9 uma oportunidade para os eleitores conhecerem e ouvirem os candidatos do Condado de Orange concorrendo a cargos p\u00fablicos. Ingressos s\u00e3o necess\u00e1rios para participar.<\/span><\/p>\n<\/li>\n<\/ul>\n<p class=\"dist__Box-sc-1fnzlkn-0 dist__TextBase-sc-1fnzlkn-3 CGHCP htMUPQ article-text\"><a href=\"https:\/\/hispanicchamberofmetroorlando.growthzoneapp.com\/membereventcalendar\/Details\/hispanic-chamber-political-hob-nob-1042104?sourceTypeId=Website\" target=\"_blank\" rel=\"noopener\"><b>C\u00e2mara Hisp\u00e2nica Pol\u00edtica Hob Nob<\/b><\/a><\/p>\n<ul class=\"dist__Box-sc-1fnzlkn-0 hkSbnt font_openSans articleList\">\n<li class=\"dist__Box-sc-1fnzlkn-0 dist__StackBase-sc-1fnzlkn-7 kuCSlp dgEFEb\">\n<p><svg xmlns=\"http:\/\/www.w3.org\/2000\/svg\" width=\"6\" height=\"6\" viewbox=\"0 0 6 6\" fill=\"none\" style=\"transform:translateY(-3px);min-height:6px;min-width:6px\"><circle cx=\"3\" cy=\"3\" r=\"3\" fill=\"#212121\"\/><\/svg><span class=\"dist__Box-sc-1fnzlkn-0 dist__TextBase-sc-1fnzlkn-3 dqUGTw\"><b>Quando: <\/b>31 de julho, das 16h30 \u00e0s 19h<\/span><\/p>\n<\/li>\n<li class=\"dist__Box-sc-1fnzlkn-0 dist__StackBase-sc-1fnzlkn-7 kuCSlp dgEFEb\">\n<p><svg xmlns=\"http:\/\/www.w3.org\/2000\/svg\" width=\"6\" height=\"6\" viewbox=\"0 0 6 6\" fill=\"none\" style=\"transform:translateY(-3px);min-height:6px;min-width:6px\"><circle cx=\"3\" cy=\"3\" r=\"3\" fill=\"#212121\"\/><\/svg><span class=\"dist__Box-sc-1fnzlkn-0 dist__TextBase-sc-1fnzlkn-3 dqUGTw\"><b>Onde: <\/b>Andretti Indoor Karting e Jogos em Orlando<\/span><\/p>\n<\/li>\n<li class=\"dist__Box-sc-1fnzlkn-0 dist__StackBase-sc-1fnzlkn-7 kuCSlp dgEFEb\">\n<p><svg xmlns=\"http:\/\/www.w3.org\/2000\/svg\" width=\"6\" height=\"6\" viewbox=\"0 0 6 6\" fill=\"none\" style=\"transform:translateY(-3px);min-height:6px;min-width:6px\"><circle cx=\"3\" cy=\"3\" r=\"3\" fill=\"#212121\"\/><\/svg><span class=\"dist__Box-sc-1fnzlkn-0 dist__TextBase-sc-1fnzlkn-3 dqUGTw\"><b>O que: <\/b>Este evento \u00e9 gratuito e aberto ao p\u00fablico, sem necessidade de inscri\u00e7\u00e3o. \u00c9 uma oportunidade para l\u00edderes empresariais, pol\u00edticos e membros da comunidade se reunirem para networking e conversas significativas. Tamb\u00e9m oferece uma chance de se conectar com a comunidade empresarial hisp\u00e2nica.<\/span><\/p>\n<\/li>\n<\/ul>\n<p class=\"dist__Box-sc-1fnzlkn-0 dist__TextBase-sc-1fnzlkn-3 CGHCP htMUPQ article-text\"><a href=\"https:\/\/www.facebook.com\/events\/1187728439034505\" target=\"_blank\" rel=\"noopener\"><b>Debate do candidato do distrito 1 da Comiss\u00e3o do Condado de Orange<\/b><\/a><\/p>\n<ul class=\"dist__Box-sc-1fnzlkn-0 hkSbnt font_openSans articleList\">\n<li class=\"dist__Box-sc-1fnzlkn-0 dist__StackBase-sc-1fnzlkn-7 kuCSlp dgEFEb\">\n<p><svg xmlns=\"http:\/\/www.w3.org\/2000\/svg\" width=\"6\" height=\"6\" viewbox=\"0 0 6 6\" fill=\"none\" style=\"transform:translateY(-3px);min-height:6px;min-width:6px\"><circle cx=\"3\" cy=\"3\" r=\"3\" fill=\"#212121\"\/><\/svg><span class=\"dist__Box-sc-1fnzlkn-0 dist__TextBase-sc-1fnzlkn-3 dqUGTw\"><b>Quando:<\/b> Quarta-feira, 31 de julho \u00e0s 18h30<\/span><\/p>\n<\/li>\n<li class=\"dist__Box-sc-1fnzlkn-0 dist__StackBase-sc-1fnzlkn-7 kuCSlp dgEFEb\">\n<p><svg xmlns=\"http:\/\/www.w3.org\/2000\/svg\" width=\"6\" height=\"6\" viewbox=\"0 0 6 6\" fill=\"none\" style=\"transform:translateY(-3px);min-height:6px;min-width:6px\"><circle cx=\"3\" cy=\"3\" r=\"3\" fill=\"#212121\"\/><\/svg><span class=\"dist__Box-sc-1fnzlkn-0 dist__TextBase-sc-1fnzlkn-3 dqUGTw\"><b>Onde: <\/b>Orlando College of Osteopathic Medicine e online<\/span><\/p>\n<\/li>\n<li class=\"dist__Box-sc-1fnzlkn-0 dist__StackBase-sc-1fnzlkn-7 kuCSlp dgEFEb\">\n<p><svg xmlns=\"http:\/\/www.w3.org\/2000\/svg\" width=\"6\" height=\"6\" viewbox=\"0 0 6 6\" fill=\"none\" style=\"transform:translateY(-3px);min-height:6px;min-width:6px\"><circle cx=\"3\" cy=\"3\" r=\"3\" fill=\"#212121\"\/><\/svg><span class=\"dist__Box-sc-1fnzlkn-0 dist__TextBase-sc-1fnzlkn-3 dqUGTw\"><b>O que: <\/b>O Observer Media Group e o Orlando Health est\u00e3o apresentando um debate do Orange County Commission District 1 no Orlando College of Osteopathic Medicine. Os ingressos est\u00e3o esgotados, mas o debate ser\u00e1 transmitido ao vivo. Os detalhes est\u00e3o no link acima.<\/span><\/p>\n<\/li>\n<\/ul>\n<p class=\"dist__Box-sc-1fnzlkn-0 dist__TextBase-sc-1fnzlkn-3 CGHCP htMUPQ article-text\"><a href=\"https:\/\/www.facebook.com\/events\/668545052111967\" target=\"_blank\" rel=\"noopener\"><b>Hob Nob e enquete de palha de West Orange<\/b><\/a><\/p>\n<ul class=\"dist__Box-sc-1fnzlkn-0 hkSbnt font_openSans articleList\">\n<li class=\"dist__Box-sc-1fnzlkn-0 dist__StackBase-sc-1fnzlkn-7 kuCSlp dgEFEb\">\n<p><svg xmlns=\"http:\/\/www.w3.org\/2000\/svg\" width=\"6\" height=\"6\" viewbox=\"0 0 6 6\" fill=\"none\" style=\"transform:translateY(-3px);min-height:6px;min-width:6px\"><circle cx=\"3\" cy=\"3\" r=\"3\" fill=\"#212121\"\/><\/svg><span class=\"dist__Box-sc-1fnzlkn-0 dist__TextBase-sc-1fnzlkn-3 dqUGTw\"><b>Quando: <\/b>1 de agosto, \u00e0s 17h<\/span><\/p>\n<\/li>\n<li class=\"dist__Box-sc-1fnzlkn-0 dist__StackBase-sc-1fnzlkn-7 kuCSlp dgEFEb\">\n<p><svg xmlns=\"http:\/\/www.w3.org\/2000\/svg\" width=\"6\" height=\"6\" viewbox=\"0 0 6 6\" fill=\"none\" style=\"transform:translateY(-3px);min-height:6px;min-width:6px\"><circle cx=\"3\" cy=\"3\" r=\"3\" fill=\"#212121\"\/><\/svg><span class=\"dist__Box-sc-1fnzlkn-0 dist__TextBase-sc-1fnzlkn-3 dqUGTw\"><b>Onde: <\/b>Centro Ocoee Lakeshore<\/span><\/p>\n<\/li>\n<li class=\"dist__Box-sc-1fnzlkn-0 dist__StackBase-sc-1fnzlkn-7 kuCSlp dgEFEb\">\n<p><svg xmlns=\"http:\/\/www.w3.org\/2000\/svg\" width=\"6\" height=\"6\" viewbox=\"0 0 6 6\" fill=\"none\" style=\"transform:translateY(-3px);min-height:6px;min-width:6px\"><circle cx=\"3\" cy=\"3\" r=\"3\" fill=\"#212121\"\/><\/svg><span class=\"dist__Box-sc-1fnzlkn-0 dist__TextBase-sc-1fnzlkn-3 dqUGTw\"><b>O que: <\/b>Este evento permite que os eleitores ou\u00e7am os candidatos que concorrem a cargos p\u00fablicos falarem sobre quest\u00f5es-chave. \u00c9 organizado pela C\u00e2mara de Com\u00e9rcio de West Orange e \u00e9 necess\u00e1rio ingresso para participar.<\/span><\/p>\n<\/li>\n<\/ul>\n<p class=\"dist__Box-sc-1fnzlkn-0 dist__TextBase-sc-1fnzlkn-3 CGHCP htMUPQ article-text\"><a href=\"https:\/\/lwvoc.org\/content.aspx?page_id=4002&#038;club_id=907481&#038;item_id=2345212\" target=\"_blank\" rel=\"noopener\"><b>F\u00f3rum de Candidatos \u00e0 Comiss\u00e3o do Distrito 5 do Condado de Orange<\/b><\/a><\/p>\n<ul class=\"dist__Box-sc-1fnzlkn-0 hkSbnt font_openSans articleList\">\n<li class=\"dist__Box-sc-1fnzlkn-0 dist__StackBase-sc-1fnzlkn-7 kuCSlp dgEFEb\">\n<p><svg xmlns=\"http:\/\/www.w3.org\/2000\/svg\" width=\"6\" height=\"6\" viewbox=\"0 0 6 6\" fill=\"none\" style=\"transform:translateY(-3px);min-height:6px;min-width:6px\"><circle cx=\"3\" cy=\"3\" r=\"3\" fill=\"#212121\"\/><\/svg><span class=\"dist__Box-sc-1fnzlkn-0 dist__TextBase-sc-1fnzlkn-3 dqUGTw\"><b>Quando:<\/b> Ter\u00e7a-feira, 6 de agosto \u00e0s 19h (as portas abrem \u00e0s 18h30)<\/span><\/p>\n<\/li>\n<li class=\"dist__Box-sc-1fnzlkn-0 dist__StackBase-sc-1fnzlkn-7 kuCSlp dgEFEb\">\n<p><svg xmlns=\"http:\/\/www.w3.org\/2000\/svg\" width=\"6\" height=\"6\" viewbox=\"0 0 6 6\" fill=\"none\" style=\"transform:translateY(-3px);min-height:6px;min-width:6px\"><circle cx=\"3\" cy=\"3\" r=\"3\" fill=\"#212121\"\/><\/svg><span class=\"dist__Box-sc-1fnzlkn-0 dist__TextBase-sc-1fnzlkn-3 dqUGTw\"><b>Onde:<\/b> Westminster Winter Park na Avenida Lakemont<\/span><\/p>\n<\/li>\n<li class=\"dist__Box-sc-1fnzlkn-0 dist__StackBase-sc-1fnzlkn-7 kuCSlp dgEFEb\">\n<p><svg xmlns=\"http:\/\/www.w3.org\/2000\/svg\" width=\"6\" height=\"6\" viewbox=\"0 0 6 6\" fill=\"none\" style=\"transform:translateY(-3px);min-height:6px;min-width:6px\"><circle cx=\"3\" cy=\"3\" r=\"3\" fill=\"#212121\"\/><\/svg><span class=\"dist__Box-sc-1fnzlkn-0 dist__TextBase-sc-1fnzlkn-3 dqUGTw\"><b>O que: <\/b>Ou\u00e7a os quatro candidatos para o Distrito 5 da Comiss\u00e3o do Condado de Orange neste f\u00f3rum p\u00fablico, apresentado pela Liga das Mulheres Eleitoras do Condado de Orange. <\/span><\/p>\n<\/li>\n<\/ul>\n<p class=\"dist__Box-sc-1fnzlkn-0 dist__TextBase-sc-1fnzlkn-3 CGHCP htMUPQ article-text\"><a href=\"https:\/\/www.facebook.com\/events\/1012407430343374\" target=\"_blank\" rel=\"noopener\"><b>Debate do comiss\u00e1rio do Condado de Orange apresentado pelo Tiger Bay Club da Fl\u00f3rida Central<\/b><\/a><\/p>\n<ul class=\"dist__Box-sc-1fnzlkn-0 hkSbnt font_openSans articleList\">\n<li class=\"dist__Box-sc-1fnzlkn-0 dist__StackBase-sc-1fnzlkn-7 kuCSlp dgEFEb\">\n<p><svg xmlns=\"http:\/\/www.w3.org\/2000\/svg\" width=\"6\" height=\"6\" viewbox=\"0 0 6 6\" fill=\"none\" style=\"transform:translateY(-3px);min-height:6px;min-width:6px\"><circle cx=\"3\" cy=\"3\" r=\"3\" fill=\"#212121\"\/><\/svg><span class=\"dist__Box-sc-1fnzlkn-0 dist__TextBase-sc-1fnzlkn-3 dqUGTw\"><b>Quando: <\/b>Sexta-feira, 16 de agosto \u00e0s 11h30<\/span><\/p>\n<\/li>\n<li class=\"dist__Box-sc-1fnzlkn-0 dist__StackBase-sc-1fnzlkn-7 kuCSlp dgEFEb\">\n<p><svg xmlns=\"http:\/\/www.w3.org\/2000\/svg\" width=\"6\" height=\"6\" viewbox=\"0 0 6 6\" fill=\"none\" style=\"transform:translateY(-3px);min-height:6px;min-width:6px\"><circle cx=\"3\" cy=\"3\" r=\"3\" fill=\"#212121\"\/><\/svg><span class=\"dist__Box-sc-1fnzlkn-0 dist__TextBase-sc-1fnzlkn-3 dqUGTw\"><b>Onde:<\/b> Citrus Club no centro de Orlando<\/span><\/p>\n<\/li>\n<li class=\"dist__Box-sc-1fnzlkn-0 dist__StackBase-sc-1fnzlkn-7 kuCSlp dgEFEb\">\n<p><svg xmlns=\"http:\/\/www.w3.org\/2000\/svg\" width=\"6\" height=\"6\" viewbox=\"0 0 6 6\" fill=\"none\" style=\"transform:translateY(-3px);min-height:6px;min-width:6px\"><circle cx=\"3\" cy=\"3\" r=\"3\" fill=\"#212121\"\/><\/svg><span class=\"dist__Box-sc-1fnzlkn-0 dist__TextBase-sc-1fnzlkn-3 dqUGTw\"><b>O que: <\/b>O Tiger Bay Club da Fl\u00f3rida Central est\u00e1 hospedando os candidatos para as corridas da Comiss\u00e3o do Condado de Orange nos distritos 1, 3 e 5. Os ingressos para n\u00e3o membros do Tiger Bay Club custam US$ 50.<\/span><\/p>\n<\/li>\n<\/ul>\n<p class=\"dist__Box-sc-1fnzlkn-0 dist__TextBase-sc-1fnzlkn-3 CGHCP htMUPQ article-text\"><b>[RELATED: <\/b><a href=\"https:\/\/www.clickorlando.com\/news\/local\/2024\/07\/01\/requests-to-vote-by-mail-in-central-florida-are-down-significantly-how-you-can-request-a-ballot\/\"><b>Requests to vote by mail in Central Florida are down \u2018significantly.\u2019 How you can request a ballot<\/b><\/a><b>]<\/b><\/p>\n<p class=\"dist__Box-sc-1fnzlkn-0 dist__TextBase-sc-1fnzlkn-3 CGHCP htMUPQ article-text\"><b>[EXCLUSIVE: Want even more events? Sign up for our Central Florida Happenings newsletter]<\/b><\/p>\n<div class=\"dist__Box-sc-1fnzlkn-0 dist__StackBase-sc-1fnzlkn-7 cREaVc dgEFEb customEmbed newsletter-signup\">\n<figure class=\"dist__Box-sc-1fnzlkn-0 dist__StackBase-sc-1fnzlkn-7 dHfTZi cblvkA\"><!--$--><!--\/$--><\/figure>\n<p class=\"dist__Box-sc-1fnzlkn-0 dist__TextBase-sc-1fnzlkn-3 hYKTaq\">Mais hist\u00f3rias como esta em nosso boletim informativo por e-mail<\/p>\n<\/div>\n<h2 class=\"dist__Box-sc-1fnzlkn-0 dist__HeadingBase-sc-1fnzlkn-6 ccoHow article-header\"><b>Condado de Volusia<\/b><\/h2>\n<p class=\"dist__Box-sc-1fnzlkn-0 dist__TextBase-sc-1fnzlkn-3 CGHCP htMUPQ article-text\"><a href=\"https:\/\/www.facebook.com\/events\/7764741410275094\" target=\"_blank\" rel=\"noopener\"><b>Hob Nob<\/b><\/a><\/p>\n<ul class=\"dist__Box-sc-1fnzlkn-0 hkSbnt font_openSans articleList\">\n<li class=\"dist__Box-sc-1fnzlkn-0 dist__StackBase-sc-1fnzlkn-7 kuCSlp dgEFEb\">\n<p><svg xmlns=\"http:\/\/www.w3.org\/2000\/svg\" width=\"6\" height=\"6\" viewbox=\"0 0 6 6\" fill=\"none\" style=\"transform:translateY(-3px);min-height:6px;min-width:6px\"><circle cx=\"3\" cy=\"3\" r=\"3\" fill=\"#212121\"\/><\/svg><span class=\"dist__Box-sc-1fnzlkn-0 dist__TextBase-sc-1fnzlkn-3 dqUGTw\"><b>Quando: <\/b>1\u00ba de agosto, das 17h \u00e0s 20h<\/span><\/p>\n<\/li>\n<li class=\"dist__Box-sc-1fnzlkn-0 dist__StackBase-sc-1fnzlkn-7 kuCSlp dgEFEb\">\n<p><svg xmlns=\"http:\/\/www.w3.org\/2000\/svg\" width=\"6\" height=\"6\" viewbox=\"0 0 6 6\" fill=\"none\" style=\"transform:translateY(-3px);min-height:6px;min-width:6px\"><circle cx=\"3\" cy=\"3\" r=\"3\" fill=\"#212121\"\/><\/svg><span class=\"dist__Box-sc-1fnzlkn-0 dist__TextBase-sc-1fnzlkn-3 dqUGTw\"><b>Onde: <\/b>O Centro em Deltona<\/span><\/p>\n<\/li>\n<li class=\"dist__Box-sc-1fnzlkn-0 dist__StackBase-sc-1fnzlkn-7 kuCSlp dgEFEb\">\n<p><svg xmlns=\"http:\/\/www.w3.org\/2000\/svg\" width=\"6\" height=\"6\" viewbox=\"0 0 6 6\" fill=\"none\" style=\"transform:translateY(-3px);min-height:6px;min-width:6px\"><circle cx=\"3\" cy=\"3\" r=\"3\" fill=\"#212121\"\/><\/svg><span class=\"dist__Box-sc-1fnzlkn-0 dist__TextBase-sc-1fnzlkn-3 dqUGTw\"><b>O que: <\/b>Este evento, organizado pela Hispanic Chamber of Central Florida, \u00e9 uma oportunidade profissional de networking pol\u00edtico. \u00c9 aberto ao p\u00fablico, mas \u00e9 recomendado fazer inscri\u00e7\u00e3o.<\/span><\/p>\n<\/li>\n<\/ul>\n<p class=\"dist__Box-sc-1fnzlkn-0 dist__TextBase-sc-1fnzlkn-3 CGHCP htMUPQ article-text\"><a href=\"https:\/\/www.facebook.com\/events\/7723890304339346\" target=\"_blank\" rel=\"noopener\"><b>2024 Oeste Volusia Hob Nob<\/b><\/a><\/p>\n<ul class=\"dist__Box-sc-1fnzlkn-0 hkSbnt font_openSans articleList\">\n<li class=\"dist__Box-sc-1fnzlkn-0 dist__StackBase-sc-1fnzlkn-7 kuCSlp dgEFEb\">\n<p><svg xmlns=\"http:\/\/www.w3.org\/2000\/svg\" width=\"6\" height=\"6\" viewbox=\"0 0 6 6\" fill=\"none\" style=\"transform:translateY(-3px);min-height:6px;min-width:6px\"><circle cx=\"3\" cy=\"3\" r=\"3\" fill=\"#212121\"\/><\/svg><span class=\"dist__Box-sc-1fnzlkn-0 dist__TextBase-sc-1fnzlkn-3 dqUGTw\"><b>Quando: <\/b>6 de agosto, \u00e0s 16h<\/span><\/p>\n<\/li>\n<li class=\"dist__Box-sc-1fnzlkn-0 dist__StackBase-sc-1fnzlkn-7 kuCSlp dgEFEb\">\n<p><svg xmlns=\"http:\/\/www.w3.org\/2000\/svg\" width=\"6\" height=\"6\" viewbox=\"0 0 6 6\" fill=\"none\" style=\"transform:translateY(-3px);min-height:6px;min-width:6px\"><circle cx=\"3\" cy=\"3\" r=\"3\" fill=\"#212121\"\/><\/svg><span class=\"dist__Box-sc-1fnzlkn-0 dist__TextBase-sc-1fnzlkn-3 dqUGTw\"><b>Onde: <\/b>3100 E New York Ave., DeLand<\/span><\/p>\n<\/li>\n<li class=\"dist__Box-sc-1fnzlkn-0 dist__StackBase-sc-1fnzlkn-7 kuCSlp dgEFEb\">\n<p><svg xmlns=\"http:\/\/www.w3.org\/2000\/svg\" width=\"6\" height=\"6\" viewbox=\"0 0 6 6\" fill=\"none\" style=\"transform:translateY(-3px);min-height:6px;min-width:6px\"><circle cx=\"3\" cy=\"3\" r=\"3\" fill=\"#212121\"\/><\/svg><span class=\"dist__Box-sc-1fnzlkn-0 dist__TextBase-sc-1fnzlkn-3 dqUGTw\"><b>O que: <\/b>Este evento de entrada gratuita, organizado pela C\u00e2mara de Com\u00e9rcio de DeLand &#038; Greater West Volusia, contar\u00e1 com candidatos representando os n\u00edveis de governo estadual e local. Os moradores poder\u00e3o se registrar para votar, conhecer os candidatos e aprender sobre suas posi\u00e7\u00f5es em quest\u00f5es atuais.<\/span><\/p>\n<\/li>\n<\/ul>\n<p class=\"dist__Box-sc-1fnzlkn-0 dist__TextBase-sc-1fnzlkn-3 CGHCP htMUPQ article-text\"><a href=\"https:\/\/www.facebook.com\/events\/1207369607121134\" target=\"_blank\" rel=\"noopener\"><b>2024 Sudeste Volusia C\u00e2mara Hob Nob<\/b><\/a><\/p>\n<ul class=\"dist__Box-sc-1fnzlkn-0 hkSbnt font_openSans articleList\">\n<li class=\"dist__Box-sc-1fnzlkn-0 dist__StackBase-sc-1fnzlkn-7 kuCSlp dgEFEb\">\n<p><svg xmlns=\"http:\/\/www.w3.org\/2000\/svg\" width=\"6\" height=\"6\" viewbox=\"0 0 6 6\" fill=\"none\" style=\"transform:translateY(-3px);min-height:6px;min-width:6px\"><circle cx=\"3\" cy=\"3\" r=\"3\" fill=\"#212121\"\/><\/svg><span class=\"dist__Box-sc-1fnzlkn-0 dist__TextBase-sc-1fnzlkn-3 dqUGTw\"><b>Quando: <\/b>Quarta-feira, 14 de agosto \u00e0s 17h<\/span><\/p>\n<\/li>\n<li class=\"dist__Box-sc-1fnzlkn-0 dist__StackBase-sc-1fnzlkn-7 kuCSlp dgEFEb\">\n<p><svg xmlns=\"http:\/\/www.w3.org\/2000\/svg\" width=\"6\" height=\"6\" viewbox=\"0 0 6 6\" fill=\"none\" style=\"transform:translateY(-3px);min-height:6px;min-width:6px\"><circle cx=\"3\" cy=\"3\" r=\"3\" fill=\"#212121\"\/><\/svg><span class=\"dist__Box-sc-1fnzlkn-0 dist__TextBase-sc-1fnzlkn-3 dqUGTw\"><b>Onde: <\/b>105 S. Riverside Drive, Nova Smyrna Beach.<\/span><\/p>\n<\/li>\n<li class=\"dist__Box-sc-1fnzlkn-0 dist__StackBase-sc-1fnzlkn-7 kuCSlp dgEFEb\">\n<p><svg xmlns=\"http:\/\/www.w3.org\/2000\/svg\" width=\"6\" height=\"6\" viewbox=\"0 0 6 6\" fill=\"none\" style=\"transform:translateY(-3px);min-height:6px;min-width:6px\"><circle cx=\"3\" cy=\"3\" r=\"3\" fill=\"#212121\"\/><\/svg><span class=\"dist__Box-sc-1fnzlkn-0 dist__TextBase-sc-1fnzlkn-3 dqUGTw\"><b>O que:<\/b> Um evento para as pessoas conhecerem candidatos a cargos federais, estaduais e locais, organizado pela C\u00e2mara de Com\u00e9rcio do Sudeste de Volusia.<\/span><\/p>\n<\/li>\n<\/ul>\n<p class=\"dist__Box-sc-1fnzlkn-0 dist__TextBase-sc-1fnzlkn-3 CGHCP htMUPQ article-text\"><a href=\"https:\/\/www.facebook.com\/events\/3859496464282811\" target=\"_blank\" rel=\"noopener\"><b>Hob Nob 2024<\/b><\/a><\/p>\n<ul class=\"dist__Box-sc-1fnzlkn-0 hkSbnt font_openSans articleList\">\n<li class=\"dist__Box-sc-1fnzlkn-0 dist__StackBase-sc-1fnzlkn-7 kuCSlp dgEFEb\">\n<p><svg xmlns=\"http:\/\/www.w3.org\/2000\/svg\" width=\"6\" height=\"6\" viewbox=\"0 0 6 6\" fill=\"none\" style=\"transform:translateY(-3px);min-height:6px;min-width:6px\"><circle cx=\"3\" cy=\"3\" r=\"3\" fill=\"#212121\"\/><\/svg><span class=\"dist__Box-sc-1fnzlkn-0 dist__TextBase-sc-1fnzlkn-3 dqUGTw\"><b>Quando:<\/b> Quinta-feira, 25 de outubro \u00e0s 17h<\/span><\/p>\n<\/li>\n<li class=\"dist__Box-sc-1fnzlkn-0 dist__StackBase-sc-1fnzlkn-7 kuCSlp dgEFEb\">\n<p><svg xmlns=\"http:\/\/www.w3.org\/2000\/svg\" width=\"6\" height=\"6\" viewbox=\"0 0 6 6\" fill=\"none\" style=\"transform:translateY(-3px);min-height:6px;min-width:6px\"><circle cx=\"3\" cy=\"3\" r=\"3\" fill=\"#212121\"\/><\/svg><span class=\"dist__Box-sc-1fnzlkn-0 dist__TextBase-sc-1fnzlkn-3 dqUGTw\"><b>Onde:<\/b> 105 S. Riverside Drive, Nova Smyrna Beach.<\/span><\/p>\n<\/li>\n<li class=\"dist__Box-sc-1fnzlkn-0 dist__StackBase-sc-1fnzlkn-7 kuCSlp dgEFEb\">\n<p><svg xmlns=\"http:\/\/www.w3.org\/2000\/svg\" width=\"6\" height=\"6\" viewbox=\"0 0 6 6\" fill=\"none\" style=\"transform:translateY(-3px);min-height:6px;min-width:6px\"><circle cx=\"3\" cy=\"3\" r=\"3\" fill=\"#212121\"\/><\/svg><span class=\"dist__Box-sc-1fnzlkn-0 dist__TextBase-sc-1fnzlkn-3 dqUGTw\"><b>O que: <\/b>Um evento para as pessoas conhecerem candidatos a cargos federais, estaduais e locais, organizado pela C\u00e2mara de Com\u00e9rcio do Sudeste de Volusia. <\/span><\/p>\n<\/li>\n<\/ul>\n<hr class=\"dist__Box-sc-1fnzlkn-0 dist__BaseDivider-sc-1fnzlkn-8 NJMqq\"\/>\n<p class=\"dist__Box-sc-1fnzlkn-0 dist__TextBase-sc-1fnzlkn-3 CGHCP htMUPQ article-text\"><b>Voc\u00ea pode ouvir todos os epis\u00f3dios de <\/b><a href=\"https:\/\/www.clickorlando.com\/topic\/Fourth_Estate\/\"><b>Quarto estado da Fl\u00f3rida<\/b><\/a><b>  no media player abaixo:<\/b><\/p>\n<\/div>\n<p>Copyright 2024 por WKMG ClickOrlando &#8211; Todos os direitos reservados.<\/p>\n<p><br \/>\n<br \/><a href=\"https:\/\/www.clickorlando.com\/results-2024\/2024\/07\/08\/its-almost-election-season-here-are-opportunities-to-get-to-know-the-people-asking-for-your-vote\/\">Source link <\/a><\/p>","protected":false},"excerpt":{"rendered":"<p>A temporada eleitoral est\u00e1 chegando. Embora possa haver muita informa\u00e7\u00e3o circulando sobre candidatos nacionais, \u00e0s vezes \u00e9 mais dif\u00edcil descobrir as opini\u00f5es, objetivos e inten\u00e7\u00f5es dos candidatos estaduais ou locais&hellip;<\/p>","protected":false},"author":1,"featured_media":11779,"comment_status":"closed","ping_status":"open","sticky":false,"template":"","format":"standard","meta":{"content-type":"","footnotes":""},"categories":[1],"tags":[2067,1518,1521,1442,1517,1516,1522,1519,3071,574,124,93,4215,1714],"class_list":["post-11778","post","type-post","status-publish","format-standard","has-post-thumbnail","hentry","category-uncategorized","tag-acontecimentos-na-florida-central","tag-condado-de-brevard","tag-condado-de-lake","tag-condado-de-orange","tag-condado-de-osceola","tag-condado-de-seminole","tag-condado-de-sumter","tag-condado-de-volusia","tag-eleicao","tag-eventos","tag-florida","tag-politica","tag-recursos-eleitorais","tag-resultados-2024"],"_links":{"self":[{"href":"https:\/\/tvbrazilusa.com\/pt\/wp-json\/wp\/v2\/posts\/11778","targetHints":{"allow":["GET"]}}],"collection":[{"href":"https:\/\/tvbrazilusa.com\/pt\/wp-json\/wp\/v2\/posts"}],"about":[{"href":"https:\/\/tvbrazilusa.com\/pt\/wp-json\/wp\/v2\/types\/post"}],"author":[{"embeddable":true,"href":"https:\/\/tvbrazilusa.com\/pt\/wp-json\/wp\/v2\/users\/1"}],"replies":[{"embeddable":true,"href":"https:\/\/tvbrazilusa.com\/pt\/wp-json\/wp\/v2\/comments?post=11778"}],"version-history":[{"count":1,"href":"https:\/\/tvbrazilusa.com\/pt\/wp-json\/wp\/v2\/posts\/11778\/revisions"}],"predecessor-version":[{"id":11780,"href":"https:\/\/tvbrazilusa.com\/pt\/wp-json\/wp\/v2\/posts\/11778\/revisions\/11780"}],"wp:featuredmedia":[{"embeddable":true,"href":"https:\/\/tvbrazilusa.com\/pt\/wp-json\/wp\/v2\/media\/11779"}],"wp:attachment":[{"href":"https:\/\/tvbrazilusa.com\/pt\/wp-json\/wp\/v2\/media?parent=11778"}],"wp:term":[{"taxonomy":"category","embeddable":true,"href":"https:\/\/tvbrazilusa.com\/pt\/wp-json\/wp\/v2\/categories?post=11778"},{"taxonomy":"post_tag","embeddable":true,"href":"https:\/\/tvbrazilusa.com\/pt\/wp-json\/wp\/v2\/tags?post=11778"}],"curies":[{"name":"wp","href":"https:\/\/api.w.org\/{rel}","templated":true}]}}