{"id":117793,"date":"2025-05-02T15:33:17","date_gmt":"2025-05-02T15:33:17","guid":{"rendered":"https:\/\/tvbrazilusa.com\/2025\/05\/02\/show-da-manha-o-misterio-por-tras-da-decisao-de-moraes-02-05-2025\/"},"modified":"2025-05-02T15:33:17","modified_gmt":"2025-05-02T15:33:17","slug":"show-da-manha-o-misterio-por-tras-da-decisao-de-moraes-02-05-2025","status":"publish","type":"post","link":"https:\/\/tvbrazilusa.com\/pt\/2025\/05\/02\/show-da-manha-o-misterio-por-tras-da-decisao-de-moraes-02-05-2025\/","title":{"rendered":"SHOW DA MANH\u00c3 &#8211; O &#8220;MIST\u00c9RIO&#8221; POR TR\u00c1S DA DECIS\u00c3O DE MORAES\u00a0&#8211;\u00a002\/05\/2025"},"content":{"rendered":"<p><iframe  width=\"580\" height=\"385\" src=\"https:\/\/www.youtube.com\/embed\/gxUDp39-ekY?modestbranding=1\" frameborder=\"0\" allowfullscreen><\/iframe><br \/>\n<br \/>Apresentado por Marco Ant\u00f4nio Costa.<br \/>\nConvidados: Ver. Adrilles Jorge e Paula Marisa.<br \/>\nParticipa\u00e7\u00e3o Especial:  Enio Viterbo e Dep. Fed. Luiz Phillipe de Orleans\u00a0e\u00a0Bragan\u00e7a.<\/p>\n<p>O Show da Manh\u00e3 vai ao ar de segunda a sexta, das 10h \u00e0s 12h.<\/p>\n<p>\ud83d\udd25NOVIDADES NO FIO DIA\u0301RIO! ASSINE COM 33% OFF NO PLANO ANUAL OU 66% OFF NO DEZ A FIO! \ud83d\udc49 <\/p>\n<p>\ud83d\udd25CAMISETAS FIO DIA\u0301RIO (CUPOM \u201cFIODIARIO10\u201d PARA 10% DE DESCONTO) \ud83d\udc49 <\/p>\n<p>\ud83d\udd25APROVEITE AS PROMOC\u0327O\u0303ES DA LIVRARIA FIO DIA\u0301RIO E NA\u0303O CAIA EM NARRATIVAS! \ud83d\udc49 <\/p>\n<p>Inscreva-se no nosso Canal!<\/p>\n<p>Ou\u00e7a no Spotify: <\/p>\n<p>Siga no Instagram:<\/p>\n<p>Marco Ant\u00f4nio Costa: <\/p>\n<p>Fio Di\u00e1rio: <\/p>\n<p>Revista Timeline:<br \/>\nYouTube:<br \/>\nWhatsApp: <\/p>\n<p>Fabiano Silva (Charges):<br \/>\nInstagram: <\/p>\n<p><a href=\"https:\/\/www.youtube.com\/watch?v=gxUDp39-ekY\">source<\/a><\/p>","protected":false},"excerpt":{"rendered":"<p>Apresentado por Marco Ant\u00f4nio Costa. Convidados: Ver. Adrilles Jorge e Paula Marisa. Participa\u00e7\u00e3o Especial: Enio Viterbo e Dep. Fed. Luiz Phillipe de Orleans\u00a0e\u00a0Bragan\u00e7a. O Show da Manh\u00e3 vai ao ar&hellip;<\/p>","protected":false},"author":1,"featured_media":117794,"comment_status":"","ping_status":"open","sticky":false,"template":"","format":"standard","meta":{"content-type":"","footnotes":""},"categories":[17],"tags":[3301,557,18910,33740,108,63,494],"class_list":["post-117793","post","type-post","status-publish","format-standard","has-post-thumbnail","hentry","category-programas","tag-decisao","tag-manha","tag-misterio","tag-moraes02052025","tag-por","tag-show","tag-tras"],"_links":{"self":[{"href":"https:\/\/tvbrazilusa.com\/pt\/wp-json\/wp\/v2\/posts\/117793","targetHints":{"allow":["GET"]}}],"collection":[{"href":"https:\/\/tvbrazilusa.com\/pt\/wp-json\/wp\/v2\/posts"}],"about":[{"href":"https:\/\/tvbrazilusa.com\/pt\/wp-json\/wp\/v2\/types\/post"}],"author":[{"embeddable":true,"href":"https:\/\/tvbrazilusa.com\/pt\/wp-json\/wp\/v2\/users\/1"}],"replies":[{"embeddable":true,"href":"https:\/\/tvbrazilusa.com\/pt\/wp-json\/wp\/v2\/comments?post=117793"}],"version-history":[{"count":0,"href":"https:\/\/tvbrazilusa.com\/pt\/wp-json\/wp\/v2\/posts\/117793\/revisions"}],"wp:featuredmedia":[{"embeddable":true,"href":"https:\/\/tvbrazilusa.com\/pt\/wp-json\/wp\/v2\/media\/117794"}],"wp:attachment":[{"href":"https:\/\/tvbrazilusa.com\/pt\/wp-json\/wp\/v2\/media?parent=117793"}],"wp:term":[{"taxonomy":"category","embeddable":true,"href":"https:\/\/tvbrazilusa.com\/pt\/wp-json\/wp\/v2\/categories?post=117793"},{"taxonomy":"post_tag","embeddable":true,"href":"https:\/\/tvbrazilusa.com\/pt\/wp-json\/wp\/v2\/tags?post=117793"}],"curies":[{"name":"wp","href":"https:\/\/api.w.org\/{rel}","templated":true}]}}