{"id":117799,"date":"2025-05-03T10:00:00","date_gmt":"2025-05-03T10:00:00","guid":{"rendered":"https:\/\/tvbrazilusa.com\/2025\/05\/03\/saiba-como-e-a-prisao-de-seguranca-maxima-que-causa-medo-em-criminosos-tv-florida-usa-a-sua-tv-brasileira-nos-estados-unidos\/"},"modified":"2025-05-03T10:34:11","modified_gmt":"2025-05-03T10:34:11","slug":"saiba-como-e-a-prisao-de-seguranca-maxima-que-causa-medo-em-criminosos-tv-florida-usa-a-sua-tv-brasileira-nos-estados-unidos","status":"publish","type":"post","link":"https:\/\/tvbrazilusa.com\/pt\/2025\/05\/03\/saiba-como-e-a-prisao-de-seguranca-maxima-que-causa-medo-em-criminosos-tv-florida-usa-a-sua-tv-brasileira-nos-estados-unidos\/","title":{"rendered":"Saiba como \u00e9 a pris\u00e3o de seguran\u00e7a m\u00e1xima que causa medo em criminosos \u2013 TV Florida USA \u2013 A sua TV Brasileira nos Estados Unidos"},"content":{"rendered":"<p> <script async src=\"https:\/\/pagead2.googlesyndication.com\/pagead\/js\/adsbygoogle.js?client=ca-pub-8864793242727901\"\r\n     crossorigin=\"anonymous\"><\/script><br \/>\n<\/p>\n<div id=\"taboola-read-more\" style=\"display:block; width:100%\">\n<p>Imagens de drone capturadas esta semana mostraram detentos de um centro de imigra\u00e7\u00e3o no Texas, Estados Unidos, pedindo socorro. De acordo com autoridades norte-americanas, os detentos pertencem \u00e0 gangue venezuelana conhecida como Tren de Aragua. Segundo a m\u00eddia internacional, o grupo teme ser deportado para El Salvador, onde seriam enviados para uma pris\u00e3o de seguran\u00e7a m\u00e1xima.\n<\/p>\n<p>A pris\u00e3o em quest\u00e3o \u00e9 o Centro de Confinamento do Terrorismo (CECOT), que chama a aten\u00e7\u00e3o pela alto n\u00edvel de seguran\u00e7a e tratamento com os presos. Inaugurado em 2023, o local \u00e9 um dos grandes projetos do presidente salvadorenho Nayib Bukele contra o crime em El Salvador.<\/p>\n<p>O pres\u00eddio de seguran\u00e7a m\u00e1xima conta com mais de 600 soldados das For\u00e7as Armadas e 250 policiais civis que est\u00e3o de prontid\u00e3o 24 horas por dia, 7 dias por semana. Os agentes usam capacetes antidist\u00farbios, escudos, prote\u00e7\u00e3o para as m\u00e3os e t\u00f3rax, al\u00e9m de cassetetes.\n<\/p>\n<p>As celas ficam em pavilh\u00f5es.\n<\/p>\n<p><strong>Veja como funciona:<\/strong>\n<\/p>\n<p>8 m\u00f3dulos (pavilh\u00f5es) constru\u00eddos, cada um com 5.400 m\u00b2 de \u00e1rea.\n<\/p>\n<p>Cada m\u00f3dulo \u00e9 isolado, com acesso restrito e vigil\u00e2ncia constante.\n<\/p>\n<p>Telhado curvo para ventila\u00e7\u00e3o e ilumina\u00e7\u00e3o natural.\n<\/p>\n<p>Plataformas a\u00e9reas para os guardas monitorarem as celas.\n<\/p>\n<p>As celas tem dois lavat\u00f3rios e dois vasos sanit\u00e1rios com \u00e1gua controlada somente pelos guardas.\n<\/p>\n<p>Os pavilh\u00f5es tamb\u00e9m contam com \u00e1reas de castigo para detentos que quebram as regras ou tentam organizar rebeli\u00f5es. Nela o preso n\u00e3o tem contato com a luz e nem com qualquer outra pessoa.\n<\/p>\n<p>Os presos n\u00e3o circulam livremente entre m\u00f3dulos.\n<\/p>\n<p>Veja imagens:\n<\/p>\n<\/p>\n<p><img fetchpriority=\"high\" decoding=\"async\" src=\"https:\/\/fly.metroimg.com\/upload\/q_85,w_1200\/https:\/\/uploads.metroimg.com\/wp-content\/uploads\/2025\/05\/02225202\/1500x500-1-compressed-2-1.jpg\" alt=\"\" width=\"1200\" height=\"400\"\/>\n<\/p>\n<p><img decoding=\"async\" src=\"https:\/\/fly.metroimg.com\/upload\/q_85,w_1200\/https:\/\/uploads.metroimg.com\/wp-content\/uploads\/2025\/05\/02225343\/Captura-de-tela-2025-05-02-225431-compressed.jpg\" alt=\"\" width=\"1200\" height=\"787\"\/>\n<\/p>\n<p><img loading=\"lazy\" decoding=\"async\" src=\"https:\/\/fly.metroimg.com\/upload\/q_85,w_1200\/https:\/\/uploads.metroimg.com\/wp-content\/uploads\/2025\/05\/02225504\/Captura-de-tela-2025-05-02-225549-compressed.jpg\" alt=\"\" width=\"1200\" height=\"610\"\/>\n<\/p>\n<p><strong>Acordo<\/strong>\n<\/p>\n<p>El Salvador recebeu US$ 6 milh\u00f5es de Washington como parte do acordo para manter presos os deportados em seu territ\u00f3rio.\n<\/p>\n<p>Desde que assumiu a presid\u00eancia em 2019, Bukele imp\u00f4s um modelo radical de combate ao crime, ancorado em pris\u00f5es em massa, estado de exce\u00e7\u00e3o permanente e vigil\u00e2ncia militar constante.\n<\/p>\n<p>Mais de 75 mil pessoas foram presas por suposta liga\u00e7\u00e3o com gangues \u2014 em muitos casos, sem provas ou acesso \u00e0 defesa \u2014 e o pa\u00eds ganhou notoriedade com a constru\u00e7\u00e3o do CECOT (Centro de Confinamento do Terrorismo), uma mega pris\u00e3o com capacidade para 40 mil detentos, sem visitas ou comunica\u00e7\u00e3o externa.\n<\/p>\n<p>O impacto foi direto. A taxa de homic\u00eddios caiu para 1,9 por 100 mil habitantes, a menor das Am\u00e9ricas. Bukele se apresenta como um vencedor da \u201cguerra contra as gangues\u201d e desafia abertamente a comunidade internacional, que o acusa de atropelar direitos humanos e o devido processo legal.\n<\/p>\n<p>Fonte: Metr\u00f3poles              <\/p>\n<\/div>\n<p><br \/>\n<br \/><a href=\"https:\/\/tvfloridausa.com\/2025\/05\/03\/saiba-como-e-a-prisao-de-seguranca-maxima-que-causa-medo-em-criminosos\/\">Source link <\/a><\/p>","protected":false},"excerpt":{"rendered":"<p>Imagens de drone capturadas esta semana mostraram detentos de um centro de imigra\u00e7\u00e3o no Texas, Estados Unidos, pedindo socorro. De acordo com autoridades norte-americanas, os detentos pertencem \u00e0 gangue venezuelana&hellip;<\/p>","protected":false},"author":1,"featured_media":117800,"comment_status":"closed","ping_status":"open","sticky":false,"template":"","format":"standard","meta":{"content-type":"","footnotes":""},"categories":[22],"tags":[],"class_list":["post-117799","post","type-post","status-publish","format-standard","has-post-thumbnail","hentry","category-tv-florida-usa"],"_links":{"self":[{"href":"https:\/\/tvbrazilusa.com\/pt\/wp-json\/wp\/v2\/posts\/117799","targetHints":{"allow":["GET"]}}],"collection":[{"href":"https:\/\/tvbrazilusa.com\/pt\/wp-json\/wp\/v2\/posts"}],"about":[{"href":"https:\/\/tvbrazilusa.com\/pt\/wp-json\/wp\/v2\/types\/post"}],"author":[{"embeddable":true,"href":"https:\/\/tvbrazilusa.com\/pt\/wp-json\/wp\/v2\/users\/1"}],"replies":[{"embeddable":true,"href":"https:\/\/tvbrazilusa.com\/pt\/wp-json\/wp\/v2\/comments?post=117799"}],"version-history":[{"count":1,"href":"https:\/\/tvbrazilusa.com\/pt\/wp-json\/wp\/v2\/posts\/117799\/revisions"}],"predecessor-version":[{"id":117801,"href":"https:\/\/tvbrazilusa.com\/pt\/wp-json\/wp\/v2\/posts\/117799\/revisions\/117801"}],"wp:featuredmedia":[{"embeddable":true,"href":"https:\/\/tvbrazilusa.com\/pt\/wp-json\/wp\/v2\/media\/117800"}],"wp:attachment":[{"href":"https:\/\/tvbrazilusa.com\/pt\/wp-json\/wp\/v2\/media?parent=117799"}],"wp:term":[{"taxonomy":"category","embeddable":true,"href":"https:\/\/tvbrazilusa.com\/pt\/wp-json\/wp\/v2\/categories?post=117799"},{"taxonomy":"post_tag","embeddable":true,"href":"https:\/\/tvbrazilusa.com\/pt\/wp-json\/wp\/v2\/tags?post=117799"}],"curies":[{"name":"wp","href":"https:\/\/api.w.org\/{rel}","templated":true}]}}