{"id":11781,"date":"2024-07-29T22:50:21","date_gmt":"2024-07-29T22:50:21","guid":{"rendered":"https:\/\/tvbrazilusa.com\/2024\/07\/29\/duas-igrejas-de-natick-sao-alvos-de-vandalismo-anti-lgbtq-dizem-pastores\/"},"modified":"2024-07-29T23:26:30","modified_gmt":"2024-07-29T23:26:30","slug":"duas-igrejas-de-natick-sao-alvos-de-vandalismo-anti-lgbtq-dizem-pastores","status":"publish","type":"post","link":"https:\/\/tvbrazilusa.com\/pt\/2024\/07\/29\/duas-igrejas-de-natick-sao-alvos-de-vandalismo-anti-lgbtq-dizem-pastores\/","title":{"rendered":"Duas igrejas de Natick s\u00e3o alvos de vandalismo anti-LGBTQ+, dizem pastores"},"content":{"rendered":"<p> <script async src=\"https:\/\/pagead2.googlesyndication.com\/pagead\/js\/adsbygoogle.js?client=ca-pub-8864793242727901\"\r\n     crossorigin=\"anonymous\"><\/script><br \/>\n<\/p>\n<div id=\"\">\n<header class=\"m-article-header m-article-header--standard\">\n\t\t\t\t\t\t\t\t\t\t\t\t<span id=\"article-header-primary-term\"><br \/>\n\t\t\t\t\t\t\t\t<a class=\"a-term a-term--primary\" href=\"https:\/\/www.boston.com\/tag\/local-news\/\"><\/p>\n<p>\t\t\t\t\t\t\t\tNot\u00edcias locais\t\t\t\t\t\t\t\t<\/a><br \/>\n\t\t\t\t\t\t\t<\/span><\/p>\n<h2 class=\"m-article-header__sub-headline\">&#8220;\u00c9 uma a\u00e7\u00e3o que causa sofrimento e dor em toda a nossa comunidade&#8221;, disse um pastor em uma declara\u00e7\u00e3o.<\/h2>\n<figure class=\"a-photo m-article-header__photo\"><figcaption class=\"a-photo__caption\">\n<p>\tBandeiras e faixas do lado de fora da Primeira Igreja Congregacional de Natick.<em> <\/em>\t<\/figcaption><\/figure>\n<\/header>\n<p>Duas igrejas de Natick sofreram atos de vandalismo no s\u00e1bado, disseram pastores em postagens nas redes sociais. <\/p>\n<p>O v\u00e2ndalo teve como alvo a Primeira Igreja Congregacional de Natick e a Igreja Luterana de Cristo.<\/p>\n<p>O v\u00e2ndalo arrancou bandeiras do orgulho em ambas as casas de culto e as substituiu pelo que \u00e9 conhecido como bandeira crist\u00e3, junto com uma faixa que diz \u201cJesus \u00e9 Rei\u201d, disseram os pastores. O perpetrador tamb\u00e9m deixou folhetos contendo escrituras interpretadas como anti-LGBTQ+.<\/p>\n<p>\u201cDestruir os s\u00edmbolos de um grupo historicamente marginalizado nunca pode ser enquadrado como obra de Deus \u2013 \u00e9 uma a\u00e7\u00e3o que inflige sofrimento e dor em toda a nossa comunidade\u201d, disse a reverenda Cindy Worthington-Berry, pastora da Primeira Igreja Congregacional, em uma declara\u00e7\u00e3o no Facebook.<\/p>\n<p><iframe src=\"https:\/\/www.facebook.com\/plugins\/post.php?href=https%3A%2F%2Fwww.facebook.com%2FFCCNatick%2Fposts%2Fpfbid06uLUwbkXLMyBkGwLLg6BaeMs8opu4uYSJTcVbxcmkMpvae7YSnJuirzuUCsSYNXLl&#038;show_text=true&#038;width=500\" width=\"500\" height=\"546\" style=\"border:none;overflow:hidden\" scrolling=\"no\" frameborder=\"0\" allowfullscreen=\"true\" allow=\"autoplay; clipboard-write; encrypted-media; picture-in-picture; web-share\"><\/iframe><\/p>\n<p>Worthington-Berry disse que sua congrega\u00e7\u00e3o removeu a bandeira, faixa e folhetos ap\u00f3s receber a libera\u00e7\u00e3o da pol\u00edcia de Natick. Ela diz que eles restauraram \u201calegremente\u201d suas pr\u00f3prias bandeiras e come\u00e7aram a adorar.<\/p>\n<p>O reverendo Christephor Gilbert, pastor da Christ Lutheran Church, expressou tristeza sobre o vandalismo. Ele espera que a comunidade de Natick aja com \u201camor e justi\u00e7a restaurativa\u201d para garantir que isso n\u00e3o aconte\u00e7a novamente.<\/p>\n<p>\u201cO que mais preocupa nossa comunidade \u00e9 que esse ato anti-LGBTQIA+ de vandalismo e discurso de \u00f3dio veio de um grupo an\u00f4nimo de outros crist\u00e3os, mais uma vez usando a B\u00edblia para fazer seu julgamento\u201d, disse ele em uma declara\u00e7\u00e3o ao Facebook. \u201c\u00c9 doloroso ter nossos textos sagrados compartilhados cobrados contra n\u00f3s. Nossa cren\u00e7a \u00e9 que a miseric\u00f3rdia de Deus est\u00e1 l\u00e1 para todos.\u201d<\/p>\n<p><iframe src=\"https:\/\/www.facebook.com\/plugins\/post.php?href=https%3A%2F%2Fwww.facebook.com%2FChristLutheranNatick%2Fposts%2Fpfbid02xFWn1twncTeS5mUukjisLnJkG2P7mydzpwLBkbNm3eaFFq64obnkkYNcKMxrUm2gl&#038;show_text=true&#038;width=500\" width=\"500\" height=\"767\" style=\"border:none;overflow:hidden\" scrolling=\"no\" frameborder=\"0\" allowfullscreen=\"true\" allow=\"autoplay; clipboard-write; encrypted-media; picture-in-picture; web-share\"><\/iframe><\/p>\n<p>Os membros da Igreja Luterana de Cristo tamb\u00e9m restauraram suas bandeiras e continuaram com seu servi\u00e7o. Um congregante disse: \u201cContinuaremos a colocar essas bandeiras e faixas toda vez que algu\u00e9m as retirar!\u201d, disse a igreja em um <a href=\"https:\/\/www.facebook.com\/plugins\/post.php?href=https%3A%2F%2Fwww.facebook.com%2FChristLutheranNatick%2Fposts%2Fpfbid02xFWn1twncTeS5mUukjisLnJkG2P7mydzpwLBkbNm3eaFFq64obnkkYNcKMxrUm2gl&#038;show_text=true&#038;width=500\">Facebook<\/a> publicar.<\/p>\n<p>O Conselho de Igrejas de Massachusetts compartilhou uma <a href=\"https:\/\/www.facebook.com\/Masscouncilofchurches\/posts\/pfbid02po9jVXx3CR21VfZ9bLZe5kuPxHpGKyz3PDgS5NdrQrLik3fqSheyNqJoFDUTVexwl\">declara\u00e7\u00e3o<\/a> em apoio \u00e0s duas congrega\u00e7\u00f5es de Natick e pediram \u00e0s suas igrejas membros que mantivessem a comunidade de Natick em suas ora\u00e7\u00f5es.<\/p>\n<p>\u201cOs locais de culto devem ser lugares onde as pessoas podem se reunir sem amea\u00e7as\u201d, disseram eles.<\/p>\n<p>O Departamento de Pol\u00edcia de Natick disse ao Boston.com que uma investiga\u00e7\u00e3o sobre o incidente est\u00e1 em andamento e que eles n\u00e3o t\u00eam nenhum suspeito no momento.<\/p>\n<div class=\"m-block m-generic-cta\t m-generic-cta--post-content\t m-generic-cta--dark\t m-generic-cta--homepage\t m-generic-cta--email-signup\t\t m-generic-cta-block-style--default \tt-amp__generic-cta\"><\/p>\n<div class=\"m-generic-cta__wrap\">\n<div class=\"m-generic-cta__content\">\n<h3 class=\"m-generic-cta__title\">Inscri\u00e7\u00e3o no boletim informativo<\/h3>\n<p class=\"m-generic-cta__subtitle\">Fique por dentro das \u00faltimas not\u00edcias do Boston.com<\/p>\n<\/p><\/div>\n<\/p><\/div>\n<\/div><\/div>\n<p><script>\n\t\tvar consent=\"grant\";\n\t\t\/* The above code is parsing the JSON data from the local storage and storing it in a variable. *\/\n\t\t\t\t\tconst onetrustStorageConsent = JSON.parse(localStorage.getItem( 'consent_one_trust_bdc' ) );\n\t\t\tif ( ( onetrustStorageConsent !== null ) ) {\n\t\t\t\t\/* Checking to see if the user has consented to the use of cookies.\n\t\t\t\t* If they have not, it is deleting the cookie.\n\t\t\t\t* This will comment for now, until further notice.\n\t\t\t\t*\/\n\t\t\t\t\/\/if ( onetrustStorageConsent.C0002 === false ) {\n\t\t\t\t\/\/\tdocument.cookie=\"_fbp=;expires=Thu, 01 Jan 2010 00:00:00 UTC; path=\/; domain=.boston.com\";\n\t\t\t\t\/\/}\n\t\t\t\t\/* Checking if the user has given consent for the cookie C0002.\n\t\t\t\t* If the user has given consent, the variable consent will be set to 'grant'.\n\t\t\t\t* If the user has not given consent,the variable consent will be set to 'revoke'.\n\t\t\t\t* Documentation https:\/\/developers.facebook.com\/docs\/meta-pixel\/implementation\/gdpr\n\t\t\t\t*\/\n\t\t\t\tif ( onetrustStorageConsent.C0002 !== true ) {\n\t\t\t\t\tconsent=\"revoke\";\n\t\t\t\t}\n\t\t\t}\n\t\t\t\t!function(f,b,e,v,n,t,s)\n\t\t{if(f.fbq)return;n=f.fbq=function(){n.callMethod?\n\t\tn.callMethod.apply(n,arguments):n.queue.push(arguments)};\n\t\tif(!f._fbq)f._fbq=n;n.push=n;n.loaded=!0;n.version='2.0';\n\t\tn.queue=[];t=b.createElement(e);t.async=!0;\n\t\tt.src=v;s=b.getElementsByTagName(e)[0];\n\t\ts.parentNode.insertBefore(t,s)}(window, document,'script',\n\t\t'https:\/\/connect.facebook.net\/en_US\/fbevents.js');\n\t\tfbq('consent', consent);\n\t\tfbq('init', '989222871864976');\n\t\tfbq('track', 'PageView');\n\t<\/script><script type=\"module\">\n\t\tvar consent=\"grant\";\n\t\t\/* The above code is parsing the JSON data from the local storage and storing it in a variable. *\/\n\t\t\tconst onetrustStorageConsent = JSON.parse(localStorage.getItem( 'consent_one_trust_bdc' ) );\n\t\t\t\/* Checking to see if the user has consented to the use of cookies.\n\t\t\t* If they have not, it is deleting the cookie.\n\t\t\t* This will comment for now, until further notice.\n\t\t\t*\/\n\t\t\t\/\/if ( onetrustStorageConsent.C0002 === false ) {\n\t\t\t\/\/\tdocument.cookie=\"_fbp=;expires=Thu, 01 Jan 2010 00:00:00 UTC; path=\/; domain=.boston.com\";\n\t\t\t\/\/}\n\t\t\t\/* Checking if the user has given consent for the cookie C0002.\n\t\t\t* If the user has given consent, the variable consent will be set to 'grant'.\n\t\t\t* If the user has not given consent,the variable consent will be set to 'revoke'.\n\t\t\t* Documentation https:\/\/developers.facebook.com\/docs\/meta-pixel\/implementation\/gdpr\n\t\t\t*\/\n\t\t\tif ( ( onetrustStorageConsent !== null ) && (onetrustStorageConsent.C0002 !== true ) ) {\n\t\t\t\tconsent=\"revoke\";\n\t\t\t}\n\t\t\t\t!function(f,b,e,v,n,t,s){if(f.fbq)return;n=f.fbq=function()\n\t\t{n.callMethod? n.callMethod.apply(n,arguments):n.queue.push(arguments)}\n\t\t;if(!f._fbq)f._fbq=n;\n\t\tn.push=n;n.loaded=!0;n.version='2.0';n.queue=[];t=b.createElement(e);t.async=!0;\n\t\tt.src=v;s=b.getElementsByTagName(e)[0];s.parentNode.insertBefore(t,s)}(window,\n\t\tdocument,'script','https:\/\/connect.facebook.net\/en_US\/fbevents.js');\n\t\tfbq('consent', consent);\n\t\tfbq('init', '813236348753005');\n\t\tfbq('track', \"PageView\");\n\t<\/script><br \/>\n<br \/><br \/>\n<br \/><a href=\"https:\/\/www.boston.com\/news\/local-news\/2024\/07\/29\/two-natick-churches-targeted-by-anti-lgbtq-vandalism-pastors-say\/\">Source link <\/a><\/p>","protected":false},"excerpt":{"rendered":"<p>Not\u00edcias locais &#8220;\u00c9 uma a\u00e7\u00e3o que causa sofrimento e dor em toda a nossa comunidade&#8221;, disse um pastor em uma declara\u00e7\u00e3o. Bandeiras e faixas do lado de fora da Primeira&hellip;<\/p>","protected":false},"author":1,"featured_media":11782,"comment_status":"closed","ping_status":"open","sticky":false,"template":"","format":"standard","meta":{"content-type":"","footnotes":""},"categories":[1],"tags":[],"class_list":["post-11781","post","type-post","status-publish","format-standard","has-post-thumbnail","hentry","category-uncategorized"],"_links":{"self":[{"href":"https:\/\/tvbrazilusa.com\/pt\/wp-json\/wp\/v2\/posts\/11781","targetHints":{"allow":["GET"]}}],"collection":[{"href":"https:\/\/tvbrazilusa.com\/pt\/wp-json\/wp\/v2\/posts"}],"about":[{"href":"https:\/\/tvbrazilusa.com\/pt\/wp-json\/wp\/v2\/types\/post"}],"author":[{"embeddable":true,"href":"https:\/\/tvbrazilusa.com\/pt\/wp-json\/wp\/v2\/users\/1"}],"replies":[{"embeddable":true,"href":"https:\/\/tvbrazilusa.com\/pt\/wp-json\/wp\/v2\/comments?post=11781"}],"version-history":[{"count":1,"href":"https:\/\/tvbrazilusa.com\/pt\/wp-json\/wp\/v2\/posts\/11781\/revisions"}],"predecessor-version":[{"id":11783,"href":"https:\/\/tvbrazilusa.com\/pt\/wp-json\/wp\/v2\/posts\/11781\/revisions\/11783"}],"wp:featuredmedia":[{"embeddable":true,"href":"https:\/\/tvbrazilusa.com\/pt\/wp-json\/wp\/v2\/media\/11782"}],"wp:attachment":[{"href":"https:\/\/tvbrazilusa.com\/pt\/wp-json\/wp\/v2\/media?parent=11781"}],"wp:term":[{"taxonomy":"category","embeddable":true,"href":"https:\/\/tvbrazilusa.com\/pt\/wp-json\/wp\/v2\/categories?post=11781"},{"taxonomy":"post_tag","embeddable":true,"href":"https:\/\/tvbrazilusa.com\/pt\/wp-json\/wp\/v2\/tags?post=11781"}],"curies":[{"name":"wp","href":"https:\/\/api.w.org\/{rel}","templated":true}]}}