{"id":117820,"date":"2025-05-04T14:14:00","date_gmt":"2025-05-04T14:14:00","guid":{"rendered":"https:\/\/tvbrazilusa.com\/2025\/05\/04\/ex-presidente-bolsonaro-posta-foto-da-barriga-aberta-com-intestino-a-mostra-imagem-forte\/"},"modified":"2025-05-04T14:34:43","modified_gmt":"2025-05-04T14:34:43","slug":"ex-presidente-bolsonaro-posta-foto-da-barriga-aberta-com-intestino-a-mostra-imagem-forte","status":"publish","type":"post","link":"https:\/\/tvbrazilusa.com\/pt\/2025\/05\/04\/ex-presidente-bolsonaro-posta-foto-da-barriga-aberta-com-intestino-a-mostra-imagem-forte\/","title":{"rendered":"Ex-presidente Bolsonaro posta foto da barriga aberta com intestino \u00e0 mostra; IMAGEM FORTE"},"content":{"rendered":"<p> <script async src=\"https:\/\/pagead2.googlesyndication.com\/pagead\/js\/adsbygoogle.js?client=ca-pub-8864793242727901\"\r\n     crossorigin=\"anonymous\"><\/script><br \/>\n<\/p>\n<div id=\"taboola-read-more\" style=\"display:block; width:100%\">\n<p>O ex-presidente Jair Bolsonaro (PL) publicou, na noite deste s\u00e1bado (3\/5), uma foto para mostrar como estava seu intestino antes da cirurgia ao qual foi submetido h\u00e1 tr\u00eas semanas. Ele passou por procedimento que durou 12 horas para tratar uma obstru\u00e7\u00e3o intestinal decorrente da facada que sofreu ainda em 2018, durante a campanha presidencial.\n<\/p>\n<p>\u201cComo estavam as al\u00e7as intestinais ap\u00f3s o acesso \u00e0 cavidade abdominal e libera\u00e7\u00e3o parcial das ader\u00eancias\u201d, escreveu o perfil de Bolsonaro, ao publicar a imagem onde aparece a regi\u00e3o abdominal aberta e parte do intestino \u00e0 mostra.<\/p>\n<p>Veja abaixo (imagem forte):\n<\/p>\n<\/p>\n<p>A previs\u00e3o \u00e9 de que Bolsonaro receba alta do hospital DF Star, em Bras\u00edlia (DF), neste domingo (4\/5). O boletim m\u00e9dico publicado neste s\u00e1bado informou que o ex-mandat\u00e1rio \u201cmant\u00e9m-se est\u00e1vel clinicamente, sem dor ou febre e com press\u00e3o arterial controlada. Seguiu com boa aceita\u00e7\u00e3o da dieta pastosa, mantendo a programa\u00e7\u00e3o de progress\u00e3o de dieta por via oral, com suspens\u00e3o da nutri\u00e7\u00e3o parenteral (endovenosa)\u201d.\n<\/p>\n<p>Al\u00e9m dessa suspens\u00e3o da dieta endovenosa, Bolsonaro \u201csegue intensificando diariamente a fisioterapia motora e recebendo as medidas de preven\u00e7\u00e3o de trombose venosa. Permanece a orienta\u00e7\u00e3o de restri\u00e7\u00e3o de visitas, com previs\u00e3o de alta hospitalar nos pr\u00f3ximos dias.\u201d\n<\/p>\n<p>Fonte: Metr\u00f3poles              <\/p>\n<\/div>\n<p><br \/>\n<br \/><a href=\"https:\/\/tvfloridausa.com\/2025\/05\/04\/ex-presidente-bolsonaro-posta-foto-da-barriga-aberta-com-intestino-a-mostra-imagem-forte\/\">Source link <\/a><\/p>","protected":false},"excerpt":{"rendered":"<p>O ex-presidente Jair Bolsonaro (PL) publicou, na noite deste s\u00e1bado (3\/5), uma foto para mostrar como estava seu intestino antes da cirurgia ao qual foi submetido h\u00e1 tr\u00eas semanas. Ele&hellip;<\/p>","protected":false},"author":1,"featured_media":117821,"comment_status":"closed","ping_status":"open","sticky":false,"template":"","format":"standard","meta":{"content-type":"","footnotes":""},"categories":[22],"tags":[],"class_list":["post-117820","post","type-post","status-publish","format-standard","has-post-thumbnail","hentry","category-tv-florida-usa"],"_links":{"self":[{"href":"https:\/\/tvbrazilusa.com\/pt\/wp-json\/wp\/v2\/posts\/117820","targetHints":{"allow":["GET"]}}],"collection":[{"href":"https:\/\/tvbrazilusa.com\/pt\/wp-json\/wp\/v2\/posts"}],"about":[{"href":"https:\/\/tvbrazilusa.com\/pt\/wp-json\/wp\/v2\/types\/post"}],"author":[{"embeddable":true,"href":"https:\/\/tvbrazilusa.com\/pt\/wp-json\/wp\/v2\/users\/1"}],"replies":[{"embeddable":true,"href":"https:\/\/tvbrazilusa.com\/pt\/wp-json\/wp\/v2\/comments?post=117820"}],"version-history":[{"count":1,"href":"https:\/\/tvbrazilusa.com\/pt\/wp-json\/wp\/v2\/posts\/117820\/revisions"}],"predecessor-version":[{"id":117822,"href":"https:\/\/tvbrazilusa.com\/pt\/wp-json\/wp\/v2\/posts\/117820\/revisions\/117822"}],"wp:featuredmedia":[{"embeddable":true,"href":"https:\/\/tvbrazilusa.com\/pt\/wp-json\/wp\/v2\/media\/117821"}],"wp:attachment":[{"href":"https:\/\/tvbrazilusa.com\/pt\/wp-json\/wp\/v2\/media?parent=117820"}],"wp:term":[{"taxonomy":"category","embeddable":true,"href":"https:\/\/tvbrazilusa.com\/pt\/wp-json\/wp\/v2\/categories?post=117820"},{"taxonomy":"post_tag","embeddable":true,"href":"https:\/\/tvbrazilusa.com\/pt\/wp-json\/wp\/v2\/tags?post=117820"}],"curies":[{"name":"wp","href":"https:\/\/api.w.org\/{rel}","templated":true}]}}