{"id":11786,"date":"2024-07-29T23:31:17","date_gmt":"2024-07-29T23:31:17","guid":{"rendered":"https:\/\/tvbrazilusa.com\/2024\/07\/29\/bruna-biancardi-revela-quando-reatou-com-neymar-e-desabafa-sofro-muito-hate\/"},"modified":"2024-07-29T23:37:42","modified_gmt":"2024-07-29T23:37:42","slug":"bruna-biancardi-revela-quando-reatou-com-neymar-e-desabafa-sofro-muito-hate","status":"publish","type":"post","link":"https:\/\/tvbrazilusa.com\/pt\/2024\/07\/29\/bruna-biancardi-revela-quando-reatou-com-neymar-e-desabafa-sofro-muito-hate\/","title":{"rendered":"Bruna Biancardi revela quando reatou com Neymar e desabafa: \u2018Sofro muito hate\u2019"},"content":{"rendered":"<p> <script async src=\"https:\/\/pagead2.googlesyndication.com\/pagead\/js\/adsbygoogle.js?client=ca-pub-8864793242727901\"\r\n     crossorigin=\"anonymous\"><\/script><br \/>\n<\/p>\n<div>\n<p><em>Foto: Reprodu\u00e7\u00e3o \/ Instagram<\/em><\/p>\n<p><strong>Neymar e Bruna Biancardi<\/strong> voltaram a ser not\u00edcia nesta segunda-feira (29 de julho de 2024), ap\u00f3s a influenciadora decidir abrir uma caixinha de perguntas em seu Instagram. Bruna falou sobre sua reconcilia\u00e7\u00e3o com o jogador Neymar, rebateu cr\u00edticas e desabafou sobre os desafios que enfrentam como casal.<\/p>\n<p>Em uma das perguntas, uma f\u00e3 indagou Bruna sobre os ataques que recebe online e como ela lida com os coment\u00e1rios negativos. A resposta sincera da influenciadora chamou a aten\u00e7\u00e3o de muitos seguidores e gerou diversas rea\u00e7\u00f5es nas redes sociais.<\/p>\n<h2 class=\"wp-block-heading\">Bruna Biancardi e Neymar: Relacionamento Exposto<\/h2>\n<p><strong>Bruna Biancardi<\/strong> confirmou que \u00e9 alvo de cr\u00edticas constantes, mas destacou que aprendeu a lidar com a situa\u00e7\u00e3o. Ela afirmou que o foco \u00e9 viver intensamente seu relacionamento com Neymar, mesmo sabendo que n\u00e3o \u00e9 poss\u00edvel agradar a todos.<\/p>\n<p>\u201cRecebo muito hate. Aprendi a lidar. J\u00e1 percebi que n\u00e3o d\u00e1 para agradar todo mundo. Recebo um hate desenfreado e seletivo. Sou crucificada sendo que a errada das hist\u00f3rias nunca fui eu,\u201d disse Bruna. Ela tamb\u00e9m compartilhou que eles decidiram reatar em julho deste ano ap\u00f3s muitas conversas.<\/p>\n<h2 class=\"wp-block-heading\">Por Que Bruna Biancardi Se Reconciliou com Neymar?<\/h2>\n<p>Ao ser questionada sobre os motivos que a levaram a reatar com o jogador, Bruna foi honesta ao admitir que n\u00e3o foi uma decis\u00e3o f\u00e1cil. \u201cEle j\u00e1 errou muito comigo, e sabe disso. Mas aposto que j\u00e1 erraram com voc\u00ea, ou que voc\u00ea j\u00e1 errou com algu\u00e9m. A diferen\u00e7a \u00e9 que a nossa vida \u00e9 exposta.\u201d<\/p>\n<p>Bruna relatou que passaram longos meses separados e explicaram que muitas conversas aconteceram antes de decidirem voltar a ficar juntos. Ela refor\u00e7ou que ningu\u00e9m erra por ser bom e que n\u00e3o pode ser culpada por algo que n\u00e3o cometeu.<\/p>\n<h2 class=\"wp-block-heading\">Como Lidar com o \u00d3dio Online na Rela\u00e7\u00e3o<\/h2>\n<p>Bruna tamb\u00e9m falou sobre como lida com o <strong>\u00f3dio online<\/strong> e a press\u00e3o de ser uma figura p\u00fablica. Ela mencionou que, apesar das cr\u00edticas, o que realmente importa \u00e9 a felicidade do casal.<\/p>\n<p>\u201cEntendo as pessoas ficarem irritadas por terem me apoiado e agora eu estar com ele novamente. Mas, de verdade, o que importa no final de tudo \u00e9 estarmos felizes e com quem amamos. Quem quer o nosso bem, torce pela nossa felicidade,\u201d enfatizou Bruna.<\/p>\n<h2 class=\"wp-block-heading\">Por Que as Pessoas Reagem de Forma T\u00e3o Fervorosa?<\/h2>\n<p>A rela\u00e7\u00e3o de Bruna e Neymar sempre foi alvo de muita aten\u00e7\u00e3o, principalmente depois do nascimento de Mavie, a filha do casal, que est\u00e1 com 9 meses. Ap\u00f3s a separa\u00e7\u00e3o, Neymar teve um affair com Amanda Kimberlly, com quem teve uma filha, Helena, que nasceu no in\u00edcio de julho de 2024.<\/p>\n<p>Bruna aproveitou a oportunidade para agradecer aos que torcem pela felicidade do casal e garantiu que, apesar das cr\u00edticas, recebeu diversas mensagens de apoio. \u201cSurpreendentemente, tenho recebido mensagens lindas e respeito. Fico muito feliz que algumas pessoas entendem, torcem, oram por n\u00f3s,\u201d concluiu.<\/p>\n<h2 class=\"wp-block-heading\">Principais Pontos da Rela\u00e7\u00e3o entre Bruna e Neymar<\/h2>\n<ul class=\"wp-block-list\">\n<li>A rela\u00e7\u00e3o foi reatada em julho de 2024.<\/li>\n<li>Bruna recebe cr\u00edticas constantes, mas aprendeu a lidar com elas.<\/li>\n<li>Import\u00e2ncia da felicidade e apoio m\u00fatuo no relacionamento.<\/li>\n<li>Papel das redes sociais na exposi\u00e7\u00e3o p\u00fablica do casal.\u00a0<\/li>\n<li>Bruna e Neymar t\u00eam uma filha, Mavie, de 9 meses.<\/li>\n<\/ul>\n<p>\u00a0<\/p>\n<p>Esta foi uma demonstra\u00e7\u00e3o clara de como Bruna est\u00e1 focada em sua felicidade e vive intensamente seu relacionamento com Neymar, independentemente das opini\u00f5es alheias.<\/p>\n<\/p><\/div>\n<p><br \/>\n<br \/><a href=\"https:\/\/terrabrasilnoticias.com\/2024\/07\/bruna-biancardi-revela-quando-reatou-com-neymar-e-desabafa-sofro-muito-hate\/\">Source link <\/a><\/p>","protected":false},"excerpt":{"rendered":"<p>Foto: Reprodu\u00e7\u00e3o \/ Instagram Neymar e Bruna Biancardi voltaram a ser not\u00edcia nesta segunda-feira (29 de julho de 2024), ap\u00f3s a influenciadora decidir abrir uma caixinha de perguntas em seu&hellip;<\/p>","protected":false},"author":1,"featured_media":11787,"comment_status":"closed","ping_status":"open","sticky":false,"template":"","format":"standard","meta":{"content-type":"","footnotes":""},"categories":[16],"tags":[],"class_list":["post-11786","post","type-post","status-publish","format-standard","has-post-thumbnail","hentry","category-noticias"],"_links":{"self":[{"href":"https:\/\/tvbrazilusa.com\/pt\/wp-json\/wp\/v2\/posts\/11786","targetHints":{"allow":["GET"]}}],"collection":[{"href":"https:\/\/tvbrazilusa.com\/pt\/wp-json\/wp\/v2\/posts"}],"about":[{"href":"https:\/\/tvbrazilusa.com\/pt\/wp-json\/wp\/v2\/types\/post"}],"author":[{"embeddable":true,"href":"https:\/\/tvbrazilusa.com\/pt\/wp-json\/wp\/v2\/users\/1"}],"replies":[{"embeddable":true,"href":"https:\/\/tvbrazilusa.com\/pt\/wp-json\/wp\/v2\/comments?post=11786"}],"version-history":[{"count":1,"href":"https:\/\/tvbrazilusa.com\/pt\/wp-json\/wp\/v2\/posts\/11786\/revisions"}],"predecessor-version":[{"id":11788,"href":"https:\/\/tvbrazilusa.com\/pt\/wp-json\/wp\/v2\/posts\/11786\/revisions\/11788"}],"wp:featuredmedia":[{"embeddable":true,"href":"https:\/\/tvbrazilusa.com\/pt\/wp-json\/wp\/v2\/media\/11787"}],"wp:attachment":[{"href":"https:\/\/tvbrazilusa.com\/pt\/wp-json\/wp\/v2\/media?parent=11786"}],"wp:term":[{"taxonomy":"category","embeddable":true,"href":"https:\/\/tvbrazilusa.com\/pt\/wp-json\/wp\/v2\/categories?post=11786"},{"taxonomy":"post_tag","embeddable":true,"href":"https:\/\/tvbrazilusa.com\/pt\/wp-json\/wp\/v2\/tags?post=11786"}],"curies":[{"name":"wp","href":"https:\/\/api.w.org\/{rel}","templated":true}]}}