{"id":11789,"date":"2024-07-29T23:38:16","date_gmt":"2024-07-29T23:38:16","guid":{"rendered":"https:\/\/tvbrazilusa.com\/2024\/07\/29\/colhedor-de-algodao-estudante-alega-bullying-racial-em-escola-de-brookline\/"},"modified":"2024-07-29T23:45:54","modified_gmt":"2024-07-29T23:45:54","slug":"colhedor-de-algodao-estudante-alega-bullying-racial-em-escola-de-brookline","status":"publish","type":"post","link":"https:\/\/tvbrazilusa.com\/pt\/2024\/07\/29\/colhedor-de-algodao-estudante-alega-bullying-racial-em-escola-de-brookline\/","title":{"rendered":"&#39;Colhedor de algod\u00e3o&#39;: Estudante alega bullying racial em escola de Brookline"},"content":{"rendered":"<p> <script async src=\"https:\/\/pagead2.googlesyndication.com\/pagead\/js\/adsbygoogle.js?client=ca-pub-8864793242727901\"\r\n     crossorigin=\"anonymous\"><\/script><br \/>\n<\/p>\n<div id=\"\">\n<header class=\"m-article-header m-article-header--standard\">\n\t\t\t\t\t\t\t\t\t\t\t\t<span id=\"article-header-primary-term\"><br \/>\n\t\t\t\t\t\t\t\t<a class=\"a-term a-term--primary\" href=\"https:\/\/www.boston.com\/tag\/local-news\/\"><\/p>\n<p>\t\t\t\t\t\t\t\tNot\u00edcias locais\t\t\t\t\t\t\t\t<\/a><br \/>\n\t\t\t\t\t\t\t<\/span><\/p>\n<h2 class=\"m-article-header__sub-headline\">A escola n\u00e3o abordou o bullying depois que um colega se ajoelhou no pesco\u00e7o do aluno para fazer refer\u00eancia ao assassinato de George Floyd, diz a den\u00fancia.<\/h2>\n<figure class=\"a-photo m-article-header__photo\"><figcaption class=\"a-photo__caption\">\n<p>\tUm aluno negro da Lawrence School sofreu ass\u00e9dio racial por parte de colegas de classe. <em> (Foto de Pat Greenhouse\/Equipe Globe)<\/em>\t<\/figcaption><\/figure>\n<\/header>\n<p>Um estudante negro do ensino fundamental est\u00e1 alegando que autoridades escolares em Brookline falharam em abordar o bullying racial depois que o aluno foi chamado de &#8220;catador de algod\u00e3o&#8221; e um colega de classe zombou do assassinato de George Floyd, de acordo com uma queixa de direitos civis registrada na semana passada.<\/p>\n<p>MC Henry \u00e9 um estudante de 14 anos que concluiu recentemente o oitavo ano na Escola Amos A. Lawrence, onde, entre dezembro e abril, sofreu ass\u00e9dio racial, de acordo com uma lei federal de direitos civis. <a href=\"https:\/\/lawyersforcivilrights.org\/wp-content\/uploads\/2024\/07\/MC-Henry-OCR-Complaint-Final-7.22.24.pdf\">reclama\u00e7\u00e3o<\/a> movido por Advogados pelos Direitos Civis.<\/p>\n<p>\u201cQuero justi\u00e7a \u2014 n\u00e3o apenas para meu filho, mas para todos os outros alunos. Quero que todos coletivamente fa\u00e7am melhor\u201d, disse Ricardo Henry, pai de MC. \u201cAs escolas de Brookline t\u00eam uma cultura de submeter alunos negros a um ambiente de aprendizagem inseguro. Os administradores escolares precisam ser responsabilizados.\u201d<\/p>\n<p>Cerca de seis por cento dos alunos das escolas p\u00fablicas de Brookline s\u00e3o negros, de acordo com <a href=\"https:\/\/profiles.doe.mass.edu\/profiles\/student.aspx?orgtypecode=5&#038;fycode=2024&#038;orgcode=00460000\">dados do estado<\/a>.<\/p>\n<p>  Em uma declara\u00e7\u00e3o ao Boston.com, o superintendente do PSB, Linus Guillory, disse que o distrito ainda est\u00e1 analisando a reclama\u00e7\u00e3o.<\/p>\n<p>\u201cAs Escolas P\u00fablicas de Brookline condenam o \u00f3dio e o racismo em todas as suas formas. Racismo e discrimina\u00e7\u00e3o s\u00e3o contr\u00e1rios aos valores do nosso distrito escolar\u201d, dizia parte de sua declara\u00e7\u00e3o.<\/p>\n<h2 class=\"wp-block-heading\" id=\"h-cotton-picker-and-george-floyd-re-enactment\">&#39;Colhedor de algod\u00e3o&#39; e &#39;reencena\u00e7\u00e3o de George Floyd&#39;<\/h2>\n<p>A queixa alega que o MC foi acusado de insulto racial depois de tentar ajudar algu\u00e9m a pegar cereal seco.<\/p>\n<p>&#8220;N\u00e3o quero sua ajuda, seu colhedor de algod\u00e3o&#8221;, disse o colega de classe de MC em dezembro, de acordo com a queixa. Na \u00e9poca, MC contou ao professor e discutiu o incidente com um orientador escolar e, de acordo com a queixa, MC entendeu o coment\u00e1rio como uma cal\u00fania depreciativa.<\/p>\n<p>Os pais de MC ent\u00e3o solicitaram uma reuni\u00e3o com os pais do aluno que fez o coment\u00e1rio \u201cpara poderem transmitir a eles a natureza prejudicial da cal\u00fania de seu filho\u201d, diz a den\u00fancia.<\/p>\n<p>Embora o orientador escolar tenha dito que facilitaria a reuni\u00e3o, ela nunca foi realizada. O aluno do sexo masculino foi instru\u00eddo a se desculpar, disse a queixa. A queixa alega que a equipe da escola falhou em disciplinar o aluno ou responsabiliz\u00e1-lo.<\/p>\n<p>\u201cO \u00fanico passo que eles tomaram \u2013\u2013 para dizer ao perpetrador para se desculpar \u2013\u2013 foi extremamente m\u00ednimo e, sem d\u00favida, prejudicial\u201d, disse a queixa. \u201cUm &#39;pedido de desculpas&#39; for\u00e7ado trivializa a gravidade do bullying racial, sugerindo que o dano \u00e9 menor e que a v\u00edtima \u00e9 culpada se n\u00e3o perdoar imediatamente a conduta.\u201d<\/p>\n<p>Enquanto estava em uma aula de m\u00fasica em abril, MC trope\u00e7ou e caiu, de acordo com a den\u00fancia, quando um aluno branco colocou o joelho no pesco\u00e7o de MC e exclamou: \u201cGeorge Floyd! George Floyd!\u201d em refer\u00eancia a um homem negro <a href=\"https:\/\/www.boston.com\/news\/crime\/2021\/06\/25\/derek-chauvin-sentence-george-floyd-murder\/\">assassinado por um policial de Minneapolis<\/a> em 2020.<\/p>\n<p>De acordo com a queixa, o aluno pressionou o joelho \u201ccom for\u00e7a\u201d at\u00e9 que um amigo interveio. MC ficou \u201ctraumatizado\u201d e revelou o incidente aos pais duas semanas depois, que contataram um orientador escolar. <\/p>\n<p>\u201cA recria\u00e7\u00e3o de tais circunst\u00e2ncias \u00e9 inconceb\u00edvel e constitui ass\u00e9dio severo que \u00e9 objetivamente repugnante. Isso constitui um ataque f\u00edsico violento\u201d, de acordo com a queixa, que enfatizou o ped\u00e1gio do incidente na sa\u00fade mental de MC.<\/p>\n<p>A diretora de Lawrence, Vanessa Bilello, disse aos pais de MC que a escola tomaria medidas, segundo a den\u00fancia, incluindo uma reuni\u00e3o com os pais do agressor. <\/p>\n<p>Ricardo Henry ent\u00e3o incluiu o superintendente depois que a escola n\u00e3o tomou nenhuma a\u00e7\u00e3o por uma semana, disse a reclama\u00e7\u00e3o, e n\u00e3o recebeu nenhuma resposta por mais duas semanas. Algu\u00e9m do distrito ent\u00e3o entrou em contato e reconheceu a &#8220;resposta inadequada&#8221; da escola, como a reclama\u00e7\u00e3o a chamou.<\/p>\n<p>A queixa pede que o Escrit\u00f3rio de Direitos Civis do Departamento de Educa\u00e7\u00e3o dos EUA revise as pol\u00edticas do distrito em rela\u00e7\u00e3o ao bullying racial, emita uma conclus\u00e3o de que eles violaram os direitos civis do MC, garanta o cumprimento futuro e crie pol\u00edticas para proteger alunos vulner\u00e1veis \u200b\u200be para que as v\u00edtimas denunciem o bullying racial.<\/p>\n<p>\u201cO bullying racial em nossas escolas \u00e9 inaceit\u00e1vel. Toda crian\u00e7a tem direito a um ambiente seguro, inclusivo e livre de discrimina\u00e7\u00e3o\u201d, disse Mirian Albert, advogada s\u00eanior da LCR. \u201cDevemos responsabilizar nossas institui\u00e7\u00f5es educacionais e tomar medidas imediatas para garantir justi\u00e7a e equidade na educa\u00e7\u00e3o. O futuro de nossas crian\u00e7as depende de nosso compromisso inabal\u00e1vel com esses princ\u00edpios.\u201d<\/p>\n<div class=\"m-block m-generic-cta\t m-generic-cta--post-content\t m-generic-cta--dark\t m-generic-cta--homepage\t m-generic-cta--email-signup\t\t m-generic-cta-block-style--default \tt-amp__generic-cta\"><\/p>\n<div class=\"m-generic-cta__wrap\">\n<div class=\"m-generic-cta__content\">\n<h3 class=\"m-generic-cta__title\">Inscri\u00e7\u00e3o no boletim informativo<\/h3>\n<p class=\"m-generic-cta__subtitle\">Fique por dentro das \u00faltimas not\u00edcias do Boston.com<\/p>\n<\/p><\/div>\n<\/p><\/div>\n<\/div><\/div>\n<p><script>\n\t\tvar consent=\"grant\";\n\t\t\/* The above code is parsing the JSON data from the local storage and storing it in a variable. *\/\n\t\t\t\t\tconst onetrustStorageConsent = JSON.parse(localStorage.getItem( 'consent_one_trust_bdc' ) );\n\t\t\tif ( ( onetrustStorageConsent !== null ) ) {\n\t\t\t\t\/* Checking to see if the user has consented to the use of cookies.\n\t\t\t\t* If they have not, it is deleting the cookie.\n\t\t\t\t* This will comment for now, until further notice.\n\t\t\t\t*\/\n\t\t\t\t\/\/if ( onetrustStorageConsent.C0002 === false ) {\n\t\t\t\t\/\/\tdocument.cookie=\"_fbp=;expires=Thu, 01 Jan 2010 00:00:00 UTC; path=\/; domain=.boston.com\";\n\t\t\t\t\/\/}\n\t\t\t\t\/* Checking if the user has given consent for the cookie C0002.\n\t\t\t\t* If the user has given consent, the variable consent will be set to 'grant'.\n\t\t\t\t* If the user has not given consent,the variable consent will be set to 'revoke'.\n\t\t\t\t* Documentation https:\/\/developers.facebook.com\/docs\/meta-pixel\/implementation\/gdpr\n\t\t\t\t*\/\n\t\t\t\tif ( onetrustStorageConsent.C0002 !== true ) {\n\t\t\t\t\tconsent=\"revoke\";\n\t\t\t\t}\n\t\t\t}\n\t\t\t\t!function(f,b,e,v,n,t,s)\n\t\t{if(f.fbq)return;n=f.fbq=function(){n.callMethod?\n\t\tn.callMethod.apply(n,arguments):n.queue.push(arguments)};\n\t\tif(!f._fbq)f._fbq=n;n.push=n;n.loaded=!0;n.version='2.0';\n\t\tn.queue=[];t=b.createElement(e);t.async=!0;\n\t\tt.src=v;s=b.getElementsByTagName(e)[0];\n\t\ts.parentNode.insertBefore(t,s)}(window, document,'script',\n\t\t'https:\/\/connect.facebook.net\/en_US\/fbevents.js');\n\t\tfbq('consent', consent);\n\t\tfbq('init', '989222871864976');\n\t\tfbq('track', 'PageView');\n\t<\/script><script type=\"module\">\n\t\tvar consent=\"grant\";\n\t\t\/* The above code is parsing the JSON data from the local storage and storing it in a variable. *\/\n\t\t\tconst onetrustStorageConsent = JSON.parse(localStorage.getItem( 'consent_one_trust_bdc' ) );\n\t\t\t\/* Checking to see if the user has consented to the use of cookies.\n\t\t\t* If they have not, it is deleting the cookie.\n\t\t\t* This will comment for now, until further notice.\n\t\t\t*\/\n\t\t\t\/\/if ( onetrustStorageConsent.C0002 === false ) {\n\t\t\t\/\/\tdocument.cookie=\"_fbp=;expires=Thu, 01 Jan 2010 00:00:00 UTC; path=\/; domain=.boston.com\";\n\t\t\t\/\/}\n\t\t\t\/* Checking if the user has given consent for the cookie C0002.\n\t\t\t* If the user has given consent, the variable consent will be set to 'grant'.\n\t\t\t* If the user has not given consent,the variable consent will be set to 'revoke'.\n\t\t\t* Documentation https:\/\/developers.facebook.com\/docs\/meta-pixel\/implementation\/gdpr\n\t\t\t*\/\n\t\t\tif ( ( onetrustStorageConsent !== null ) && (onetrustStorageConsent.C0002 !== true ) ) {\n\t\t\t\tconsent=\"revoke\";\n\t\t\t}\n\t\t\t\t!function(f,b,e,v,n,t,s){if(f.fbq)return;n=f.fbq=function()\n\t\t{n.callMethod? n.callMethod.apply(n,arguments):n.queue.push(arguments)}\n\t\t;if(!f._fbq)f._fbq=n;\n\t\tn.push=n;n.loaded=!0;n.version='2.0';n.queue=[];t=b.createElement(e);t.async=!0;\n\t\tt.src=v;s=b.getElementsByTagName(e)[0];s.parentNode.insertBefore(t,s)}(window,\n\t\tdocument,'script','https:\/\/connect.facebook.net\/en_US\/fbevents.js');\n\t\tfbq('consent', consent);\n\t\tfbq('init', '813236348753005');\n\t\tfbq('track', \"PageView\");\n\t<\/script><br \/>\n<br \/><br \/>\n<br \/><a href=\"https:\/\/www.boston.com\/news\/local-news\/2024\/07\/29\/cotton-picker-student-alleges-racial-bullying-at-brookline-school\/\">Source link <\/a><\/p>","protected":false},"excerpt":{"rendered":"<p>Not\u00edcias locais A escola n\u00e3o abordou o bullying depois que um colega se ajoelhou no pesco\u00e7o do aluno para fazer refer\u00eancia ao assassinato de George Floyd, diz a den\u00fancia. Um&hellip;<\/p>","protected":false},"author":1,"featured_media":11790,"comment_status":"closed","ping_status":"open","sticky":false,"template":"","format":"standard","meta":{"content-type":"","footnotes":""},"categories":[1],"tags":[],"class_list":["post-11789","post","type-post","status-publish","format-standard","has-post-thumbnail","hentry","category-uncategorized"],"_links":{"self":[{"href":"https:\/\/tvbrazilusa.com\/pt\/wp-json\/wp\/v2\/posts\/11789","targetHints":{"allow":["GET"]}}],"collection":[{"href":"https:\/\/tvbrazilusa.com\/pt\/wp-json\/wp\/v2\/posts"}],"about":[{"href":"https:\/\/tvbrazilusa.com\/pt\/wp-json\/wp\/v2\/types\/post"}],"author":[{"embeddable":true,"href":"https:\/\/tvbrazilusa.com\/pt\/wp-json\/wp\/v2\/users\/1"}],"replies":[{"embeddable":true,"href":"https:\/\/tvbrazilusa.com\/pt\/wp-json\/wp\/v2\/comments?post=11789"}],"version-history":[{"count":1,"href":"https:\/\/tvbrazilusa.com\/pt\/wp-json\/wp\/v2\/posts\/11789\/revisions"}],"predecessor-version":[{"id":11791,"href":"https:\/\/tvbrazilusa.com\/pt\/wp-json\/wp\/v2\/posts\/11789\/revisions\/11791"}],"wp:featuredmedia":[{"embeddable":true,"href":"https:\/\/tvbrazilusa.com\/pt\/wp-json\/wp\/v2\/media\/11790"}],"wp:attachment":[{"href":"https:\/\/tvbrazilusa.com\/pt\/wp-json\/wp\/v2\/media?parent=11789"}],"wp:term":[{"taxonomy":"category","embeddable":true,"href":"https:\/\/tvbrazilusa.com\/pt\/wp-json\/wp\/v2\/categories?post=11789"},{"taxonomy":"post_tag","embeddable":true,"href":"https:\/\/tvbrazilusa.com\/pt\/wp-json\/wp\/v2\/tags?post=11789"}],"curies":[{"name":"wp","href":"https:\/\/api.w.org\/{rel}","templated":true}]}}