{"id":117926,"date":"2025-05-06T15:26:02","date_gmt":"2025-05-06T15:26:02","guid":{"rendered":"https:\/\/tvbrazilusa.com\/2025\/05\/06\/os-avett-brothers-preparados-para-se-apresentar-no-big-e-em-setembro\/"},"modified":"2025-05-06T15:33:38","modified_gmt":"2025-05-06T15:33:38","slug":"os-avett-brothers-preparados-para-se-apresentar-no-big-e-em-setembro","status":"publish","type":"post","link":"https:\/\/tvbrazilusa.com\/pt\/2025\/05\/06\/os-avett-brothers-preparados-para-se-apresentar-no-big-e-em-setembro\/","title":{"rendered":"Os Avett Brothers preparados para se apresentar no Big E em setembro"},"content":{"rendered":"<p> <script async src=\"https:\/\/pagead2.googlesyndication.com\/pagead\/js\/adsbygoogle.js?client=ca-pub-8864793242727901\"\r\n     crossorigin=\"anonymous\"><\/script><br \/>\n<\/p>\n<p>West Springfield, Massachusetts (WWLP) &#8211; O Big E anunciou que os Avett Brothers se apresentar\u00e3o na grande arena e em setembro.<\/p>\n<p>Os Avett Brothers s\u00e3o quatro vezes indicados ao Grammy e s\u00e3o Legends of Folk Rock, Music Hall of Famers e Kings da Carolina do Norte, de acordo com o Big E. A banda fez sua primeira estr\u00e9ia na gravadora em 2009, eu e eu te amo. Ent\u00e3o, em 2012, o carpinteiro atingiu o n\u00famero quatro na Billboard 200, que foi seguido por Magpie e o dente de le\u00e3o em 2013, quando foi para o n\u00famero cinco na Billboard 200.<\/p>\n<div class=\"nlp-ignore-block article-content rich-text\">\n<aside class=\"promo-link\">\n\t<a href=\"https:\/\/www.wwlp.com\/news\/local-news\/hampden-county\/northeast-large-scale-train-show-concludes-this-weekend-in-west-springfield\/\" class=\"promo-link__link\"><\/p>\n<p>\t\tO Northeast Large Scale Train Show termina neste fim de semana em West Springfield\t<\/a><br \/>\n<\/aside>\n<\/div>\n<p><em>Que durar: um retrato dos irm\u00e3os Avett<\/em>um document\u00e1rio de 2017, narra o processo de reda\u00e7\u00e3o de 2016 <em>Verdadeira tristeza<\/em>que estreou no n\u00famero um dos principais \u00e1lbuns da Billboard, o n\u00famero um dos \u00e1lbuns de rock, n\u00famero tr\u00eas na Billboard 200 e marcou duas indica\u00e7\u00f5es ao Grammy. O filme foi lan\u00e7ado teatralmente e na HBO. Tamb\u00e9m est\u00e1 dispon\u00edvel em DVD, Blu-ray e v\u00eddeo sob demanda (VOD).<\/p>\n<p>A banda lan\u00e7ou seu d\u00e9cimo \u00e1lbum de est\u00fadio em 2019, <em>Mais perto do que juntos<\/em>com o single &#8220;High Steppin &#8216;, que alcan\u00e7ou o n\u00famero um na parada de singles de r\u00e1dio americana. <em>O terceiro brilho <\/em>Saiu durante a pandemia e estreou no n\u00famero um dos \u00e1lbuns Americana\/Folk da Billboard, o n\u00famero um dos \u00e1lbuns de rock, o n\u00famero um dos \u00e1lbuns de vinil e o single &#8220;Victory&#8221; Hit n\u00famero um na parada de singles de r\u00e1dio Americana.<\/p>\n<div class=\"wp-block-image\">\n<figure class=\"aligncenter size-large\"><figcaption class=\"wp-element-caption\">Cr\u00e9dito: o grande e<\/figcaption><\/figure>\n<\/div>\n<p>O Avett Brothers, um \u00e1lbum que \u00e9 t\u00e3o sem t\u00edtulo quanto intitulado, foi lan\u00e7ado em 2024 e possui uma cole\u00e7\u00e3o de m\u00fasicas que se revelaram com o tempo. A banda foi introduzida no Hall da Fama da M\u00fasica da Carolina do Norte e ganhou um pr\u00eamio de conquista vital\u00edcia da Americana Music Association.<\/p>\n<p>A banda est\u00e1 programada para se apresentar na Big E Arena no s\u00e1bado, 20 de setembro. <a href=\"https:\/\/www.thebige.com\/theavettbrothers\" target=\"_blank\" rel=\"noreferrer noopener\">Ingressos<\/a> V\u00e1 \u00e0 venda nesta sexta -feira \u00e0s 10:00 Os ingressos incluem a entrada na Big E Fair quando adquiridos antes da data do show.<\/p>\n<p><br \/>\n<br \/><a href=\"https:\/\/www.wtnh.com\/news\/latest-news\/the-avett-brothers-set-to-perform-at-the-big-e-in-september\/\">Source link <\/a><\/p>","protected":false},"excerpt":{"rendered":"<p>West Springfield, Massachusetts (WWLP) &#8211; O Big E anunciou que os Avett Brothers se apresentar\u00e3o na grande arena e em setembro. Os Avett Brothers s\u00e3o quatro vezes indicados ao Grammy&hellip;<\/p>","protected":false},"author":1,"featured_media":117927,"comment_status":"closed","ping_status":"open","sticky":false,"template":"","format":"standard","meta":{"content-type":"","footnotes":""},"categories":[1],"tags":[],"class_list":["post-117926","post","type-post","status-publish","format-standard","has-post-thumbnail","hentry","category-uncategorized"],"_links":{"self":[{"href":"https:\/\/tvbrazilusa.com\/pt\/wp-json\/wp\/v2\/posts\/117926","targetHints":{"allow":["GET"]}}],"collection":[{"href":"https:\/\/tvbrazilusa.com\/pt\/wp-json\/wp\/v2\/posts"}],"about":[{"href":"https:\/\/tvbrazilusa.com\/pt\/wp-json\/wp\/v2\/types\/post"}],"author":[{"embeddable":true,"href":"https:\/\/tvbrazilusa.com\/pt\/wp-json\/wp\/v2\/users\/1"}],"replies":[{"embeddable":true,"href":"https:\/\/tvbrazilusa.com\/pt\/wp-json\/wp\/v2\/comments?post=117926"}],"version-history":[{"count":1,"href":"https:\/\/tvbrazilusa.com\/pt\/wp-json\/wp\/v2\/posts\/117926\/revisions"}],"predecessor-version":[{"id":117928,"href":"https:\/\/tvbrazilusa.com\/pt\/wp-json\/wp\/v2\/posts\/117926\/revisions\/117928"}],"wp:featuredmedia":[{"embeddable":true,"href":"https:\/\/tvbrazilusa.com\/pt\/wp-json\/wp\/v2\/media\/117927"}],"wp:attachment":[{"href":"https:\/\/tvbrazilusa.com\/pt\/wp-json\/wp\/v2\/media?parent=117926"}],"wp:term":[{"taxonomy":"category","embeddable":true,"href":"https:\/\/tvbrazilusa.com\/pt\/wp-json\/wp\/v2\/categories?post=117926"},{"taxonomy":"post_tag","embeddable":true,"href":"https:\/\/tvbrazilusa.com\/pt\/wp-json\/wp\/v2\/tags?post=117926"}],"curies":[{"name":"wp","href":"https:\/\/api.w.org\/{rel}","templated":true}]}}