{"id":117992,"date":"2025-05-06T15:35:48","date_gmt":"2025-05-06T15:35:48","guid":{"rendered":"https:\/\/tvbrazilusa.com\/2025\/05\/06\/show-da-manha-quem-tem-medo-da-cpi-recorde-vergonhoso-06-05-2025\/"},"modified":"2025-05-06T15:35:48","modified_gmt":"2025-05-06T15:35:48","slug":"show-da-manha-quem-tem-medo-da-cpi-recorde-vergonhoso-06-05-2025","status":"publish","type":"post","link":"https:\/\/tvbrazilusa.com\/pt\/2025\/05\/06\/show-da-manha-quem-tem-medo-da-cpi-recorde-vergonhoso-06-05-2025\/","title":{"rendered":"SHOW DA MANH\u00c3 &#8211;  QUEM TEM MEDO DA CPI? &#8211;  RECORDE VERGONHOSO\u00a0&#8211;\u00a006\/05\/2025"},"content":{"rendered":"<p><iframe  width=\"580\" height=\"385\" src=\"https:\/\/www.youtube.com\/embed\/Y_9Ozu39y3A?modestbranding=1\" frameborder=\"0\" allowfullscreen><\/iframe><br \/>\n<br \/>#tvflorida #tvfloridausa #patronos<\/p>\n<p>Apresentado por Paula Marisa.<br \/>\nConvidados: Wagner Tragic\u00f4mico e Steh Papaiano.<br \/>\nParticipa\u00e7\u00e3o Especial: Jeffrey Chiquini<\/p>\n<p>O Show da Manh\u00e3 vai ao ar de segunda a sexta, das 10h \u00e0s 12h.<\/p>\n<p>\ud83d\udd25NOVIDADES NO FIO DIA\u0301RIO! ASSINE COM 33% OFF NO PLANO ANUAL OU 66% OFF NO DEZ A FIO! \ud83d\udc49 <\/p>\n<p>\ud83d\udd25CAMISETAS FIO DIA\u0301RIO (CUPOM \u201cFIODIARIO10\u201d PARA 10% DE DESCONTO) \ud83d\udc49 <\/p>\n<p>\ud83d\udd25APROVEITE AS PROMOC\u0327O\u0303ES DA LIVRARIA FIO DIA\u0301RIO E NA\u0303O CAIA EM NARRATIVAS! \ud83d\udc49 <\/p>\n<p>Inscreva-se no nosso Canal!<\/p>\n<p>Ou\u00e7a no Spotify: <\/p>\n<p>Siga no Instagram:<\/p>\n<p>Marco Ant\u00f4nio Costa: <\/p>\n<p>Fio Di\u00e1rio: <\/p>\n<p>Revista Timeline:<br \/>\nYouTube:<br \/>\nWhatsApp: <\/p>\n<p>Fabiano Silva (Charges):<br \/>\nInstagram: <\/p>\n<p><a href=\"https:\/\/www.youtube.com\/watch?v=Y_9Ozu39y3A\">source<\/a><\/p>","protected":false},"excerpt":{"rendered":"<p>#tvflorida #tvfloridausa #patronos Apresentado por Paula Marisa. Convidados: Wagner Tragic\u00f4mico e Steh Papaiano. Participa\u00e7\u00e3o Especial: Jeffrey Chiquini O Show da Manh\u00e3 vai ao ar de segunda a sexta, das 10h&hellip;<\/p>","protected":false},"author":1,"featured_media":117993,"comment_status":"","ping_status":"open","sticky":false,"template":"","format":"standard","meta":{"content-type":"","footnotes":""},"categories":[17],"tags":[1696,557,3508,530,3575,63,351,33758],"class_list":["post-117992","post","type-post","status-publish","format-standard","has-post-thumbnail","hentry","category-programas","tag-cpi","tag-manha","tag-medo","tag-quem","tag-recorde","tag-show","tag-tem","tag-vergonhoso06052025"],"_links":{"self":[{"href":"https:\/\/tvbrazilusa.com\/pt\/wp-json\/wp\/v2\/posts\/117992","targetHints":{"allow":["GET"]}}],"collection":[{"href":"https:\/\/tvbrazilusa.com\/pt\/wp-json\/wp\/v2\/posts"}],"about":[{"href":"https:\/\/tvbrazilusa.com\/pt\/wp-json\/wp\/v2\/types\/post"}],"author":[{"embeddable":true,"href":"https:\/\/tvbrazilusa.com\/pt\/wp-json\/wp\/v2\/users\/1"}],"replies":[{"embeddable":true,"href":"https:\/\/tvbrazilusa.com\/pt\/wp-json\/wp\/v2\/comments?post=117992"}],"version-history":[{"count":0,"href":"https:\/\/tvbrazilusa.com\/pt\/wp-json\/wp\/v2\/posts\/117992\/revisions"}],"wp:featuredmedia":[{"embeddable":true,"href":"https:\/\/tvbrazilusa.com\/pt\/wp-json\/wp\/v2\/media\/117993"}],"wp:attachment":[{"href":"https:\/\/tvbrazilusa.com\/pt\/wp-json\/wp\/v2\/media?parent=117992"}],"wp:term":[{"taxonomy":"category","embeddable":true,"href":"https:\/\/tvbrazilusa.com\/pt\/wp-json\/wp\/v2\/categories?post=117992"},{"taxonomy":"post_tag","embeddable":true,"href":"https:\/\/tvbrazilusa.com\/pt\/wp-json\/wp\/v2\/tags?post=117992"}],"curies":[{"name":"wp","href":"https:\/\/api.w.org\/{rel}","templated":true}]}}