{"id":118033,"date":"2025-05-07T18:31:44","date_gmt":"2025-05-07T18:31:44","guid":{"rendered":"https:\/\/tvbrazilusa.com\/2025\/05\/07\/pa-o-deputado-dean-black-diz-que-a-reforma-tributaria-da-propriedade-levara-tempo-jacksonville-hoje\/"},"modified":"2025-05-07T18:35:55","modified_gmt":"2025-05-07T18:35:55","slug":"pa-o-deputado-dean-black-diz-que-a-reforma-tributaria-da-propriedade-levara-tempo-jacksonville-hoje","status":"publish","type":"post","link":"https:\/\/tvbrazilusa.com\/pt\/2025\/05\/07\/pa-o-deputado-dean-black-diz-que-a-reforma-tributaria-da-propriedade-levara-tempo-jacksonville-hoje\/","title":{"rendered":"P&#038;A | O deputado Dean Black diz que a reforma tribut\u00e1ria da propriedade levar\u00e1 tempo | Jacksonville hoje"},"content":{"rendered":"<p> <script async src=\"https:\/\/pagead2.googlesyndication.com\/pagead\/js\/adsbygoogle.js?client=ca-pub-8864793242727901\"\r\n     crossorigin=\"anonymous\"><\/script><br \/>\n<\/p>\n<div>\n<p>O an\u00fancio de sexta -feira pela C\u00e2mara da Fl\u00f3rida e l\u00edderes do Senado de que eles t\u00eam um acordo em uma estrutura de or\u00e7amento que inclui <a href=\"https:\/\/news.wfsu.org\/state-news\/2025-05-03\/florida-lawmakers-will-return-in-mid-may-to-hammer-out-a-state-budget\" rel=\"nofollow noopener\" target=\"_blank\">US $ 2,8 bilh\u00f5es em cortes de impostos<\/a> ainda enviar\u00e1 o Legislativo para as horas extras na pr\u00f3xima semana para concluir as negocia\u00e7\u00f5es. <\/p>\n<p><em>Jacksonville hoje <\/em>Falei na segunda-feira com o deputado estadual Dean Back, R-Jacksonville, sobre as implica\u00e7\u00f5es fiscais dos cortes de impostos propostos e onde as negocia\u00e7\u00f5es do or\u00e7amento est\u00e3o indo para a sess\u00e3o prolongada na segunda-feira. <\/p>\n<p>Black, membro de um comit\u00ea selecionado do Comit\u00ea de Propriedade, diz que levar\u00e1 &#8220;um per\u00edodo consider\u00e1vel de tempo&#8221; para finalizar os planos para reduzir ou eliminar alguns dos impostos residenciais de propriedade residencial do estado.<\/p>\n<p>O ex-presidente do Partido Republicano do Condado de Duval tamb\u00e9m discutiu o AT-Times <a href=\"https:\/\/news.wfsu.org\/state-news\/2025-04-29\/speaker-perez-announces-committee-to-draft-property-tax-reform-ballot-initiatives\" data-type=\"link\" data-id=\"https:\/\/news.wfsu.org\/state-news\/2025-04-29\/speaker-perez-announces-committee-to-draft-property-tax-reform-ballot-initiatives\" rel=\"nofollow noopener\" target=\"_blank\">relacionamento contencioso<\/a> Esta sess\u00e3o entre a lideran\u00e7a da C\u00e2mara e o governador Ron DeSantis, e um <a href=\"https:\/\/news.wfsu.org\/state-news\/2025-05-01\/floridas-legislative-session-has-seen-many-efforts-to-boost-charter-schools\" rel=\"nofollow noopener\" target=\"_blank\">empurr\u00e3o legislativo<\/a> Esta sess\u00e3o para fortalecer ainda mais as escolas charter na Fl\u00f3rida. <\/p>\n<p><strong>P: Como voc\u00ea preenche o Golfo do Or\u00e7amento antes do prazo de 30 de junho?<\/strong><\/p>\n<p>R: Bem, a primeira ordem de neg\u00f3cios \u00e9 que voc\u00ea precisa criar uma estrutura b\u00e1sica, porque se voc\u00ea n\u00e3o conseguir concordar aproximadamente com a quantidade de receita que ter\u00e1, \u00e9 dif\u00edcil descobrir o or\u00e7amento que necessariamente flui disso. Fico feliz em relatar, por\u00e9m, que, na sexta \u00e0 noite, anunciamos que havia uma estrutura em vigor. Voltaremos a Tallahassee na semana de 12 de maio, e iremos \u00e0 confer\u00eancia, e estamos ansiosos para obter um or\u00e7amento preciso e fiscalmente respons\u00e1vel juntos.<\/p>\n<p><strong>P: Nessa estrutura, existe um acordo final sobre quais ser\u00e3o esses n\u00fameros de corte de impostos? <\/strong><\/p>\n<p>R: Bem, haver\u00e1 cortes de impostos substanciais para os floridianos. E no que diz respeito aos detalhes exatos disso, acho que tudo ainda est\u00e1 sendo elaborado. Mas a boa not\u00edcia \u00e9 que, \u00e0 medida que olhamos para o futuro, sabemos que h\u00e1 momentos em que nossas receitas podem encolher na Fl\u00f3rida, e estamos olhando para o futuro para garantir que estamos administrando um estado fiscalmente respons\u00e1vel. N\u00e3o vamos levar os floridianos \u00e0 d\u00edvida. E, francamente, os floridianos poderiam usar o al\u00edvio fiscal. E no final do dia, o que realmente estamos discutindo \u00e9 uma coisa boa de se discutir, e n\u00e3o \u00e9 se, mas simplesmente como, para dar al\u00edvio dos floridianos, reduzindo seus impostos. Esse \u00e9 um argumento muito bom para estar tendo. <\/p>\n<p><strong>P: Qual \u00e9 a sua prefer\u00eancia de onde esses cortes de impostos devem vir?<\/strong><\/p>\n<p>R: Eu acho que h\u00e1 coisas que podemos fazer imediatamente, e ent\u00e3o acho que h\u00e1 coisas que devemos olhar para o futuro, podem demorar um pouco mais para implementar. Adoro a id\u00e9ia de reduzir o imposto sobre vendas, porque podemos fazer isso instantaneamente, e h\u00e1 discuss\u00f5es entre o Senado e a C\u00e2mara, e tenho certeza de que o escrit\u00f3rio do governador tamb\u00e9m, exatamente como exatamente a melhor maneira de efetuar isso. Mas, olhando para o futuro mais intermedi\u00e1rio ou a longo prazo, muita discuss\u00e3o foi realizada sobre a redu\u00e7\u00e3o dos impostos sobre a propriedade. \u00c9 uma pena que voc\u00ea compre uma casa na Fl\u00f3rida, voc\u00ea faz todos os seus pagamentos por 30 anos ou o que for, mas sua casa ainda pode ser tirada de voc\u00ea porque voc\u00ea nunca o possui, porque sempre, todos os anos, deve impostos imobili\u00e1rios. E gostar\u00edamos de investigar maneiras de reduzir ou eliminar isso, e trabalharemos nisso por um per\u00edodo consider\u00e1vel de tempo.<\/p>\n<p><strong>P: Com essas redu\u00e7\u00f5es de impostos, provavelmente haver\u00e1 cortes de gastos. Voc\u00ea tem uma id\u00e9ia de onde esse dinheiro vir\u00e1?<\/strong><\/p>\n<p>R: Bem, acho que saberemos mais sobre isso quando voltarmos \u00e0 sess\u00e3o no dia 12 de maio e depois estaremos em confer\u00eancia, e \u00e9 a\u00ed que esses n\u00fameros ter\u00e3o um pouco mais de clareza para eles.<\/p>\n<p><strong>P: O governador Ron DeSantis pressionou pela elimina\u00e7\u00e3o dos impostos sobre a propriedade antes do seu discurso de estado do estado em mar\u00e7o. Como membro do comit\u00ea, quais s\u00e3o as id\u00e9ias principais agora e onde est\u00e3o essas negocia\u00e7\u00f5es? <\/strong><\/p>\n<p>R: O que fazemos com os impostos sobre a propriedade, levar\u00e1 um tempo, porque voc\u00ea precisa modificar a pr\u00f3pria Constitui\u00e7\u00e3o, para que isso n\u00e3o aconte\u00e7a da noite para o dia. Ent\u00e3o, estamos tentando fazer as coisas imediatamente e, em seguida, as coisas com impostos sobre a propriedade por um per\u00edodo de tempo. E algumas das coisas que estamos vendo, talvez exigindo referendos para eliminar os impostos sobre a propriedade sobre propriedades de propriedade. Estamos olhando para aumentar bastante a isen\u00e7\u00e3o da propriedade para meio milh\u00e3o de d\u00f3lares e, em seguida, tamb\u00e9m uma isen\u00e7\u00e3o de um milh\u00e3o de d\u00f3lares para propriedades que pertencem aos floridianos, com 65 anos ou mais e que t\u00eam uma propriedade h\u00e1 pelo menos 30 anos. Poder\u00edamos autorizar o Legislativo a aumentar a isen\u00e7\u00e3o da propriedade a qualquer valor por lei geral. Modificando tamb\u00e9m a avalia\u00e7\u00e3o aumentou as limita\u00e7\u00f5es dos valores das propriedades. Tamb\u00e9m foi lan\u00e7ado a id\u00e9ia de proteger a propriedade da casa, eliminando a capacidade de encerrar uma propriedade de uma propriedade devido a uma garantia de imposto predial.<\/p>\n<p>Essas s\u00e3o algumas das coisas que est\u00e3o sendo discutidas. Precisamos analisar quais seriam as consequ\u00eancias da receita de uma ou alguma combina\u00e7\u00e3o dessas coisas e, em seguida, precisamos considerar o que far\u00edamos por nossos condados e cidades para permitir que eles tenham flexibilidade para substituir a receita. Porque queremos proteger a casa da casa dos floridianos, mas tamb\u00e9m queremos garantir que ainda possamos financiar a pol\u00edcia, o inc\u00eandio, nossas escolas e assim por diante. Portanto, h\u00e1 muito trabalho pela frente, mas h\u00e1 uma vis\u00e3o real, e estou ansioso para ouvir do p\u00fablico sobre suas opini\u00f5es sobre o assunto. <\/p>\n<p><strong>P: Alguns estados forneceram preenchimento a cidades e munic\u00edpios ap\u00f3s uma redu\u00e7\u00e3o substancial do imposto sobre a propriedade. Isso est\u00e1 sobre a mesa ou voc\u00ea est\u00e1 falando sobre permitir que os governos locais tenham autoridade tribut\u00e1ria adicional? <\/strong><\/p>\n<p>R: Eu acho que neste momento, as discuss\u00f5es s\u00e3o t\u00e3o cedo que literalmente tudo est\u00e1 sobre a mesa. Nada foi rejeitado ainda.<\/p>\n<p><strong>P: H\u00e1 conversas sobre cortes nos impostos sobre propriedades comerciais, e isso \u00e9 algo que voc\u00ea apoiaria?<\/strong><\/p>\n<p>R: Eu n\u00e3o acho que esse tenha sido realmente o t\u00f3pico de discuss\u00e3o, e n\u00e3o \u00e9 para onde estamos dirigindo. Eu acho que tudo est\u00e1 na mesa. Mas acho que a grande miss\u00e3o aqui \u00e9 novamente, para garantir que os floridianos, uma vez que eles pagaram por sua casa, n\u00e3o sejam tributados.<\/p>\n<p><strong>P: Nesta sess\u00e3o, vimos muita legisla\u00e7\u00e3o proposta que expandiria as escolas charter. Isso pode resultar em redirecionamento de financiamento puro por pupil que teria ido para as escolas p\u00fablicas tradicionais. Como as escolas p\u00fablicas tradicionais continuam a obter recursos necess\u00e1rios para operar e melhorar? A Escola Charter P\u00fablica e os modelos tradicionais de escolas p\u00fablicas podem coexistir?<\/strong><\/p>\n<p>R: Bem, do ponto de vista da legislatura, h\u00e1 apenas educa\u00e7\u00e3o p\u00fablica e, dentro disso, h\u00e1 uma variedade de m\u00e9todos que os pais podem escolher para que seus filhos sejam educados adequadamente e os pais decidam. E temos v\u00e1rias escolas charter. Existem bolsas de estudo dispon\u00edveis para ir a escolas particulares e depois escolas p\u00fablicas tradicionais, a verdade \u00e9 que temos muitas escolas p\u00fablicas tradicionais realmente boas. Escolas que n\u00e3o est\u00e3o tendo problemas para atrair alunos porque os pais querem que os filhos v\u00e3o l\u00e1, porque est\u00e3o administrando escolas muito boas. No geral, o que estamos alcan\u00e7ando \u00e9 uma concorr\u00eancia real, e isso est\u00e1 fazendo melhores escolhas para os pais, melhores escolhas para seus filhos e uma for\u00e7a de trabalho melhor treinada para o nosso estado e nosso pa\u00eds.<\/p>\n<p><strong>P: Mas como voc\u00ea garante que essas escolas p\u00fablicas tradicionais continuem obtendo os recursos necess\u00e1rios para garantir que possam melhorar e permanecer competitivos com as escolas charter?<\/strong><\/p>\n<p>A: Bem, novamente, acho que s\u00e3o os pais que est\u00e3o escolhendo. Os pais decidem para onde seus filhos querem ir, e \u00e9 para qualquer escola, seja uma escola p\u00fablica tradicional ou uma escola charter ou uma escola particular. Se voc\u00ea n\u00e3o \u00e9 capaz de atrair alunos suficientes, precisa olhar no espelho e perguntar a si mesmo o que precisa mudar. O que voc\u00ea est\u00e1 fazendo ou o que voc\u00ea precisa fazer para levar os pais para levar os alunos \u00e0 sua escola? \u00c9 simplesmente competi\u00e7\u00e3o. E acho que temos muitas \u00f3timas escolas p\u00fablicas tradicionais e \u00e9 aumentado por muitas escolas charter excelentes, muitas \u00f3timas escolas particulares. Temos muitas e muitas op\u00e7\u00f5es na Fl\u00f3rida.<\/p>\n<p><strong>P: As intera\u00e7\u00f5es da lideran\u00e7a da C\u00e2mara com o governador DeSantis nesta sess\u00e3o parecem ser um pouco mais tensas do que nas sess\u00f5es anteriores. Voc\u00ea pode falar sobre esse relacionamento e o que essas cepas significam para a pol\u00edtica e a pol\u00edtica no pr\u00f3ximo ano e meio do mandato do governador. Como voc\u00ea o v\u00ea afetando o trabalho no or\u00e7amento chegando e depois em 2026 prioridades?<\/strong><\/p>\n<p>R: Houve muito do que diremos, o que chamaremos de ru\u00eddo entre a C\u00e2mara e o Senado e o Governador, e o que voc\u00ea est\u00e1 ouvindo \u00e9 uma prova de que o Balance of Powers est\u00e1 funcionando. \u00c9 apenas o barulho da pol\u00edtica saud\u00e1vel. Agora, \u00e0s vezes o barulho fica mais alto e \u00e0s vezes se acalma a um murm\u00fario, mas \u00e9, at\u00e9 certo ponto, bastante normal. Cabe \u00e0 C\u00e2mara defender suas prerrogativas, e o Senado faz o mesmo, e o poder executivo fazer o mesmo, e que o judici\u00e1rio fa\u00e7a o mesmo. E isso \u00e9 normal, e um sinal de que voc\u00ea tem um governo saud\u00e1vel, todos os ramos que se apresentam da maneira que deveriam, e \u00e9 apenas o puro ru\u00eddo da democracia representativa.<\/p>\n<p><strong>P: Isso torna mais dif\u00edcil ou talvez surpreendentemente mais dif\u00edcil quando voc\u00ea tem uma parte que tem controle de c\u00e2maras e do escrit\u00f3rio do governador para ter essas divis\u00f5es pol\u00edticas?<\/strong><\/p>\n<p>R: Um dos principais ossos de disc\u00f3rdia que tivemos \u00e9 sobre a natureza da pol\u00edtica tribut\u00e1ria e, como republicano, eu realmente gosto da maneira como esse debate est\u00e1 se moldando, porque no final do dia, queremos impostos mais baixos, queremos um governo menor, magro e eficiente. Isso \u00e9 fundamental para as cren\u00e7as do Partido Republicano. E o debate que estamos tendo n\u00e3o acabamos se tornarmos o governo menor ou n\u00e3o. N\u00e3o acabou se vamos encolher ou torn\u00e1 -lo mais magro ou mais eficiente ou n\u00e3o. N\u00e3o \u00e9 superado se vamos cortar impostos ou n\u00e3o. \u00c9 simplesmente, quanto vamos diminuir o governo? Quanto vamos reduzir os impostos? Como podemos fazer isso e ainda fornecer o n\u00edvel de servi\u00e7os que o p\u00fablico espera. Essa \u00e9 uma conversa muito saud\u00e1vel para ter do ponto de vista republicano. \u2026 O que eu encorajaria o p\u00fablico a fazer \u00e9 que, se eles tiverem uma boa id\u00e9ia, ou mesmo que n\u00e3o tenham certeza, mas acham que pode ser uma boa ideia, eu os encorajaria a alcan\u00e7ar seu legislador estadual. Algumas das melhores id\u00e9ias que obtemos s\u00e3o de cidad\u00e3os comuns que tiveram uma experi\u00eancia e eles trazem \u00e0 nossa aten\u00e7\u00e3o.<\/p>\n<hr class=\"wp-block-separator has-alpha-channel-opacity\"\/>\n<p><em>Nota do editor: Esta sess\u00e3o de perguntas e respostas foi editada e condensada para clareza. <\/em><\/p>\n<\/div>\n<p><br \/>\n<br \/><a href=\"https:\/\/jaxtoday.org\/2025\/05\/07\/qa-rep-dean-black-says-property-tax-reform-will-take-time\/\">Source link <\/a><\/p>","protected":false},"excerpt":{"rendered":"<p>O an\u00fancio de sexta -feira pela C\u00e2mara da Fl\u00f3rida e l\u00edderes do Senado de que eles t\u00eam um acordo em uma estrutura de or\u00e7amento que inclui US $ 2,8 bilh\u00f5es&hellip;<\/p>","protected":false},"author":1,"featured_media":118034,"comment_status":"closed","ping_status":"open","sticky":false,"template":"","format":"standard","meta":{"content-type":"","footnotes":""},"categories":[1],"tags":[],"class_list":["post-118033","post","type-post","status-publish","format-standard","has-post-thumbnail","hentry","category-uncategorized"],"_links":{"self":[{"href":"https:\/\/tvbrazilusa.com\/pt\/wp-json\/wp\/v2\/posts\/118033","targetHints":{"allow":["GET"]}}],"collection":[{"href":"https:\/\/tvbrazilusa.com\/pt\/wp-json\/wp\/v2\/posts"}],"about":[{"href":"https:\/\/tvbrazilusa.com\/pt\/wp-json\/wp\/v2\/types\/post"}],"author":[{"embeddable":true,"href":"https:\/\/tvbrazilusa.com\/pt\/wp-json\/wp\/v2\/users\/1"}],"replies":[{"embeddable":true,"href":"https:\/\/tvbrazilusa.com\/pt\/wp-json\/wp\/v2\/comments?post=118033"}],"version-history":[{"count":1,"href":"https:\/\/tvbrazilusa.com\/pt\/wp-json\/wp\/v2\/posts\/118033\/revisions"}],"predecessor-version":[{"id":118035,"href":"https:\/\/tvbrazilusa.com\/pt\/wp-json\/wp\/v2\/posts\/118033\/revisions\/118035"}],"wp:featuredmedia":[{"embeddable":true,"href":"https:\/\/tvbrazilusa.com\/pt\/wp-json\/wp\/v2\/media\/118034"}],"wp:attachment":[{"href":"https:\/\/tvbrazilusa.com\/pt\/wp-json\/wp\/v2\/media?parent=118033"}],"wp:term":[{"taxonomy":"category","embeddable":true,"href":"https:\/\/tvbrazilusa.com\/pt\/wp-json\/wp\/v2\/categories?post=118033"},{"taxonomy":"post_tag","embeddable":true,"href":"https:\/\/tvbrazilusa.com\/pt\/wp-json\/wp\/v2\/tags?post=118033"}],"curies":[{"name":"wp","href":"https:\/\/api.w.org\/{rel}","templated":true}]}}