{"id":118036,"date":"2025-05-07T18:41:22","date_gmt":"2025-05-07T18:41:22","guid":{"rendered":"https:\/\/tvbrazilusa.com\/2025\/05\/07\/pa-o-senador-tracie-davis-explica-os-desafios-de-um-democrata-da-florida-jacksonville-hoje\/"},"modified":"2025-05-07T18:51:36","modified_gmt":"2025-05-07T18:51:36","slug":"pa-o-senador-tracie-davis-explica-os-desafios-de-um-democrata-da-florida-jacksonville-hoje","status":"publish","type":"post","link":"https:\/\/tvbrazilusa.com\/pt\/2025\/05\/07\/pa-o-senador-tracie-davis-explica-os-desafios-de-um-democrata-da-florida-jacksonville-hoje\/","title":{"rendered":"P&#038;A | O senador Tracie Davis explica os desafios de um democrata da Fl\u00f3rida | Jacksonville hoje"},"content":{"rendered":"<p> <script async src=\"https:\/\/pagead2.googlesyndication.com\/pagead\/js\/adsbygoogle.js?client=ca-pub-8864793242727901\"\r\n     crossorigin=\"anonymous\"><\/script><br \/>\n<\/p>\n<div>\n<p>Os legisladores estaduais da Fl\u00f3rida est\u00e3o prontos para as horas extras na sess\u00e3o de 2025, e o senador Tracie Davis-l\u00edder democrata pr\u00f3-TEM e um dos angariadores de fundos do Comit\u00ea de Vit\u00f3ria do Senado do Partido-ter\u00e3o um ato de equil\u00edbrio.<\/p>\n<p>Davis retornar\u00e1 a Tallahassee na segunda -feira para participar de negocia\u00e7\u00f5es e uma eventual vota\u00e7\u00e3o com um or\u00e7amento estadual, enquanto se prepara para realizar eventos de capta\u00e7\u00e3o de recursos previamente programados para os democratas do Senado que est\u00e3o perdendo terreno para os republicanos majorit\u00e1rios h\u00e1 mais de duas d\u00e9cadas. <\/p>\n<p>A agenda legislativa do democrata de Jacksonville este ano teve foco nos cuidados de sa\u00fade das mulheres. Davis &#8216; <a href=\"https:\/\/www.flsenate.gov\/Session\/Bill\/2025\/1578\/?Tab=BillText\" rel=\"nofollow noopener\" target=\"_blank\">Lei do Senado 1578<\/a> exigiria que a Ag\u00eancia para a Administra\u00e7\u00e3o de Cuidados de Sa\u00fade forne\u00e7a cobertura do Medicaid para mamografias anuais e exames suplementares de c\u00e2ncer de mama a partir dos 25 anos. O projeto de lei eliminou por unanimidade tr\u00eas comit\u00eas antes de adquiri -lo para descobrir detalhes com a aconselhamento de profissionais m\u00e9dicos.<\/p>\n<p>Davis falou <em>Jacksonville hoje<\/em> Na segunda -feira sobre a sess\u00e3o, a estrutura de or\u00e7amento do Partido Republicano que inclui <a href=\"https:\/\/www.wusf.org\/2025-04-10\/house-approves-budget-framework-kick-starting-work-on-trumps-domestic-agenda\" rel=\"nofollow noopener\" target=\"_blank\">US $ 2,8 bilh\u00f5es em cortes de impostos<\/a>seus sentimentos sobre mudan\u00e7as futuras no c\u00f3digo de imposto sobre a propriedade e esfor\u00e7os para <a href=\"https:\/\/news.wfsu.org\/state-news\/2025-04-29\/florida-lawmakers-are-moving-bills-to-aid-charter-schools\" rel=\"nofollow noopener\" target=\"_blank\">Expans\u00e3o da escola charter<\/a>. <\/p>\n<p><strong>P: Como voc\u00ea persevera no partido minorit\u00e1rio quando \u00e9 dif\u00edcil obter suas prioridades para vota\u00e7\u00e3o? Qual \u00e9 a sua mentalidade e qual \u00e9 a sua qual \u00e9 a sua estrat\u00e9gia?<\/strong><\/p>\n<p>R: Apenas fazer qualquer coisa nessa arena \u00e9 dif\u00edcil estar no partido minorit\u00e1rio. Digo aos jovens quando estou conversando com eles que voc\u00ea precisa ser flex\u00edvel em sua jornada. Voc\u00ea nunca sabe para onde sua jornada o levar\u00e1 e como voc\u00ea vai pousar.<\/p>\n<p>Eu era um educador antes de vir aqui. Eu trabalhei no escrit\u00f3rio de elei\u00e7\u00f5es de supervis\u00e3o depois de deixar o sistema escolar e n\u00e3o fazia ideia de que essas duas coisas me beneficiariam da maneira que eles est\u00e3o me beneficiando. E eu lhe conto essa hist\u00f3ria porque estava no escrit\u00f3rio das elei\u00e7\u00f5es. Eu estava realizando elei\u00e7\u00f5es para meio milh\u00e3o de pessoas aqui no condado de Duval, mas cheguei a um ponto em que as pessoas n\u00e3o me viram como Tracie, o democrata, realizando suas elei\u00e7\u00f5es. As pessoas nas elei\u00e7\u00f5es come\u00e7aram a me ver como apenas Tracie que conduziu suas elei\u00e7\u00f5es, e isso me beneficiou quando eu fui \u00e0 casa da Fl\u00f3rida como representante, e como eu manobrava para perceber: &#8216;Ei, ok, vou trabalhar com meus colegas democratas todos os dias, o dia todo.<\/p>\n<p>Mas, ao mesmo tempo, para beneficiar minha comunidade, tenho que poder trabalhar do outro lado do corredor. Eu tenho que ser capaz de ter relacionamentos com meus colegas do outro lado do corredor, para poder trazer d\u00f3lares e centavos de volta a Jacksonville e ser capaz de ouvir a legisla\u00e7\u00e3o, se esse fosse meu objetivo. Ent\u00e3o esse se tornou meu modo de opera\u00e7\u00e3o. <\/p>\n<p><strong>P: Voc\u00ea fala sobre o que \u00e9 preciso para trabalhar com seus colegas republicanos. O que \u00e9 preciso para virar assentos no Senado e come\u00e7ar a recuperar a tra\u00e7\u00e3o?<\/strong><\/p>\n<p>R: Est\u00e1 trabalhando para uma mudan\u00e7a do meio ambiente como um todo. Isso est\u00e1 assistindo para ver o que acontece no n\u00edvel federal e como isso chega a nossos condados locais e ao estado. Definitivamente, vai demorar muito dinheiro para fazer isso, como vimos na (democrata) Darrell Parks versus (republicana) Corey Simon (Distrito 3). Isso foi em uma corrida muito cara, e foi uma que nos afastamos de n\u00e3o ganhar.<\/p>\n<p>Mas quero garantir que as pessoas estejam cientes de que estamos olhando para os n\u00fameros e estamos olhando para esses lugares como s\u00e3o. E se \u00e9 algo que parece vi\u00e1vel encontrarmos um \u00f3timo candidato para colocar nessa corrida e apoiar esse candidato nessa corrida, vamos fazer isso. Vamos arrecadar dinheiro para fazer isso. Voc\u00ea sabe, para os democratas, \u00e9 sempre uma mensagem para n\u00f3s e isso sempre nos atormentou de maneira negativa, e vamos ficar melhores do que isso. A primeira coisa que precisamos fazer \u00e9 ser honesto conosco para saber onde est\u00e3o nossas falhas. E nos \u00faltimos dois anos, simplesmente n\u00e3o tivemos as mensagens que se conectaram \u00e0 nossa base, e precisamos voltar a isso. <\/p>\n<p><a href=\"https:\/\/jaxtoday.org\/2025\/05\/07\/qa-rep-dean-black-says-property-tax-reform-will-take-time\/\"><strong>Leia mais:<\/strong> Ver <em>Jacksonville hoje<\/em>Q&#038;A com o deputado estadual Dean Black<\/a><\/p>\n<p><strong>P: Havia uma estrutura de or\u00e7amento acordada entre os republicanos da C\u00e2mara e do Senado na sexta -feira antes da sess\u00e3o de sess\u00e3o. Ainda h\u00e1 muitas negocia\u00e7\u00f5es para fazer. Qual \u00e9 a sua previs\u00e3o sobre como o Golfo ser\u00e1 fechado e o que isso significar\u00e1 para seus eleitores?<\/strong><\/p>\n<p>R: Esta \u00e9 a primeira (para mim) que entra em uma resolu\u00e7\u00e3o simult\u00e2nea para estender a sess\u00e3o de semanas. Se uma estrutura significa que podemos ver um meio termo ou se uma estrutura significa que temos algo que esperamos trabalhar para chegar a esse meio termo, sinceramente n\u00e3o sei o que isso significa. Espero que isso signifique que criamos um shell para garantir que as duas c\u00e2maras tenham uma conversa continuada para nos levar aonde precisamos chegar ao al\u00edvio fiscal e medidas pol\u00edticas e alguns desses grandes itens de negocia\u00e7\u00e3o, como o <a href=\"https:\/\/jaxtoday.org\/2025\/05\/05\/10-takeaways-from-floridas-legislative-session\/\">Renascen\u00e7a rural<\/a> medir que est\u00e1vamos conversando por v\u00e1rias semanas. Pessoas, nossos residentes, nossos constituintes e as pessoas deste estado dependem de n\u00f3s. E para estar em uma sess\u00e3o por 60 dias e ainda sa\u00edmos com um produto e trabalho a ser feito, estou decepcionado e sei que as pessoas desse estado tamb\u00e9m est\u00e3o decepcionadas.<\/p>\n<p><strong>P: Voc\u00ea apoia uma medida de corte de impostos de algum n\u00famero? Voc\u00ea tem reservas sobre quanto a lideran\u00e7a no Partido Republicano quer reduzir a receita?<\/strong><\/p>\n<p>R: Sempre fizemos o al\u00edvio dos impostos sobre vendas e os cortes de impostos. Ent\u00e3o, eu apoio isso, porque voltamos. Nos \u00faltimos anos em que estive l\u00e1, voltamos com alguns pacotes de ajuda fiscal muito fortes para as pessoas deste estado. Eu apoio isso. O corte de impostos em torno da quest\u00e3o do imposto sobre a propriedade, sou muito c\u00e9tico. N\u00e3o tenho certeza de como isso funciona. Isso precisa ser estudado mais em um estudo (Escrit\u00f3rio de An\u00e1lise de Pol\u00edticas de Programa e Responsabilidade do Governo)-do tipo antes de darmos esse passo.<\/p>\n<p><strong>P: Sua preocupa\u00e7\u00e3o \u00e9 com os munic\u00edpios e os governos locais?<\/strong><\/p>\n<p>A: Absolutamente. Como esses servi\u00e7os ser\u00e3o atendidos? Como eles ser\u00e3o pagos? Isso \u00e9 uma medida constitucional? Isso \u00e9 algo em que os eleitores devem votar? Tenho muitas perguntas sobre como chegamos l\u00e1 que ainda n\u00e3o foram respondidas. <\/p>\n<p><strong>P: A cobertura do Medicaid para mulheres, incluindo elegibilidade presuntiva para mulheres gr\u00e1vidas e para a cobertura de mamografia, foi um foco para voc\u00ea nesta sess\u00e3o. Por que isso \u00e9 algo que voc\u00ea usou sua energia?<\/strong><\/p>\n<p>R: Garantindo que as mulheres estejam cuidando de si mesmas &#8211; as mulheres est\u00e3o na vanguarda de todas as nossas conversas, meninas se desenvolvendo em mulheres jovens, mulheres gr\u00e1vidas e nossos beb\u00eas. Apenas sendo m\u00e3e e mulher, que acabou de se tornar, nos \u00faltimos dois anos, algo em que me concentrei. Fa\u00e7o localmente um ch\u00e1 de beb\u00ea comunit\u00e1rio, s\u00f3 porque estou envolvido desde que fui eleito com o nordeste da Fl\u00f3rida, e \u00e9 da\u00ed que veio o ch\u00e1 de beb\u00ea da comunidade. Entrando nessa instala\u00e7\u00e3o pela primeira vez em 2017 e percebendo todos os servi\u00e7os que eles prestaram que eu, como mulher que morava aqui na comunidade, n\u00e3o conhecia &#8211; os servi\u00e7os que prestam \u00e0s mulheres, os servi\u00e7os que prestam a mulheres gr\u00e1vidas, os servi\u00e7os que eles prestam depois que o beb\u00ea est\u00e1 aqui, os servi\u00e7os que prestavam para os pais e a fam\u00edlia como um todo.<\/p>\n<p>O Condado de Duval tem uma taxa de mortalidade muito alta. Ele caiu nos \u00faltimos anos, mas ainda \u00e9 bem alto, e \u00e9 uma separa\u00e7\u00e3o. Nossas m\u00e3es brancas passam por coisas diferentes das nossas m\u00e3es negras. Existem muitos determinantes sociais que afetam as m\u00e3es negras e sua sa\u00fade materna. Eles se estressam um pouco l\u00e1 em sua casa, meio ambiente, transporte, emprego. Todas as m\u00e3es e todas as m\u00e3es gr\u00e1vidas podem sofrer com isso at\u00e9 certo ponto. S\u00f3 que nossas m\u00e3es negras e marrons sofrem um pouco mais, criando mais uma taxa de mortalidade mais alta.<\/p>\n<p>\u00c9 da\u00ed que veio os cuidados presumidos, que garantem que, no terreno e em nossos consult\u00f3rios m\u00e9dicos, estamos ouvindo muito sobre como a cobertura tempor\u00e1ria do Medicaid n\u00e3o \u00e9 longa o suficiente para as m\u00e3es entrarem para realmente ver o m\u00e9dico sob esse cuidado tempor\u00e1rio. Os 60 dias que s\u00e3o dados, as m\u00e3es est\u00e3o perdendo compromissos. A papelada deles n\u00e3o est\u00e1 sendo preenchida com o tempo e, assim, quando eles realmente podem ver o m\u00e9dico, esse per\u00edodo tempor\u00e1rio vendeu e ainda n\u00e3o est\u00e3o totalmente cobertos pelo Medicaid. Est\u00e1vamos tentando expandir o tempo de elegibilidade para que o tempo tempor\u00e1rio os cubra. Que <a href=\"https:\/\/www.flsenate.gov\/Session\/Bill\/2025\/968\" rel=\"nofollow noopener\" target=\"_blank\">conta<\/a> foi escrito como um piloto de 10 anos para reunir os dados. Eu n\u00e3o gosto de programas piloto. Esse projeto n\u00e3o foi a lugar nenhum, mas come\u00e7amos a ter conversas que o colocaram na vanguarda do Comit\u00ea de Sa\u00fade do Senado para dizer: &#8220;Ei, isso \u00e9 algo em que vou trabalhar a partir de agora, mas n\u00e3o vamos fazer isso como piloto&#8221;.<\/p>\n<p><strong>P: Qual \u00e9 a sua opini\u00e3o sobre o impulso cont\u00ednuo a esta sess\u00e3o para maior expans\u00e3o das escolas charter, e como as escolas p\u00fablicas tradicionais consideradas de baixo desempenho continuam a obter os recursos para garantir que sejam competitivos?<\/strong><\/p>\n<p>R: O tema foi Let&#8217;s Expand Charter Schools, vamos expandir as escolas da esperan\u00e7a, vamos garantir que nosso p\u00fablico tradicional n\u00e3o possa vender, arrendar ou cobrar aluguel para escolas charter, e elas n\u00e3o podem vender, arrendar ou alugar suas propriedades. Sei que estamos tentando facilitar as escolas charter, mas voc\u00ea n\u00e3o est\u00e1 permitindo que as escolas p\u00fablicas tradicionais os cobrem aluguel. E ent\u00e3o as escolas charter foram dadas em um projeto de lei o primeiro direito de recusa para qualquer uma dessas coisas. Ent\u00e3o, definitivamente, est\u00e1 na veia de que ainda estamos tentando criar esse modelo de neg\u00f3cios para substituir nossas escolas p\u00fablicas tradicionais, e \u00e9 a\u00ed que eu estou. <\/p>\n<p><em>Nota do editor: Esta sess\u00e3o de perguntas e respostas foi editada e condensada para clareza. <\/em><\/p>\n<\/div>\n<p><br \/>\n<br \/><a href=\"https:\/\/jaxtoday.org\/2025\/05\/07\/qa-sen-tracie-davis-reflects-on-legislating-as-a-democrat-in-florida\/\">Source link <\/a><\/p>","protected":false},"excerpt":{"rendered":"<p>Os legisladores estaduais da Fl\u00f3rida est\u00e3o prontos para as horas extras na sess\u00e3o de 2025, e o senador Tracie Davis-l\u00edder democrata pr\u00f3-TEM e um dos angariadores de fundos do Comit\u00ea&hellip;<\/p>","protected":false},"author":1,"featured_media":104539,"comment_status":"closed","ping_status":"open","sticky":false,"template":"","format":"standard","meta":{"content-type":"","footnotes":""},"categories":[1],"tags":[],"class_list":["post-118036","post","type-post","status-publish","format-standard","has-post-thumbnail","hentry","category-uncategorized"],"_links":{"self":[{"href":"https:\/\/tvbrazilusa.com\/pt\/wp-json\/wp\/v2\/posts\/118036","targetHints":{"allow":["GET"]}}],"collection":[{"href":"https:\/\/tvbrazilusa.com\/pt\/wp-json\/wp\/v2\/posts"}],"about":[{"href":"https:\/\/tvbrazilusa.com\/pt\/wp-json\/wp\/v2\/types\/post"}],"author":[{"embeddable":true,"href":"https:\/\/tvbrazilusa.com\/pt\/wp-json\/wp\/v2\/users\/1"}],"replies":[{"embeddable":true,"href":"https:\/\/tvbrazilusa.com\/pt\/wp-json\/wp\/v2\/comments?post=118036"}],"version-history":[{"count":1,"href":"https:\/\/tvbrazilusa.com\/pt\/wp-json\/wp\/v2\/posts\/118036\/revisions"}],"predecessor-version":[{"id":118037,"href":"https:\/\/tvbrazilusa.com\/pt\/wp-json\/wp\/v2\/posts\/118036\/revisions\/118037"}],"wp:featuredmedia":[{"embeddable":true,"href":"https:\/\/tvbrazilusa.com\/pt\/wp-json\/wp\/v2\/media\/104539"}],"wp:attachment":[{"href":"https:\/\/tvbrazilusa.com\/pt\/wp-json\/wp\/v2\/media?parent=118036"}],"wp:term":[{"taxonomy":"category","embeddable":true,"href":"https:\/\/tvbrazilusa.com\/pt\/wp-json\/wp\/v2\/categories?post=118036"},{"taxonomy":"post_tag","embeddable":true,"href":"https:\/\/tvbrazilusa.com\/pt\/wp-json\/wp\/v2\/tags?post=118036"}],"curies":[{"name":"wp","href":"https:\/\/api.w.org\/{rel}","templated":true}]}}