{"id":118041,"date":"2025-05-07T20:18:27","date_gmt":"2025-05-07T20:18:27","guid":{"rendered":"https:\/\/tvbrazilusa.com\/2025\/05\/07\/jacksonville-abre-o-primeiro-de-4-centros-de-empreendedores-jacksonville-hoje\/"},"modified":"2025-05-07T20:28:34","modified_gmt":"2025-05-07T20:28:34","slug":"jacksonville-abre-o-primeiro-de-4-centros-de-empreendedores-jacksonville-hoje","status":"publish","type":"post","link":"https:\/\/tvbrazilusa.com\/pt\/2025\/05\/07\/jacksonville-abre-o-primeiro-de-4-centros-de-empreendedores-jacksonville-hoje\/","title":{"rendered":"Jacksonville abre o primeiro de 4 centros de empreendedores | Jacksonville hoje"},"content":{"rendered":"<p> <script async src=\"https:\/\/pagead2.googlesyndication.com\/pagead\/js\/adsbygoogle.js?client=ca-pub-8864793242727901\"\r\n     crossorigin=\"anonymous\"><\/script><br \/>\n<\/p>\n<div>\n<p>A cidade escolheu esta semana &#8211; Semana Nacional para Pequenas Empresas &#8211; para cortar a fita quarta -feira no primeiro Centro de Desenvolvimento da For\u00e7a de Trabalho de Empreendedorismo em Jacksonville.<\/p>\n<p>A localiza\u00e7\u00e3o em Brentwood \u00e9 o local de uma antiga loja de bebidas que a cidade comprou ap\u00f3s protestar de moradores pr\u00f3ximos. <\/p>\n<p>Gerenciado pela cidade <a href=\"https:\/\/www.google.com\/search?cs=0&#038;sca_esv=44785faec4b38403&#038;q=Jacksonville+Small+and+Emerging+Business&#038;sa=X&#038;ved=2ahUKEwjj_K2E45GNAxUpfTABHdmMIZcQxccNegQIAhAB&#038;mstk=AUtExfBwbDv_c3S8cpjXnx4pPBECe7k8XlG9p1mBOqIu8Byi-sbSWU0PCIdxr6HYHpw4oajBi-XrBVdWjRNHmYvM5okQISOs0FVKg2LWSavPGGtzId_spJieWU2YHN-jbPCOly4LNBD6L98UeieP3G3nBQAAsFK1BSbipSyxD3unHSxdzh_55yUFJtpgnSmxtbwR-zjn&#038;csui=3\" rel=\"nofollow noopener\" target=\"_blank\">Neg\u00f3cios pequenos e emergentes<\/a> O Programa, apelidado de &#8220;J-Seb&#8221;, o Centro de Empreendedorismo do Golfair Boulevard fornecer\u00e1 acesso a recursos gratuitos e oferecer\u00e1 oficinas gratuitas sobre coisas como alfabetiza\u00e7\u00e3o financeira e certifica\u00e7\u00f5es do setor.  <\/p>\n<p>O contratado Vontrell Mitchell \u00e9 dono de um neg\u00f3cio de limpeza de terras, iniciado por seu pai h\u00e1 20 anos.<\/p>\n<p>&#8220;O programa J-SEB nos ensinou tr\u00eas coisas: uma, como fazer neg\u00f3cios com a cidade. Dois, como localizar oportunidades com a cidade. E tr\u00eas, como competir e ganhar algumas dessas mesmas oportunidades&#8221;.  <\/p>\n<p>Mais tr\u00eas centros de desenvolvimento de neg\u00f3cios est\u00e3o planejados em Jacksonville: na biblioteca principal, no centro da cidade, no Phoenix Arts District em Springfield e no Cecil Commerce Center, no Westside.<\/p>\n<\/div>\n<p><br \/>\n<br \/><a href=\"https:\/\/jaxtoday.org\/2025\/05\/07\/jacksonville-opens-entrepreneur-center-in-brentwood\/\">Source link <\/a><\/p>","protected":false},"excerpt":{"rendered":"<p>A cidade escolheu esta semana &#8211; Semana Nacional para Pequenas Empresas &#8211; para cortar a fita quarta -feira no primeiro Centro de Desenvolvimento da For\u00e7a de Trabalho de Empreendedorismo em&hellip;<\/p>","protected":false},"author":1,"featured_media":118042,"comment_status":"closed","ping_status":"open","sticky":false,"template":"","format":"standard","meta":{"content-type":"","footnotes":""},"categories":[1],"tags":[],"class_list":["post-118041","post","type-post","status-publish","format-standard","has-post-thumbnail","hentry","category-uncategorized"],"_links":{"self":[{"href":"https:\/\/tvbrazilusa.com\/pt\/wp-json\/wp\/v2\/posts\/118041","targetHints":{"allow":["GET"]}}],"collection":[{"href":"https:\/\/tvbrazilusa.com\/pt\/wp-json\/wp\/v2\/posts"}],"about":[{"href":"https:\/\/tvbrazilusa.com\/pt\/wp-json\/wp\/v2\/types\/post"}],"author":[{"embeddable":true,"href":"https:\/\/tvbrazilusa.com\/pt\/wp-json\/wp\/v2\/users\/1"}],"replies":[{"embeddable":true,"href":"https:\/\/tvbrazilusa.com\/pt\/wp-json\/wp\/v2\/comments?post=118041"}],"version-history":[{"count":1,"href":"https:\/\/tvbrazilusa.com\/pt\/wp-json\/wp\/v2\/posts\/118041\/revisions"}],"predecessor-version":[{"id":118043,"href":"https:\/\/tvbrazilusa.com\/pt\/wp-json\/wp\/v2\/posts\/118041\/revisions\/118043"}],"wp:featuredmedia":[{"embeddable":true,"href":"https:\/\/tvbrazilusa.com\/pt\/wp-json\/wp\/v2\/media\/118042"}],"wp:attachment":[{"href":"https:\/\/tvbrazilusa.com\/pt\/wp-json\/wp\/v2\/media?parent=118041"}],"wp:term":[{"taxonomy":"category","embeddable":true,"href":"https:\/\/tvbrazilusa.com\/pt\/wp-json\/wp\/v2\/categories?post=118041"},{"taxonomy":"post_tag","embeddable":true,"href":"https:\/\/tvbrazilusa.com\/pt\/wp-json\/wp\/v2\/tags?post=118041"}],"curies":[{"name":"wp","href":"https:\/\/api.w.org\/{rel}","templated":true}]}}