{"id":118097,"date":"2025-05-08T16:42:37","date_gmt":"2025-05-08T16:42:37","guid":{"rendered":"https:\/\/tvbrazilusa.com\/2025\/05\/08\/o-condado-de-st-johns-retribui-o-plano-de-demolir-a-prisao-antiga-jacksonville-hoje\/"},"modified":"2025-05-08T16:57:10","modified_gmt":"2025-05-08T16:57:10","slug":"o-condado-de-st-johns-retribui-o-plano-de-demolir-a-prisao-antiga-jacksonville-hoje","status":"publish","type":"post","link":"https:\/\/tvbrazilusa.com\/pt\/2025\/05\/08\/o-condado-de-st-johns-retribui-o-plano-de-demolir-a-prisao-antiga-jacksonville-hoje\/","title":{"rendered":"O Condado de St. Johns retribui o plano de demolir a pris\u00e3o antiga | Jacksonville hoje"},"content":{"rendered":"<p> <script async src=\"https:\/\/pagead2.googlesyndication.com\/pagead\/js\/adsbygoogle.js?client=ca-pub-8864793242727901\"\r\n     crossorigin=\"anonymous\"><\/script><br \/>\n<\/p>\n<div>\n<p>O condado de St. Johns diz que um plano para demolir um antigo pr\u00e9dio da pris\u00e3o, onde o Dr. Martin Luther King Jr. foi preso em Santo Agostinho n\u00e3o est\u00e1 mais na mesa <a href=\"https:\/\/jaxtoday.org\/2025\/02\/04\/advocates-try-to-save-civil-rights-landmark-in-st-johns-county\/\">Depois que os ativistas da comunidade se opuseram ao plano<\/a>.<\/p>\n<p>Dirigindo-se \u00e0 Comiss\u00e3o do Condado de St. Johns nesta semana, o administrador do condado Joy Andrews disse que as autoridades est\u00e3o agora procurando uma maneira econ\u00f4mica de transformar o pr\u00e9dio vazio no complexo administrativo do escrit\u00f3rio do xerife do St. Johns em espa\u00e7o de escrit\u00f3rio. <\/p>\n<p>&#8220;Acho que a decis\u00e3o coletiva da equipe foi avan\u00e7ar para renovar a estrutura da pris\u00e3o, porque \u00e9 uma estrutura muito s\u00f3lida e \u00e9 muito caro recriar uma estrutura como essa&#8221;, disse Andrews. <\/p>\n<p>Ela disse que o condado tamb\u00e9m est\u00e1 olhando para preserv\u00e1 -lo para fins hist\u00f3ricos.<\/p>\n<p>Constru\u00edda na d\u00e9cada de 1950, o edif\u00edcio despretensioso escondido no complexo em Lewis Speedway serviu como pris\u00e3o do condado por anos. O pr\u00e9dio da pris\u00e3o \u00e9 onde ativistas de direitos civis, incluindo King e <a href=\"https:\/\/jaxtoday.org\/2024\/05\/27\/son-of-most-arrested-rabbi-in-america-traces-his-fathers-steps-in-st-augustine\/\">um grupo de rabinos<\/a>foram enviados depois de terem sido presos durante protestos contra a segrega\u00e7\u00e3o na d\u00e9cada de 1960.<\/p>\n<p>Quando os defensores da preserva\u00e7\u00e3o hist\u00f3rica perceberam no in\u00edcio deste ano que o munic\u00edpio estava considerando demolir o pr\u00e9dio, eles agiram rapidamente. <\/p>\n<p>Rabino Merrill Shapiro, o chefe da Sociedade Hist\u00f3rica Judaica de Santo Agostinho, <a href=\"https:\/\/www.change.org\/p\/preserve-the-historic-st-johns-county-jail-annex-and-honor-its-civil-rights-legacy\" rel=\"nofollow noopener\" target=\"_blank\">lan\u00e7ou uma peti\u00e7\u00e3o online<\/a> Para salvar o pr\u00e9dio. Desde ent\u00e3o, recebeu quase 1.000 assinaturas.<\/p>\n<p>Falando com <em>Jacksonville hoje <\/em>No in\u00edcio deste ano, o xerife St. Johns Rob Hardwick disse que havia conversado com membros das comunidades negras e judaicas e n\u00e3o esperava tanta oposi\u00e7\u00e3o \u00e0 sua remo\u00e7\u00e3o. O edif\u00edcio n\u00e3o \u00e9 usado como pris\u00e3o h\u00e1 d\u00e9cadas, e qualquer material historicamente significativo tem sido removido h\u00e1 muito tempo. <\/p>\n<p>Mas Shapiro diz que \u00e9 mais do que apenas o que est\u00e1 dentro do edif\u00edcio &#8211; \u00e9 sobre o que o edif\u00edcio representa. <\/p>\n<p>&#8220;A conex\u00e3o com o mundo judaico e o mundo dos direitos civis para os afro -americanos em nosso pa\u00eds&#8221;, disse Shapiro. &#8220;Existem poucos lugares em nosso pa\u00eds que t\u00eam tal interse\u00e7\u00e3o.&#8221; <\/p>\n<div class=\"wp-block-image\">\n<figure class=\"aligncenter size-full is-resized\"><figcaption class=\"wp-element-caption\">O rabino Israel Dresner com o Rev. Martin Luther King Jr. no in\u00edcio dos anos 1960. | Wikimedia Commons<\/figcaption><\/figure>\n<\/div>\n<p>Shapiro planeja reconhecer a import\u00e2ncia dessa conex\u00e3o no pr\u00f3ximo m\u00eas durante a leitura anual de &#8220;Why foi&#8221;, a carta foi presa por um grupo de rabinos (e um administrador) que respondeu ao chamado de King para vir a Santo Agostinho para protestar contra a segrega\u00e7\u00e3o. <\/p>\n<p>A Sociedade Hist\u00f3rica Judaica de Santo Agostinho j\u00e1 havia sediado a leitura no antigo local do Monson Motor Lodge, onde o propriet\u00e1rio James Brock derramou \u00e1cido em um grupo de manifestantes que saltaram na piscina segregada do alojamento <a href=\"https:\/\/www.npr.org\/2014\/06\/13\/321380585\/remembering-a-civil-rights-swim-in-it-was-a-milestone\" rel=\"nofollow noopener\" target=\"_blank\">Como um ato de protesto<\/a>. Este ano, Shapiro diz que a leitura ser\u00e1 realizada nos degraus do antigo pr\u00e9dio da pris\u00e3o, onde o rei, os rabinos e outros ativistas foram presos. <\/p>\n<p>Al\u00e9m de uma leitura da carta escrita pelos rabinos, o evento de 18 de junho tamb\u00e9m incluir\u00e1 uma leitura da carta que rei enviada ao rabino Israel Dresner pedindo que ele venha a Santo Agostinho com tantos rabinos que ele conseguia encontrar quem estava disposto a ser preso para combater a segrega\u00e7\u00e3o. Essa carta ser\u00e1 lida este ano pelo filho de Dresner, Avi Dresner.<\/p>\n<\/div>\n<p><br \/>\n<br \/><a href=\"https:\/\/jaxtoday.org\/2025\/05\/08\/st-johns-county-backs-off-plan-to-demolish-old-jail\/\">Source link <\/a><\/p>","protected":false},"excerpt":{"rendered":"<p>O condado de St. Johns diz que um plano para demolir um antigo pr\u00e9dio da pris\u00e3o, onde o Dr. Martin Luther King Jr. foi preso em Santo Agostinho n\u00e3o est\u00e1&hellip;<\/p>","protected":false},"author":1,"featured_media":118098,"comment_status":"closed","ping_status":"open","sticky":false,"template":"","format":"standard","meta":{"content-type":"","footnotes":""},"categories":[1],"tags":[],"class_list":["post-118097","post","type-post","status-publish","format-standard","has-post-thumbnail","hentry","category-uncategorized"],"_links":{"self":[{"href":"https:\/\/tvbrazilusa.com\/pt\/wp-json\/wp\/v2\/posts\/118097","targetHints":{"allow":["GET"]}}],"collection":[{"href":"https:\/\/tvbrazilusa.com\/pt\/wp-json\/wp\/v2\/posts"}],"about":[{"href":"https:\/\/tvbrazilusa.com\/pt\/wp-json\/wp\/v2\/types\/post"}],"author":[{"embeddable":true,"href":"https:\/\/tvbrazilusa.com\/pt\/wp-json\/wp\/v2\/users\/1"}],"replies":[{"embeddable":true,"href":"https:\/\/tvbrazilusa.com\/pt\/wp-json\/wp\/v2\/comments?post=118097"}],"version-history":[{"count":1,"href":"https:\/\/tvbrazilusa.com\/pt\/wp-json\/wp\/v2\/posts\/118097\/revisions"}],"predecessor-version":[{"id":118099,"href":"https:\/\/tvbrazilusa.com\/pt\/wp-json\/wp\/v2\/posts\/118097\/revisions\/118099"}],"wp:featuredmedia":[{"embeddable":true,"href":"https:\/\/tvbrazilusa.com\/pt\/wp-json\/wp\/v2\/media\/118098"}],"wp:attachment":[{"href":"https:\/\/tvbrazilusa.com\/pt\/wp-json\/wp\/v2\/media?parent=118097"}],"wp:term":[{"taxonomy":"category","embeddable":true,"href":"https:\/\/tvbrazilusa.com\/pt\/wp-json\/wp\/v2\/categories?post=118097"},{"taxonomy":"post_tag","embeddable":true,"href":"https:\/\/tvbrazilusa.com\/pt\/wp-json\/wp\/v2\/tags?post=118097"}],"curies":[{"name":"wp","href":"https:\/\/api.w.org\/{rel}","templated":true}]}}