{"id":118103,"date":"2025-05-08T18:19:34","date_gmt":"2025-05-08T18:19:34","guid":{"rendered":"https:\/\/tvbrazilusa.com\/2025\/05\/08\/lideres-da-igreja-de-connecticut-legisladores-reagem-a-eleicao-de-novo-papa\/"},"modified":"2025-05-08T18:28:08","modified_gmt":"2025-05-08T18:28:08","slug":"lideres-da-igreja-de-connecticut-legisladores-reagem-a-eleicao-de-novo-papa","status":"publish","type":"post","link":"https:\/\/tvbrazilusa.com\/pt\/2025\/05\/08\/lideres-da-igreja-de-connecticut-legisladores-reagem-a-eleicao-de-novo-papa\/","title":{"rendered":"L\u00edderes da igreja de Connecticut, legisladores reagem \u00e0 elei\u00e7\u00e3o de novo papa"},"content":{"rendered":"<script async src=\"https:\/\/pagead2.googlesyndication.com\/pagead\/js\/adsbygoogle.js?client=ca-pub-8864793242727901\"\r\n     crossorigin=\"anonymous\"><\/script>\n<p><em>O arcebispo Christopher J. Coyne far\u00e1 perguntas da m\u00eddia por volta das 15h, o News 8 ser\u00e1 transmitido ao vivo suas observa\u00e7\u00f5es no player de v\u00eddeo acima. <\/em><\/p>\n<p>CONNECTICUT (WTNH) &#8211; Uma grande multid\u00e3o na pra\u00e7a de S\u00e3o Pedro explodiu em aplausos na quinta -feira, quando o sucessor do papa Francisco foi anunciado como o Papa Leo XIV, o americano Robert Prevost. <\/p>\n<p>Em Connecticut, os funcion\u00e1rios da igreja regional e os legisladores reagiram \u00e0s not\u00edcias. Veja suas declara\u00e7\u00f5es abaixo. <\/p>\n<h2 class=\"wp-block-heading\">Bispo Richard F. Reidy, da Diocese de Norwich <\/h2>\n<p><em>\u201cJunto -me aos fi\u00e9is em toda a diocese de Norwich e em todo o mundo, oferecendo agradecimentos sinceros a Deus pela elei\u00e7\u00e3o de nosso novo Santo Padre, o Papa Leo Xiv.<\/em><\/p>\n<p><em>Tendo sido nomeada pelo Papa Francisco apenas alguns meses antes de sua morte, eu levo comigo um profundo senso de gratid\u00e3o por seu cuidado paterno e testemunha incans\u00e1vel do evangelho. Sua humildade, coragem e cora\u00e7\u00e3o pastoral inspiraram in\u00fameras almas, incluindo a minha.<\/em><\/p>\n<p><em>Agora, ao recebermos o Papa Leo XIV, confiamos seu minist\u00e9rio \u00e0 orienta\u00e7\u00e3o do Esp\u00edrito Santo e ao cuidado materno da aben\u00e7oada Virgem Maria. Que sua lideran\u00e7a se aproximasse da Igreja cada vez mais perto de Cristo, e ele pode ser fortalecido em sua miss\u00e3o de proclamar a verdade no amor a um mundo que precisa de miseric\u00f3rdia, paz e f\u00e9. \u201d<\/em><\/p>\n<p>O bispo Reidy, ordenado para o episcopado em 29 de abril de 2025, foi nomeado pelo Papa Francisco no in\u00edcio de fevereiro e serve como o sexto bispo de Norwich.<\/p>\n<h2 class=\"wp-block-heading\">Governador Ned Lamont<\/h2>\n<p>&#8220;<em>Hoje \u00e9 um dia comemorativo para milh\u00f5es de cat\u00f3licos em todo o mundo. Minhas ora\u00e7\u00f5es est\u00e3o com o papa Leo XIV, enquanto ele guia a igreja e lidera com sabedoria, f\u00e9 e compaix\u00e3o.<\/em>&#8220;<\/p>\n<h2 class=\"wp-block-heading\">Congressista Rosa DeLauro (D-CT-03)<\/h2>\n<p><em>&#8220;Este \u00e9 um momento hist\u00f3rico, enquanto o primeiro americano se prepara para liderar a Igreja Cat\u00f3lica. O Papa Leo XIV &#8211; estou orando pelo seu sucesso, sua sabedoria e sua clareza moral em orientar a igreja nesses tempos dif\u00edceis.<\/em><\/p>\n<p><em>Leo XIII era o pai do ensino social cat\u00f3lico &#8211; lembrando -nos da import\u00e2ncia de afirmar os direitos e a dignidade dos trabalhadores. Espero que Leo Xiv siga sua tradi\u00e7\u00e3o. &#8220;<\/em><\/p>\n<p><a href=\"https:\/\/x.com\/rosadelauro\/status\/1920532409243623485\"><\/a><\/p>\n<p><br \/>\n<br \/><a href=\"https:\/\/www.wtnh.com\/news\/connecticut\/connecticut-church-leaders-lawmakers-react-to-election-of-new-pope\/\">Source link <\/a><\/p>","protected":false},"excerpt":{"rendered":"<p>O arcebispo Christopher J. Coyne far\u00e1 perguntas da m\u00eddia por volta das 15h, o News 8 ser\u00e1 transmitido ao vivo suas observa\u00e7\u00f5es no player de v\u00eddeo acima. CONNECTICUT (WTNH) &#8211;&hellip;<\/p>","protected":false},"author":1,"featured_media":118104,"comment_status":"closed","ping_status":"open","sticky":false,"template":"","format":"standard","meta":{"content-type":"","footnotes":""},"categories":[1],"tags":[],"class_list":["post-118103","post","type-post","status-publish","format-standard","has-post-thumbnail","hentry","category-uncategorized"],"_links":{"self":[{"href":"https:\/\/tvbrazilusa.com\/pt\/wp-json\/wp\/v2\/posts\/118103","targetHints":{"allow":["GET"]}}],"collection":[{"href":"https:\/\/tvbrazilusa.com\/pt\/wp-json\/wp\/v2\/posts"}],"about":[{"href":"https:\/\/tvbrazilusa.com\/pt\/wp-json\/wp\/v2\/types\/post"}],"author":[{"embeddable":true,"href":"https:\/\/tvbrazilusa.com\/pt\/wp-json\/wp\/v2\/users\/1"}],"replies":[{"embeddable":true,"href":"https:\/\/tvbrazilusa.com\/pt\/wp-json\/wp\/v2\/comments?post=118103"}],"version-history":[{"count":1,"href":"https:\/\/tvbrazilusa.com\/pt\/wp-json\/wp\/v2\/posts\/118103\/revisions"}],"predecessor-version":[{"id":118105,"href":"https:\/\/tvbrazilusa.com\/pt\/wp-json\/wp\/v2\/posts\/118103\/revisions\/118105"}],"wp:featuredmedia":[{"embeddable":true,"href":"https:\/\/tvbrazilusa.com\/pt\/wp-json\/wp\/v2\/media\/118104"}],"wp:attachment":[{"href":"https:\/\/tvbrazilusa.com\/pt\/wp-json\/wp\/v2\/media?parent=118103"}],"wp:term":[{"taxonomy":"category","embeddable":true,"href":"https:\/\/tvbrazilusa.com\/pt\/wp-json\/wp\/v2\/categories?post=118103"},{"taxonomy":"post_tag","embeddable":true,"href":"https:\/\/tvbrazilusa.com\/pt\/wp-json\/wp\/v2\/tags?post=118103"}],"curies":[{"name":"wp","href":"https:\/\/api.w.org\/{rel}","templated":true}]}}