{"id":118118,"date":"2025-05-08T18:39:05","date_gmt":"2025-05-08T18:39:05","guid":{"rendered":"https:\/\/tvbrazilusa.com\/2025\/05\/08\/1o-papa-americano-nomeado-photos\/"},"modified":"2025-05-08T20:08:16","modified_gmt":"2025-05-08T20:08:16","slug":"1o-papa-americano-nomeado-photos","status":"publish","type":"post","link":"https:\/\/tvbrazilusa.com\/pt\/2025\/05\/08\/1o-papa-americano-nomeado-photos\/","title":{"rendered":"1\u00ba papa americano nomeado [PHOTOS]"},"content":{"rendered":"<p> <script async src=\"https:\/\/pagead2.googlesyndication.com\/pagead\/js\/adsbygoogle.js?client=ca-pub-8864793242727901\"\r\n     crossorigin=\"anonymous\"><\/script><br \/>\n<\/p>\n<div>\n<p>Em toda a Am\u00e9rica &#8211; Robert Prevost foi nomeado o primeiro papa americano na hist\u00f3ria da Igreja Cat\u00f3lica. <a href=\"https:\/\/patch.com\/illinois\/across-il\/chicago-native-becomes-first-american-pope\">O nativo de Chicago<\/a> levar\u00e1 o nome do papa Leo XIV. <\/p>\n<\/div>\n<div>\n<p>Em suas primeiras palavras como papa para o povo, o Papa Leo Xiv diz: &#8220;A paz esteja com voc\u00ea&#8221; e depois continua discutindo unidade e amor. <\/p>\n<p>Prevost, que \u00e9 um membro de 69 anos da Ordem Religiosa Agostiniana, apareceu hoje no Loggia da Bas\u00edlica de S\u00e3o Pedro em Completo, incluindo o Cabo Vermelho tradicional do papado. <\/p>\n<\/div>\n<div>\n<p>Prevost ganhou seu Bacharelado em Matem\u00e1tica por <a href=\"https:\/\/patch.com\/pennsylvania\/ardmore\/new-pope-first-american-ever-villanova-grad-what-know\">Villanova em 1977,<\/a> e ingressou na Ordem de Saint Augustine imediatamente ap\u00f3s a gradua\u00e7\u00e3o, de acordo com uma breve biografia no site da Villanova.<\/p>\n<p>Veja fotos deste emocionante dia na hist\u00f3ria abaixo:<\/p>\n<\/div>\n<div>\n<figure><figcaption>O rec\u00e9m -eleito Papa Leo XIV aparece na varanda da Bas\u00edlica de S\u00e3o Pedro no Vaticano, quinta -feira, 8 de maio de 2025. (AP Photo\/Alessandra Tarantino)<\/figcaption><\/figure>\n<hr\/>\n<figure><img decoding=\"async\" data-image=\"22973312-1746727887\" alt=\"\" title=\"\" src=\"https:\/\/patch.com\/img\/cdn20\/ap\/22973312\/20250508\/021126\/styles\/raw\/public\/processed_images\/AP25128641338772.jpg\" data-sizes=\"(min-width: 780px) 726px, 100vw\" srcset=\"https:\/\/patch.com\/img\/cdn20\/ap\/22973312\/20250508\/021126\/styles\/raw\/public\/processed_images\/AP25128641338772.jpg?width=640 640w, https:\/\/patch.com\/img\/cdn20\/ap\/22973312\/20250508\/021126\/styles\/raw\/public\/processed_images\/AP25128641338772.jpg?width=726 726w\"\/><figcaption>O rec\u00e9m -eleito Papa Leo XIV, \u00e0 esquerda, anteriormente o cardeal Robert Francis Prevost, aparece na Loggia Central da Bas\u00edlica de S\u00e3o Pedro no Vaticano logo ap\u00f3s sua elei\u00e7\u00e3o como o 267\u00ba pont\u00edfice da Igreja Cat\u00f3lica Romana, quinta -feira, 8 de maio de 2025. (AP Photo\/Domenico Stinellis)<\/figcaption><\/figure>\n<hr\/>\n<figure><img decoding=\"async\" data-image=\"22973312-1746726691\" alt=\"\" title=\"\" src=\"https:\/\/patch.com\/img\/cdn20\/ap\/22973312\/20250508\/015129\/styles\/raw\/public\/processed_images\/AP25128625300901.jpg\" data-sizes=\"(min-width: 780px) 726px, 100vw\" srcset=\"https:\/\/patch.com\/img\/cdn20\/ap\/22973312\/20250508\/015129\/styles\/raw\/public\/processed_images\/AP25128625300901.jpg?width=640 640w, https:\/\/patch.com\/img\/cdn20\/ap\/22973312\/20250508\/015129\/styles\/raw\/public\/processed_images\/AP25128625300901.jpg?width=726 726w\"\/><figcaption>As pessoas reagem depois que o cardeal Dominique Mamberti anunciou a elei\u00e7\u00e3o do cardeal Robert F. Prevost como o 267\u00ba papa, escolhendo o nome do papa Leo XIV, no Vaticano, quinta -feira, 8 de maio de 2025. (AP Photo\/Luca Bruno)<\/figcaption><\/figure>\n<hr\/>\n<figure><img decoding=\"async\" data-image=\"22973312-1746726714\" alt=\"\" title=\"\" src=\"https:\/\/patch.com\/img\/cdn20\/ap\/22973312\/20250508\/015152\/styles\/raw\/public\/processed_images\/AP25128624630002.jpg\" data-sizes=\"(min-width: 780px) 726px, 100vw\" srcset=\"https:\/\/patch.com\/img\/cdn20\/ap\/22973312\/20250508\/015152\/styles\/raw\/public\/processed_images\/AP25128624630002.jpg?width=640 640w, https:\/\/patch.com\/img\/cdn20\/ap\/22973312\/20250508\/015152\/styles\/raw\/public\/processed_images\/AP25128624630002.jpg?width=726 726w\"\/><figcaption>O cardeal Dominique Mamberti anuncia a elei\u00e7\u00e3o do cardeal Robert F. Prevost como o 267\u00ba papa, escolhendo o nome do papa Leo XIV, no Vaticano, quinta -feira, 8 de maio de 2025. (AP Photo\/Bernat Armangue)<\/figcaption><\/figure>\n<hr\/>\n<figure><img decoding=\"async\" data-image=\"22973312-1746727943\" alt=\"\" title=\"\" src=\"https:\/\/patch.com\/img\/cdn20\/ap\/22973312\/20250508\/021221\/styles\/raw\/public\/processed_images\/AP25128635688140.jpg\" data-sizes=\"(min-width: 780px) 726px, 100vw\" srcset=\"https:\/\/patch.com\/img\/cdn20\/ap\/22973312\/20250508\/021221\/styles\/raw\/public\/processed_images\/AP25128635688140.jpg?width=640 640w, https:\/\/patch.com\/img\/cdn20\/ap\/22973312\/20250508\/021221\/styles\/raw\/public\/processed_images\/AP25128635688140.jpg?width=726 726w\"\/><figcaption>O rec\u00e9m -eleito Papa Leo XIV aparece na varanda da Bas\u00edlica de S\u00e3o Pedro no Vaticano, quinta -feira, 8 de maio de 2025. (AP Photo\/Alessandra Tarantino)<\/figcaption><\/figure>\n<hr\/>\n<figure><img decoding=\"async\" data-image=\"22973312-1746727969\" alt=\"\" title=\"\" src=\"https:\/\/patch.com\/img\/cdn20\/ap\/22973312\/20250508\/021248\/styles\/raw\/public\/processed_images\/AP25128642026882.jpg\" data-sizes=\"(min-width: 780px) 726px, 100vw\" srcset=\"https:\/\/patch.com\/img\/cdn20\/ap\/22973312\/20250508\/021248\/styles\/raw\/public\/processed_images\/AP25128642026882.jpg?width=640 640w, https:\/\/patch.com\/img\/cdn20\/ap\/22973312\/20250508\/021248\/styles\/raw\/public\/processed_images\/AP25128642026882.jpg?width=726 726w\"\/><figcaption>As pessoas reagem como o rec\u00e9m -eleito Papa Leo XIV aparece na varanda da Bas\u00edlica de S\u00e3o Pedro no Vaticano, quinta -feira, 8 de maio de 2025. (AP Photo\/Emilio Morenatti)<\/figcaption><\/figure>\n<hr\/>\n<figure><img decoding=\"async\" data-image=\"22973312-1746726748\" alt=\"\" title=\"\" src=\"https:\/\/patch.com\/img\/cdn20\/ap\/22973312\/20250508\/015226\/styles\/raw\/public\/processed_images\/AP25128583275142.jpg\" data-sizes=\"(min-width: 780px) 726px, 100vw\" srcset=\"https:\/\/patch.com\/img\/cdn20\/ap\/22973312\/20250508\/015226\/styles\/raw\/public\/processed_images\/AP25128583275142.jpg?width=640 640w, https:\/\/patch.com\/img\/cdn20\/ap\/22973312\/20250508\/015226\/styles\/raw\/public\/processed_images\/AP25128583275142.jpg?width=726 726w\"\/><figcaption>Fuma\u00e7a branca surge da chamin\u00e9 da capela sistina durante o conclave para eleger um novo papa, no Vaticano, quinta -feira, 8 de maio de 2025. (AP Photo\/Andrew Medichini)<\/figcaption><\/figure>\n<hr\/>\n<figure><img decoding=\"async\" data-image=\"22973312-1746726777\" alt=\"\" title=\"\" src=\"https:\/\/patch.com\/img\/cdn20\/ap\/22973312\/20250508\/015255\/styles\/raw\/public\/processed_images\/AP25128588878999.jpg\" data-sizes=\"(min-width: 780px) 726px, 100vw\" srcset=\"https:\/\/patch.com\/img\/cdn20\/ap\/22973312\/20250508\/015255\/styles\/raw\/public\/processed_images\/AP25128588878999.jpg?width=640 640w, https:\/\/patch.com\/img\/cdn20\/ap\/22973312\/20250508\/015255\/styles\/raw\/public\/processed_images\/AP25128588878999.jpg?width=726 726w\"\/><figcaption>Os fi\u00e9is seguram uma faixa lendo &#8220;Up With the Papa&#8221;, depois que a fuma\u00e7a branca oscilam da chamin\u00e9 da capela sistina durante o conclave para eleger um novo papa, no Vaticano, quinta -feira, 8 de maio de 2025. (AP Photo\/Andrew Medichini)<\/figcaption><\/figure>\n<hr\/>\n<figure><img decoding=\"async\" data-image=\"22973312-1746726799\" alt=\"\" title=\"\" src=\"https:\/\/patch.com\/img\/cdn20\/ap\/22973312\/20250508\/015317\/styles\/raw\/public\/processed_images\/AP25128615722056.jpg\" data-sizes=\"(min-width: 780px) 726px, 100vw\" srcset=\"https:\/\/patch.com\/img\/cdn20\/ap\/22973312\/20250508\/015317\/styles\/raw\/public\/processed_images\/AP25128615722056.jpg?width=640 640w, https:\/\/patch.com\/img\/cdn20\/ap\/22973312\/20250508\/015317\/styles\/raw\/public\/processed_images\/AP25128615722056.jpg?width=726 726w\"\/><figcaption>Multid\u00f5es torcem na Pra\u00e7a de S\u00e3o Pedro ap\u00f3s a elei\u00e7\u00e3o do 267\u00ba pont\u00edfice da Igreja Cat\u00f3lica Romana, no Vaticano, quinta -feira, 8 de maio de 2025. (AP Photo\/Gregorio Borgia)<\/figcaption><\/figure>\n<hr\/>\n<figure><img decoding=\"async\" data-image=\"22973312-1746728006\" alt=\"\" title=\"\" src=\"https:\/\/patch.com\/img\/cdn20\/ap\/22973312\/20250508\/021324\/styles\/raw\/public\/processed_images\/AP25128642972597.jpg\" data-sizes=\"(min-width: 780px) 726px, 100vw\" srcset=\"https:\/\/patch.com\/img\/cdn20\/ap\/22973312\/20250508\/021324\/styles\/raw\/public\/processed_images\/AP25128642972597.jpg?width=640 640w, https:\/\/patch.com\/img\/cdn20\/ap\/22973312\/20250508\/021324\/styles\/raw\/public\/processed_images\/AP25128642972597.jpg?width=726 726w\"\/><figcaption>As pessoas reagem como o rec\u00e9m -eleito Papa Leo XIV aparece na varanda da Bas\u00edlica de S\u00e3o Pedro no Vaticano, quinta -feira, 8 de maio de 2025. (AP Photo\/Emilio Morenatti)<\/figcaption><\/figure>\n<hr\/>\n<figure><img decoding=\"async\" data-image=\"22973312-1746728029\" alt=\"\" title=\"\" src=\"https:\/\/patch.com\/img\/cdn20\/ap\/22973312\/20250508\/021347\/styles\/raw\/public\/processed_images\/AP25128641024869.jpg\" data-sizes=\"(min-width: 780px) 726px, 100vw\" srcset=\"https:\/\/patch.com\/img\/cdn20\/ap\/22973312\/20250508\/021347\/styles\/raw\/public\/processed_images\/AP25128641024869.jpg?width=640 640w, https:\/\/patch.com\/img\/cdn20\/ap\/22973312\/20250508\/021347\/styles\/raw\/public\/processed_images\/AP25128641024869.jpg?width=726 726w\"\/><figcaption>Faithful det\u00e9m uma bandeira americana ap\u00f3s a elei\u00e7\u00e3o do Papa Leo XIV no Vaticano, quinta -feira, 8 de maio de 2025. (AP Photo\/Andrew Medichini)<\/figcaption><\/figure>\n<hr\/>\n<p><em>A Associated Press contribuiu para este post.<\/em><\/p>\n<\/div>\n<p><br \/>\n<br \/><a href=\"http:\/\/patch.com\/us\/across-america\/first-american-pope-will-take-name-leo-xiv-photos?utm_source=article-mostrecent&#038;utm_medium=rss&#038;utm_term=community%20corner&#038;utm_campaign=recirc&#038;utm_content=aol\">Source link <\/a><\/p>","protected":false},"excerpt":{"rendered":"<p>Em toda a Am\u00e9rica &#8211; Robert Prevost foi nomeado o primeiro papa americano na hist\u00f3ria da Igreja Cat\u00f3lica. O nativo de Chicago levar\u00e1 o nome do papa Leo XIV. Em&hellip;<\/p>","protected":false},"author":1,"featured_media":118119,"comment_status":"closed","ping_status":"open","sticky":false,"template":"","format":"standard","meta":{"content-type":"","footnotes":""},"categories":[1],"tags":[],"class_list":["post-118118","post","type-post","status-publish","format-standard","has-post-thumbnail","hentry","category-uncategorized"],"_links":{"self":[{"href":"https:\/\/tvbrazilusa.com\/pt\/wp-json\/wp\/v2\/posts\/118118","targetHints":{"allow":["GET"]}}],"collection":[{"href":"https:\/\/tvbrazilusa.com\/pt\/wp-json\/wp\/v2\/posts"}],"about":[{"href":"https:\/\/tvbrazilusa.com\/pt\/wp-json\/wp\/v2\/types\/post"}],"author":[{"embeddable":true,"href":"https:\/\/tvbrazilusa.com\/pt\/wp-json\/wp\/v2\/users\/1"}],"replies":[{"embeddable":true,"href":"https:\/\/tvbrazilusa.com\/pt\/wp-json\/wp\/v2\/comments?post=118118"}],"version-history":[{"count":1,"href":"https:\/\/tvbrazilusa.com\/pt\/wp-json\/wp\/v2\/posts\/118118\/revisions"}],"predecessor-version":[{"id":118120,"href":"https:\/\/tvbrazilusa.com\/pt\/wp-json\/wp\/v2\/posts\/118118\/revisions\/118120"}],"wp:featuredmedia":[{"embeddable":true,"href":"https:\/\/tvbrazilusa.com\/pt\/wp-json\/wp\/v2\/media\/118119"}],"wp:attachment":[{"href":"https:\/\/tvbrazilusa.com\/pt\/wp-json\/wp\/v2\/media?parent=118118"}],"wp:term":[{"taxonomy":"category","embeddable":true,"href":"https:\/\/tvbrazilusa.com\/pt\/wp-json\/wp\/v2\/categories?post=118118"},{"taxonomy":"post_tag","embeddable":true,"href":"https:\/\/tvbrazilusa.com\/pt\/wp-json\/wp\/v2\/tags?post=118118"}],"curies":[{"name":"wp","href":"https:\/\/api.w.org\/{rel}","templated":true}]}}