{"id":118168,"date":"2025-05-09T17:16:58","date_gmt":"2025-05-09T17:16:58","guid":{"rendered":"https:\/\/tvbrazilusa.com\/2025\/05\/09\/numero-da-semana-boom-da-escola-catolica-da-florida-jacksonville-hoje\/"},"modified":"2025-05-09T17:43:53","modified_gmt":"2025-05-09T17:43:53","slug":"numero-da-semana-boom-da-escola-catolica-da-florida-jacksonville-hoje","status":"publish","type":"post","link":"https:\/\/tvbrazilusa.com\/pt\/2025\/05\/09\/numero-da-semana-boom-da-escola-catolica-da-florida-jacksonville-hoje\/","title":{"rendered":"N\u00famero da semana | Boom da escola cat\u00f3lica da Fl\u00f3rida | Jacksonville hoje"},"content":{"rendered":"<p> <script async src=\"https:\/\/pagead2.googlesyndication.com\/pagead\/js\/adsbygoogle.js?client=ca-pub-8864793242727901\"\r\n     crossorigin=\"anonymous\"><\/script><br \/>\n<\/p>\n<div>\n<p>Com um novo papa escolhido nos \u00faltimos dois dias, nosso n\u00famero da semana reflete o amor dos floridianos pela Igreja Cat\u00f3lica. <\/p>\n<p>Embora a maioria dos estados tenha visto uma recente diminui\u00e7\u00e3o nas matr\u00edculas nas escolas cat\u00f3licas do ensino fundamental e m\u00e9dio, os n\u00fameros da Fl\u00f3rida est\u00e3o subindo como as asas dos anjos. Nosso n\u00famero da semana \u00e9 o aumento da Fl\u00f3rida na matr\u00edcula escolar cat\u00f3lica na \u00faltima d\u00e9cada: 12,1%. <\/p>\n<figure class=\"wp-block-pullquote\">\n<blockquote>\n<p>12,1%<\/p>\n<\/blockquote>\n<\/figure>\n<p>Isso significa que o estado viu um aumento ao mesmo tempo em que as escolas cat\u00f3licas em todo o pa\u00eds tiveram uma queda de 13,2%, de acordo com a Associa\u00e7\u00e3o Nacional de Educa\u00e7\u00e3o Cat\u00f3lica. Antesendo os estudantes, o fornecedor do programa de cupons da Fl\u00f3rida, chamado de amor de destaque da Fl\u00f3rida pelas escolas cat\u00f3licas de &#8220;uma linha de tend\u00eancia especialmente incr\u00edvel&#8221; em um e-mail recente para os pais dos destinat\u00e1rios. <\/p>\n<div class=\"flourish-embed flourish-chart\" data-src=\"https:\/\/jaxtoday.org\/2025\/05\/09\/number-of-the-week-floridas-catholic-school-boom\/visualisation\/23094019\"><\/div>\n<p>Nos \u00faltimos anos, a Fl\u00f3rida se referiu como um estado modelo para a escolha da escola expandida &#8211; desde o aumento do financiamento para as escolas charter at\u00e9 o estabelecimento de cupons \u201cuniversais\u201d que os pais podem usar para pagar pela escola particular. <\/p>\n<p>\u00c0 medida que a popula\u00e7\u00e3o da Fl\u00f3rida aumentou, as matr\u00edculas em escolas particulares tamb\u00e9m cresceram. <\/p>\n<div class=\"flourish-embed flourish-chart\" data-src=\"https:\/\/jaxtoday.org\/2025\/05\/09\/number-of-the-week-floridas-catholic-school-boom\/visualisation\/23092382\"><img decoding=\"async\" src=\"https:\/\/public.flourish.studio\/visualisation\/23092382\/thumbnail\" width=\"100%\" alt=\"Visualiza\u00e7\u00e3o do gr\u00e1fico\"\/><\/div>\n<p>A grande maioria dos alunos do ensino fundamental e m\u00e9dio da Fl\u00f3rida-cerca de 85%-ainda vai para a escola p\u00fablica (um pouco abaixo da m\u00e9dia nacional de 88% em todo o pa\u00eds, de acordo com o mais recente <a href=\"https:\/\/data.census.gov\/table\/ACSST5Y2023.S1401?t=Education\" rel=\"nofollow noopener\" target=\"_blank\">Dados do censo dos EUA<\/a>). Mesmo antes de a Fl\u00f3rida promulgar vouchers da escola particular para todos, come\u00e7ando no ano letivo de 2023-24, as matr\u00edculas em escolas particulares j\u00e1 estavam em alta. <\/p>\n<p>Na \u00e1rea de Jacksonville em 2023 (o ano mais recente para o qual est\u00e3o dispon\u00edveis dados), as escolas particulares eram mais populares no condado de Baker, onde apenas 81% dos alunos frequentam a escola p\u00fablica. Uma d\u00e9cada antes, 92,3% dos estudantes do condado frequentaram a escola p\u00fablica. <\/p>\n<p>Localmente, as escolas particulares eram menos populares no Condado de St. Johns-o \u00fanico condado local com uma diminui\u00e7\u00e3o nas matr\u00edculas em escolas particulares, de 14,2% para 10,7% dos alunos do ensino fundamental e m\u00e9dio durante aquela d\u00e9cada. <\/p>\n<p>No Condado de Duval, 82,3% frequentaram escolas p\u00fablicas, ante 84,1% 10 anos antes. <\/p>\n<\/div>\n<p><br \/>\n<br \/><a href=\"https:\/\/jaxtoday.org\/2025\/05\/09\/number-of-the-week-floridas-catholic-school-boom\/\">Source link <\/a><\/p>","protected":false},"excerpt":{"rendered":"<p>Com um novo papa escolhido nos \u00faltimos dois dias, nosso n\u00famero da semana reflete o amor dos floridianos pela Igreja Cat\u00f3lica. Embora a maioria dos estados tenha visto uma recente&hellip;<\/p>","protected":false},"author":1,"featured_media":118169,"comment_status":"closed","ping_status":"open","sticky":false,"template":"","format":"standard","meta":{"content-type":"","footnotes":""},"categories":[1],"tags":[],"class_list":["post-118168","post","type-post","status-publish","format-standard","has-post-thumbnail","hentry","category-uncategorized"],"_links":{"self":[{"href":"https:\/\/tvbrazilusa.com\/pt\/wp-json\/wp\/v2\/posts\/118168","targetHints":{"allow":["GET"]}}],"collection":[{"href":"https:\/\/tvbrazilusa.com\/pt\/wp-json\/wp\/v2\/posts"}],"about":[{"href":"https:\/\/tvbrazilusa.com\/pt\/wp-json\/wp\/v2\/types\/post"}],"author":[{"embeddable":true,"href":"https:\/\/tvbrazilusa.com\/pt\/wp-json\/wp\/v2\/users\/1"}],"replies":[{"embeddable":true,"href":"https:\/\/tvbrazilusa.com\/pt\/wp-json\/wp\/v2\/comments?post=118168"}],"version-history":[{"count":1,"href":"https:\/\/tvbrazilusa.com\/pt\/wp-json\/wp\/v2\/posts\/118168\/revisions"}],"predecessor-version":[{"id":118170,"href":"https:\/\/tvbrazilusa.com\/pt\/wp-json\/wp\/v2\/posts\/118168\/revisions\/118170"}],"wp:featuredmedia":[{"embeddable":true,"href":"https:\/\/tvbrazilusa.com\/pt\/wp-json\/wp\/v2\/media\/118169"}],"wp:attachment":[{"href":"https:\/\/tvbrazilusa.com\/pt\/wp-json\/wp\/v2\/media?parent=118168"}],"wp:term":[{"taxonomy":"category","embeddable":true,"href":"https:\/\/tvbrazilusa.com\/pt\/wp-json\/wp\/v2\/categories?post=118168"},{"taxonomy":"post_tag","embeddable":true,"href":"https:\/\/tvbrazilusa.com\/pt\/wp-json\/wp\/v2\/tags?post=118168"}],"curies":[{"name":"wp","href":"https:\/\/api.w.org\/{rel}","templated":true}]}}