{"id":118171,"date":"2025-05-09T17:48:59","date_gmt":"2025-05-09T17:48:59","guid":{"rendered":"https:\/\/tvbrazilusa.com\/2025\/05\/09\/pesquisar-pelo-presidente-divide-a-comunidade-famu-jacksonville-hoje\/"},"modified":"2025-05-09T17:56:50","modified_gmt":"2025-05-09T17:56:50","slug":"pesquisar-pelo-presidente-divide-a-comunidade-famu-jacksonville-hoje","status":"publish","type":"post","link":"https:\/\/tvbrazilusa.com\/pt\/2025\/05\/09\/pesquisar-pelo-presidente-divide-a-comunidade-famu-jacksonville-hoje\/","title":{"rendered":"Pesquisar pelo presidente divide a comunidade FAMU | Jacksonville hoje"},"content":{"rendered":"<p> <script async src=\"https:\/\/pagead2.googlesyndication.com\/pagead\/js\/adsbygoogle.js?client=ca-pub-8864793242727901\"\r\n     crossorigin=\"anonymous\"><\/script><br \/>\n<\/p>\n<div>\n<p>Os membros da comunidade FAMU est\u00e3o avaliando a busca da escola por um novo presidente. Cerca de 60 pessoas participaram de uma reuni\u00e3o da prefeitura na Igreja de Bethel AME para discutir o t\u00f3pico.<\/p>\n<p>A maioria dos participantes falou contra um finalista em particular &#8211; levantando preocupa\u00e7\u00f5es sobre os la\u00e7os do candidato Marva Johnson com os republicanos, como o governador Ron DeSantis. Ou questionando seu n\u00edvel de experi\u00eancia no mundo da educa\u00e7\u00e3o.<\/p>\n<p>Zachary Ansley, que se descreveu como &#8220;um ex -aluno apaixonado da FAMU&#8221;, elogiou a finalista presidencial Johnson por seu sucesso nos neg\u00f3cios. Ela \u00e9 a vice -presidente do grupo de uma grande empresa de internet e cabo.<\/p>\n<p>&#8220;&#8230; um empres\u00e1rio ilustre e empres\u00e1rio. Suas credenciais s\u00e3o extraordin\u00e1rias no mundo dos neg\u00f3cios&#8221;, disse ele. &#8220;E ela tem alguma experi\u00eancia educacional. Ela foi nomeada pelo governador Rick Scott para estar no Conselho Estadual de Educa\u00e7\u00e3o.&#8221;<\/p>\n<p>Mas Ansley diz que n\u00e3o acha que o hist\u00f3rico de Johnson como educador mede os dos outros tr\u00eas finalistas: Rondall Allen da costa leste da Universidade de Maryland; Gerald Hector da Universidade da Fl\u00f3rida Central; e Donald Palm of Famu &#8211; que a maioria dos participantes diz que planeja apoiar.<\/p>\n<p>A partir de segunda -feira, os quatro candidatos visitar\u00e3o a FAMU para participar de entrevistas e eventos p\u00fablicos.<\/p>\n<p>A vota\u00e7\u00e3o no pr\u00f3ximo presidente da FAMU ocorrer\u00e1 em 16 de maio.<\/p>\n<\/div>\n<p><br \/>\n<br \/><a href=\"https:\/\/jaxtoday.org\/2025\/05\/09\/search-for-president-divides-famu-community\/\">Source link <\/a><\/p>","protected":false},"excerpt":{"rendered":"<p>Os membros da comunidade FAMU est\u00e3o avaliando a busca da escola por um novo presidente. Cerca de 60 pessoas participaram de uma reuni\u00e3o da prefeitura na Igreja de Bethel AME&hellip;<\/p>","protected":false},"author":1,"featured_media":118172,"comment_status":"closed","ping_status":"open","sticky":false,"template":"","format":"standard","meta":{"content-type":"","footnotes":""},"categories":[1],"tags":[33803,33802,1362,33801,1267,1268,93],"class_list":["post-118171","post","type-post","status-publish","format-standard","has-post-thumbnail","hentry","category-uncategorized","tag-bill-proctor","tag-comissario-do-condado-de-leon","tag-educacao","tag-florida-am-university","tag-noticias","tag-noticias-do-estado","tag-politica"],"_links":{"self":[{"href":"https:\/\/tvbrazilusa.com\/pt\/wp-json\/wp\/v2\/posts\/118171","targetHints":{"allow":["GET"]}}],"collection":[{"href":"https:\/\/tvbrazilusa.com\/pt\/wp-json\/wp\/v2\/posts"}],"about":[{"href":"https:\/\/tvbrazilusa.com\/pt\/wp-json\/wp\/v2\/types\/post"}],"author":[{"embeddable":true,"href":"https:\/\/tvbrazilusa.com\/pt\/wp-json\/wp\/v2\/users\/1"}],"replies":[{"embeddable":true,"href":"https:\/\/tvbrazilusa.com\/pt\/wp-json\/wp\/v2\/comments?post=118171"}],"version-history":[{"count":1,"href":"https:\/\/tvbrazilusa.com\/pt\/wp-json\/wp\/v2\/posts\/118171\/revisions"}],"predecessor-version":[{"id":118173,"href":"https:\/\/tvbrazilusa.com\/pt\/wp-json\/wp\/v2\/posts\/118171\/revisions\/118173"}],"wp:featuredmedia":[{"embeddable":true,"href":"https:\/\/tvbrazilusa.com\/pt\/wp-json\/wp\/v2\/media\/118172"}],"wp:attachment":[{"href":"https:\/\/tvbrazilusa.com\/pt\/wp-json\/wp\/v2\/media?parent=118171"}],"wp:term":[{"taxonomy":"category","embeddable":true,"href":"https:\/\/tvbrazilusa.com\/pt\/wp-json\/wp\/v2\/categories?post=118171"},{"taxonomy":"post_tag","embeddable":true,"href":"https:\/\/tvbrazilusa.com\/pt\/wp-json\/wp\/v2\/tags?post=118171"}],"curies":[{"name":"wp","href":"https:\/\/api.w.org\/{rel}","templated":true}]}}