{"id":118179,"date":"2025-05-09T19:20:21","date_gmt":"2025-05-09T19:20:21","guid":{"rendered":"https:\/\/tvbrazilusa.com\/2025\/05\/09\/seculos-depois-fort-mose-tem-um-forte-novamente-jacksonville-hoje\/"},"modified":"2025-05-09T19:28:02","modified_gmt":"2025-05-09T19:28:02","slug":"seculos-depois-fort-mose-tem-um-forte-novamente-jacksonville-hoje","status":"publish","type":"post","link":"https:\/\/tvbrazilusa.com\/pt\/2025\/05\/09\/seculos-depois-fort-mose-tem-um-forte-novamente-jacksonville-hoje\/","title":{"rendered":"S\u00e9culos depois, Fort Mose tem um forte novamente | Jacksonville hoje"},"content":{"rendered":"<p> <script async src=\"https:\/\/pagead2.googlesyndication.com\/pagead\/js\/adsbygoogle.js?client=ca-pub-8864793242727901\"\r\n     crossorigin=\"anonymous\"><\/script><br \/>\n<\/p>\n<div>\n<p>Apesar do nome, j\u00e1 se passaram s\u00e9culos desde que um forte estava no Parque Estadual Hist\u00f3rico de Fort Mose &#8211; at\u00e9 agora.<\/p>\n<p>Escondido nos p\u00e2ntanos de Santo Agostinho, Fort Mose est\u00e1 o local do primeiro assentamento fundado por escravos negros libertados no que se tornaria os Estados Unidos.<\/p>\n<p>Na manh\u00e3 de sexta -feira, representantes dos Parques Estaduais da Fl\u00f3rida, da Funda\u00e7\u00e3o Parques Estadual da Fl\u00f3rida e da Sociedade Hist\u00f3rica de Fort Mose se uniram a funcion\u00e1rios eleitos locais e outros membros da comunidade para abrir oficialmente um forte reconstru\u00eddo no Parque Estadual.<\/p>\n<p>Mais de 300 anos atr\u00e1s, um grupo de negros escravizados em col\u00f4nias inglesas fugiu para o territ\u00f3rio espanhol buscando liberdade. <\/p>\n<figure class=\"wp-block-image size-large\"><figcaption class=\"wp-element-caption\">Os reencenadores da Sociedade Hist\u00f3rica de Fort Mose marcam fora do forte rec\u00e9m -reconstru\u00eddo durante seu evento de abertura na sexta -feira, 9 de maio de 2025. Noah Hertz, Jacksonville hoje<\/figcaption><\/figure>\n<p>Em 1738, o ent\u00e3o governador da Fl\u00f3rida espanhola reconheceu Gracia Real de Santa Teresa de Mose, ou Fort Mose, como um acordo oficial. Depois disso, o local se tornou um basti\u00e3o de liberdade para pessoas escravizadas.<\/p>\n<p>O forte era o local de v\u00e1rias batalhas entre tropas espanholas lideradas pelo ex -capit\u00e3o de escravos Francisco Men\u00e9ndez e tropas inglesas. N\u00e3o foi at\u00e9 o final da guerra de sete anos em 1763 que a Espanha cedeu a Fl\u00f3rida \u00e0 Inglaterra. Depois disso, os negros que chamaram Fort Mose de lar para a partida, fugindo mais para o sul para Cuba espanhola.<\/p>\n<p>Cerca de 200 anos depois, pesquisadores e historiadores encontraram a \u00e1rea onde o assentamento se estava ao longo do que hoje \u00e9 p\u00e2ntano perto de n\u00f3s 1.<\/p>\n<figure class=\"wp-block-image size-large\"><img loading=\"lazy\" color=\"8f9079\" transparency=\"false\" style=\"--dominant-color: #8f9079;\" decoding=\"async\" width=\"1024\" height=\"577\" src=\"https:\/\/jaxtoday.org\/wp-content\/uploads\/2025\/05\/20250509Ft-Mose-Ribbon-Cutting007-e1746816738547-1024x577.jpg\" alt=\"\" class=\"not-transparent wp-image-93608\" srcset=\"https:\/\/jaxtoday.org\/wp-content\/uploads\/2025\/05\/20250509Ft-Mose-Ribbon-Cutting007-e1746816738547-1024x577.jpg 1024w, https:\/\/jaxtoday.org\/wp-content\/uploads\/2025\/05\/20250509Ft-Mose-Ribbon-Cutting007-e1746816738547-300x169.jpg 300w, https:\/\/jaxtoday.org\/wp-content\/uploads\/2025\/05\/20250509Ft-Mose-Ribbon-Cutting007-e1746816738547-768x433.jpg 768w, https:\/\/jaxtoday.org\/wp-content\/uploads\/2025\/05\/20250509Ft-Mose-Ribbon-Cutting007-e1746816738547-800x450.jpg 800w, https:\/\/jaxtoday.org\/wp-content\/uploads\/2025\/05\/20250509Ft-Mose-Ribbon-Cutting007-e1746816738547-1200x675.jpg 1200w, https:\/\/jaxtoday.org\/wp-content\/uploads\/2025\/05\/20250509Ft-Mose-Ribbon-Cutting007-e1746816738547-426x240.jpg 426w, https:\/\/jaxtoday.org\/wp-content\/uploads\/2025\/05\/20250509Ft-Mose-Ribbon-Cutting007-e1746816738547-100x56.jpg 100w, https:\/\/jaxtoday.org\/wp-content\/uploads\/2025\/05\/20250509Ft-Mose-Ribbon-Cutting007-e1746816738547.jpg 1533w\" sizes=\"auto, (max-width: 1024px) 100vw, 1024px\"\/><figcaption class=\"wp-element-caption\">Pessoas importantes na constru\u00e7\u00e3o do novo forte de Fort Mose, desde funcion\u00e1rios dos parques estaduais da Fl\u00f3rida a pesquisadores, correm a fita na nova instala\u00e7\u00e3o no parque estadual. Da esquerda est\u00e3o Robert Yero, Julia Gill Woodward, Kathleen Brennan, Charles Ellis, Kathleen Deegan, Jane Landers e Chuck Hatcher. | Funda\u00e7\u00e3o de Parques Estaduais da Fl\u00f3rida<\/figcaption><\/figure>\n<p>O chefe do Departamento Assistente de Parques do Estado da Fl\u00f3rida, Robert Yero, disse que a abertura do forte \u00e9 &#8220;um dos dias mais importantes e significativos nos 90 anos de hist\u00f3ria dos parques estaduais da Fl\u00f3rida&#8221;.<\/p>\n<p>&#8220;Agora, quando as pessoas v\u00eam aqui, elas n\u00e3o precisam mais imaginar Fort Mose&#8221;, disse Yero. &#8220;Eles podem entrar para ver, ouvir, tocar e experimentar um retrato de como era a vida na primeira comunidade negra livre e sancionada legalmente no que hoje \u00e9 os Estados Unidos&#8221;.<\/p>\n<p><a href=\"https:\/\/fortmose.org\/\" rel=\"nofollow noopener\" target=\"_blank\">Sociedade Hist\u00f3rica de Fort Mose<\/a> O presidente Charles Ellis disse que n\u00e3o haver\u00e1 mais estudantes confusos visitando um parque estadual chamado &#8220;Fort Mose&#8221; e n\u00e3o vendo um forte.<\/p>\n<p>&#8220;Por causa disso, os alunos da quarta e quinta s\u00e9rie perguntar\u00e3o: &#8216;Onde est\u00e1 o forte?'&#8221;, Disse Ellis. &#8220;Depois de assistir ao filme de 16 minutos, visitar o museu cheio de artefatos, cronograma e canh\u00f5es e saindo pela porta dos fundos &#8230; eles entender\u00e3o.&#8221;<\/p>\n<p>\u00c9 importante que sim, disseram os palestrantes no evento. Ainda est\u00e1 em andamento a pesquisa para saber mais sobre Fort Mose, mas uma coisa \u00e9 certa, disse a pesquisadora Jane Landers <em>Jacksonville hoje<\/em>: A hist\u00f3ria negra na Am\u00e9rica do Norte remonta a 1619, quando o primeiro navio que transportava africanos escravizados chegou \u00e0s margens de Jamestown.<\/p>\n<p>Landers \u00e9 professora de hist\u00f3ria da Universidade de Vanderbilt, mas ela estava entre os primeiros grupos de pesquisadores que estudaram Fort Mose e sua hist\u00f3ria ent\u00e3o at\u00e9 a hist\u00f3ria.<\/p>\n<p>Como muitos participantes animados na sexta -feira, Ellis espera que as pessoas que visitem o novo forte proclamem orgulhosamente: &#8220;Viva Mose!&#8221; Ou &#8220;Live Viva Mose&#8221;.<\/p>\n<\/div>\n<p><br \/>\n<br \/><a href=\"https:\/\/jaxtoday.org\/2025\/05\/09\/centuries-later-fort-mose-has-a-fort-again\/\">Source link <\/a><\/p>","protected":false},"excerpt":{"rendered":"<p>Apesar do nome, j\u00e1 se passaram s\u00e9culos desde que um forte estava no Parque Estadual Hist\u00f3rico de Fort Mose &#8211; at\u00e9 agora. Escondido nos p\u00e2ntanos de Santo Agostinho, Fort Mose&hellip;<\/p>","protected":false},"author":1,"featured_media":118180,"comment_status":"closed","ping_status":"open","sticky":false,"template":"","format":"standard","meta":{"content-type":"","footnotes":""},"categories":[1],"tags":[],"class_list":["post-118179","post","type-post","status-publish","format-standard","has-post-thumbnail","hentry","category-uncategorized"],"_links":{"self":[{"href":"https:\/\/tvbrazilusa.com\/pt\/wp-json\/wp\/v2\/posts\/118179","targetHints":{"allow":["GET"]}}],"collection":[{"href":"https:\/\/tvbrazilusa.com\/pt\/wp-json\/wp\/v2\/posts"}],"about":[{"href":"https:\/\/tvbrazilusa.com\/pt\/wp-json\/wp\/v2\/types\/post"}],"author":[{"embeddable":true,"href":"https:\/\/tvbrazilusa.com\/pt\/wp-json\/wp\/v2\/users\/1"}],"replies":[{"embeddable":true,"href":"https:\/\/tvbrazilusa.com\/pt\/wp-json\/wp\/v2\/comments?post=118179"}],"version-history":[{"count":1,"href":"https:\/\/tvbrazilusa.com\/pt\/wp-json\/wp\/v2\/posts\/118179\/revisions"}],"predecessor-version":[{"id":118181,"href":"https:\/\/tvbrazilusa.com\/pt\/wp-json\/wp\/v2\/posts\/118179\/revisions\/118181"}],"wp:featuredmedia":[{"embeddable":true,"href":"https:\/\/tvbrazilusa.com\/pt\/wp-json\/wp\/v2\/media\/118180"}],"wp:attachment":[{"href":"https:\/\/tvbrazilusa.com\/pt\/wp-json\/wp\/v2\/media?parent=118179"}],"wp:term":[{"taxonomy":"category","embeddable":true,"href":"https:\/\/tvbrazilusa.com\/pt\/wp-json\/wp\/v2\/categories?post=118179"},{"taxonomy":"post_tag","embeddable":true,"href":"https:\/\/tvbrazilusa.com\/pt\/wp-json\/wp\/v2\/tags?post=118179"}],"curies":[{"name":"wp","href":"https:\/\/api.w.org\/{rel}","templated":true}]}}