{"id":118182,"date":"2025-05-09T19:55:28","date_gmt":"2025-05-09T19:55:28","guid":{"rendered":"https:\/\/tvbrazilusa.com\/2025\/05\/09\/desantis-quer-prestacao-de-contas-no-registro-de-armas-da-prefeitura-jacksonville-hoje\/"},"modified":"2025-05-09T20:05:36","modified_gmt":"2025-05-09T20:05:36","slug":"desantis-quer-prestacao-de-contas-no-registro-de-armas-da-prefeitura-jacksonville-hoje","status":"publish","type":"post","link":"https:\/\/tvbrazilusa.com\/pt\/2025\/05\/09\/desantis-quer-prestacao-de-contas-no-registro-de-armas-da-prefeitura-jacksonville-hoje\/","title":{"rendered":"DeSantis quer &#8216;presta\u00e7\u00e3o de contas&#8217; no registro de armas da prefeitura | Jacksonville hoje"},"content":{"rendered":"<p> <script async src=\"https:\/\/pagead2.googlesyndication.com\/pagead\/js\/adsbygoogle.js?client=ca-pub-8864793242727901\"\r\n     crossorigin=\"anonymous\"><\/script><br \/>\n<\/p>\n<div>\n<p>O governador Ron DeSantis diz que o registro de armas mantido em visitantes armados que entram na prefeitura e o edif\u00edcio Yates nos \u00faltimos anos \u00e9 ilegal, e o escrit\u00f3rio do prefeito pode enfrentar consequ\u00eancias.<\/p>\n<p>O coment\u00e1rio ocorreu na sexta -feira, quando os membros da equipe da prefeita Donna Deegan foram intimados, pois o escrit\u00f3rio do procurador do estado investiga o registro de armas que um membro do Conselho da Cidade Republicano explodiu como desviando a lei local e estadual.<\/p>\n<p>O governador durante um <a href=\"https:\/\/www.facebook.com\/GovRonDeSantis\/videos\/697132982705601\" rel=\"nofollow noopener\" target=\"_blank\">Discuss\u00e3o da mesa redonda<\/a> no churrasco do Gators, na West Beaver Street, onde continuou uma s\u00e9rie de dens\u00f5es nas cidades da Fl\u00f3rida para pressionar pela reforma tribut\u00e1ria da propriedade.<\/p>\n<p>Depois de falar sobre benef\u00edcios fiscais, o governador foi questionado sobre o registro de armas que os guardas mantiveram nos pr\u00e9dios da cidade desde julho de 2023, enquanto a prefeita Donna Deegan assumiu o cargo. Sob um procedimento de seguran\u00e7a, os policiais registraram os nomes, identifica\u00e7\u00e3o com foto, idade e tipo de arma quando uma pessoa entrou em um dos edif\u00edcios com uma arma de fogo.<\/p>\n<p>Os cr\u00edticos dizem que o registro violou a lei estadual, enquanto o escrit\u00f3rio do prefeito contraria que a pol\u00edtica estava em vigor antes de assumir o cargo.<\/p>\n<p>No final da mesa redonda de sexta -feira, um rep\u00f3rter perguntou a DeSantis se ele achava que o prefeito &#8220;deveria e poderia&#8221; enfrentar consequ\u00eancias para o registro.<\/p>\n<p>&#8220;Ter um registro de armas \u00e9 ilegal e \u00e9 uma viola\u00e7\u00e3o dos direitos da Segunda Emenda do Povo. \u00c9 preciso haver consequ\u00eancias para isso&#8221;, disse DeSantis. \u201cNossas leis na Fl\u00f3rida s\u00e3o muito claras; nossa constitui\u00e7\u00e3o \u00e9 muito clara. Fazer esses registros secretos de armas \u00e9 completamente inaceit\u00e1vel, e eu sei que voc\u00ea tem republicanos no Conselho da Cidade que est\u00e3o buscando isso e eu sei que os outros provavelmente seguir\u00e3o, mas precisar\u00e1 haver responsabilidade, absolutamente.\u201d  <\/p>\n<p>Em 1\u00ba de maio, o membro do Conselho da Cidade, Nick Howland, disse que o governo Deegan tem \u201c<a href=\"https:\/\/x.com\/NickHowland15\/status\/1918065936327950342\" rel=\"nofollow\" target=\"_blank\">manteve um registro<\/a> de indiv\u00edduos que legalmente transportam armas de fogo pessoais para a prefeitura. \u201d<\/p>\n<p>A lei da Fl\u00f3rida afirma que \u00e9 ilegal manter um registro de armas. E Howland chamou as not\u00edcias desse registro de \u201crelaxando-e deve ultrapassar todos os floridianos cumpridores da lei\u201d.<\/p>\n<p>\u201c(Esta \u00e9) uma viola\u00e7\u00e3o flagrante da lei estadual e provavelmente a Constitui\u00e7\u00e3o. A Fl\u00f3rida \u00e9 um estado de &#8216;n\u00e3o-registro&#8217; por um motivo. Violar essa lei carrega penalidades \u00edngremes\u201d, escreveu Howland em X. \u201cEsse movimento imprudente exp\u00f5e mais contribuintes\u201d e a responsabilidade legal.<\/p>\n<p>O escrit\u00f3rio de Deegan respondeu \u00e0 reivindica\u00e7\u00e3o de Howland no dia seguinte. O porta -voz Phil Perry escreveu que a pol\u00edtica em quest\u00e3o foi &#8220;criada e escrita antes que o prefeito Deegan assumisse o cargo&#8221;, que era em 1\u00ba de julho de 2023.<\/p>\n<p>&#8220;\u00c0 luz da quest\u00e3o levantada, estamos passando por uma revis\u00e3o de todas as diretivas de pol\u00edticas, particularmente as do governo anterior que foram deixadas para n\u00f3s na sa\u00edda&#8221;, diz a declara\u00e7\u00e3o de Perry. &#8220;A prefeita Deegan e a lideran\u00e7a de seu governo ap\u00f3iam totalmente os direitos constitucionalmente protegidos. Como afirmamos ontem, a cidade de Jacksonville recebeu e cumpriu uma intima\u00e7\u00e3o do escrit\u00f3rio do procurador estadual&#8221;.<\/p>\n<p>O escrit\u00f3rio do procurador do estado intimou os funcion\u00e1rios atuais e antigos da cidade sobre o registro de armas, bem como documentos como e -mails que qualquer um deles pode ter escrito que discutir armas ou um registro, <a href=\"https:\/\/www.news4jax.com\/news\/local\/2025\/05\/07\/investigators-subpoena-documents-current-former-city-employees-about-illegal-gun-registry\/\" rel=\"nofollow noopener\" target=\"_blank\">De acordo com <em>Jacksonville hoje<\/em> Parceiro de not\u00edcias News4Jax<\/a>.<\/p>\n<p>Juntamente com a intima\u00e7\u00e3o da equipe de Deegan, os promotores solicitaram quaisquer comunica\u00e7\u00f5es e documentos sobre pol\u00edticas de ponto de verifica\u00e7\u00e3o de seguran\u00e7a, datando de novembro de 2022, durante o mandato do prefeito Lenny Curry como prefeito.<\/p>\n<p>Em 1 de maio, emitido pelo Curry <a href=\"https:\/\/x.com\/lennycurry\/status\/1918073647648186525\" rel=\"nofollow\" target=\"_blank\">uma declara\u00e7\u00e3o sobre x<\/a> Isso disse que seu governo &#8220;seguiu a lei&#8221;.<\/p>\n<p>&#8220;N\u00f3s respeitamos os direitos constitucionais. O que est\u00e1 acontecendo agora \u00e9 imprudente e profundamente irrespons\u00e1vel&#8221;, ele postou.<\/p>\n<p>Ent\u00e3o, na quinta -feira, Curry emitiu uma declara\u00e7\u00e3o mais longa que dizia que &#8220;desmascara completamente&#8221; a tentativa de Deegan de mudar a culpa pelo registro de armas para seu governo. Ele escreveu que a pol\u00edtica em quest\u00e3o foi aprovada em 31 de julho de 2023, mais de tr\u00eas semanas depois que Deegan assumiu o cargo.<\/p>\n<figure class=\"wp-block-image size-large\"><\/figure>\n<p>&#8220;Em seu zelo em atacar uma republicana conservadora e desviar a responsabilidade, Donna Deegan correu para girar uma narrativa falsa que n\u00e3o apenas impugna minha reputa\u00e7\u00e3o, mas tamb\u00e9m manche a integridade dos funcion\u00e1rios que eu tinha orgulho de liderar e servir ao lado&#8221;, escreveu Curry.<\/p>\n<p>Dito isto, durante um <a href=\"https:\/\/news.wjct.org\/show\/first-coast-connect\/2025-05-08\/on-fridays-show-first-coast-week-in-review\" rel=\"nofollow noopener\" target=\"_blank\">Mesa redonda sexta -feira<\/a> no WJCT&#8217;s <a href=\"https:\/\/news.wjct.org\/show\/first-coast-connect\" rel=\"nofollow noopener\" target=\"_blank\"><em>First Coast Connect<\/em><\/a>o ex -presidente do conselho da cidade, Jack Webb, disse que as administra\u00e7\u00f5es de Curry e Deegan fazem parte da linha do tempo da pol\u00edtica. Isso significa que alguma parte do processo para propor o registro de armas poderia anteceder o primeiro dia de Deegan como prefeito em julho de 2023, disse Webb.<\/p>\n<p>&#8220;O prefeito Curry, voc\u00ea n\u00e3o pode negar o fato de que o advogado geral, que se reportou nesse momento em particular, provavelmente deu conselhos jur\u00eddicos ao seu governo porque voc\u00eas o redigiram&#8221;, disse Webb. &#8220;Nada mudou entre a proposta de 30 de junho de 2023 e o que finalmente foi implementado para que voc\u00eas sejam donos. Aqueles que moram em casas de vidro n\u00e3o devem jogar pedras.&#8221;<\/p>\n<figure class=\"wp-block-image size-large\"><img loading=\"lazy\" color=\"f7f7ed\" transparency=\"false\" style=\"--dominant-color: #f7f7ed;\" decoding=\"async\" width=\"758\" height=\"1024\" src=\"https:\/\/jaxtoday.org\/wp-content\/uploads\/2025\/05\/GqRrzVOWkAAOpRA-758x1024.jpg\" alt=\"\" class=\"not-transparent wp-image-93597\" srcset=\"https:\/\/jaxtoday.org\/wp-content\/uploads\/2025\/05\/GqRrzVOWkAAOpRA-758x1024.jpg 758w, https:\/\/jaxtoday.org\/wp-content\/uploads\/2025\/05\/GqRrzVOWkAAOpRA-222x300.jpg 222w, https:\/\/jaxtoday.org\/wp-content\/uploads\/2025\/05\/GqRrzVOWkAAOpRA-768x1037.jpg 768w, https:\/\/jaxtoday.org\/wp-content\/uploads\/2025\/05\/GqRrzVOWkAAOpRA-178x240.jpg 178w, https:\/\/jaxtoday.org\/wp-content\/uploads\/2025\/05\/GqRrzVOWkAAOpRA-100x135.jpg 100w, https:\/\/jaxtoday.org\/wp-content\/uploads\/2025\/05\/GqRrzVOWkAAOpRA.jpg 1115w\" sizes=\"auto, (max-width: 758px) 100vw, 758px\"\/><\/figure>\n<p>Enquanto isso, uma carta enviada ao Howland da advogada estadual Melissa Nelson pede na segunda -feira ao conselho da cidade que &#8220;adie ou pause qualquer esfor\u00e7o para formar&#8221; um comit\u00ea para investigar o registro de armas.<\/p>\n<p>Nelson observou que o membro do conselho Ron Salem havia falado em reunir um \u00f3rg\u00e3o investigativo para ver se a cidade havia violado algum estatuto do estado.<\/p>\n<p>.<\/p>\n<\/div>\n<p><br \/>\n<br \/><a href=\"https:\/\/jaxtoday.org\/2025\/05\/09\/desantis-wants-accountability-on-city-hall-gun-registry\/\">Source link <\/a><\/p>","protected":false},"excerpt":{"rendered":"<p>O governador Ron DeSantis diz que o registro de armas mantido em visitantes armados que entram na prefeitura e o edif\u00edcio Yates nos \u00faltimos anos \u00e9 ilegal, e o escrit\u00f3rio&hellip;<\/p>","protected":false},"author":1,"featured_media":118183,"comment_status":"closed","ping_status":"open","sticky":false,"template":"","format":"standard","meta":{"content-type":"","footnotes":""},"categories":[1],"tags":[],"class_list":["post-118182","post","type-post","status-publish","format-standard","has-post-thumbnail","hentry","category-uncategorized"],"_links":{"self":[{"href":"https:\/\/tvbrazilusa.com\/pt\/wp-json\/wp\/v2\/posts\/118182","targetHints":{"allow":["GET"]}}],"collection":[{"href":"https:\/\/tvbrazilusa.com\/pt\/wp-json\/wp\/v2\/posts"}],"about":[{"href":"https:\/\/tvbrazilusa.com\/pt\/wp-json\/wp\/v2\/types\/post"}],"author":[{"embeddable":true,"href":"https:\/\/tvbrazilusa.com\/pt\/wp-json\/wp\/v2\/users\/1"}],"replies":[{"embeddable":true,"href":"https:\/\/tvbrazilusa.com\/pt\/wp-json\/wp\/v2\/comments?post=118182"}],"version-history":[{"count":1,"href":"https:\/\/tvbrazilusa.com\/pt\/wp-json\/wp\/v2\/posts\/118182\/revisions"}],"predecessor-version":[{"id":118184,"href":"https:\/\/tvbrazilusa.com\/pt\/wp-json\/wp\/v2\/posts\/118182\/revisions\/118184"}],"wp:featuredmedia":[{"embeddable":true,"href":"https:\/\/tvbrazilusa.com\/pt\/wp-json\/wp\/v2\/media\/118183"}],"wp:attachment":[{"href":"https:\/\/tvbrazilusa.com\/pt\/wp-json\/wp\/v2\/media?parent=118182"}],"wp:term":[{"taxonomy":"category","embeddable":true,"href":"https:\/\/tvbrazilusa.com\/pt\/wp-json\/wp\/v2\/categories?post=118182"},{"taxonomy":"post_tag","embeddable":true,"href":"https:\/\/tvbrazilusa.com\/pt\/wp-json\/wp\/v2\/tags?post=118182"}],"curies":[{"name":"wp","href":"https:\/\/api.w.org\/{rel}","templated":true}]}}