{"id":118209,"date":"2025-05-10T14:31:00","date_gmt":"2025-05-10T14:31:00","guid":{"rendered":"https:\/\/tvbrazilusa.com\/2025\/05\/10\/assinatura-e-brasao-do-papa-leao-xiv-sao-divulgados-pelo-vaticano-veja-tv-florida-usa-a-sua-tv-brasileira-nos-estados-unidos\/"},"modified":"2025-05-10T14:45:22","modified_gmt":"2025-05-10T14:45:22","slug":"assinatura-e-brasao-do-papa-leao-xiv-sao-divulgados-pelo-vaticano-veja-tv-florida-usa-a-sua-tv-brasileira-nos-estados-unidos","status":"publish","type":"post","link":"https:\/\/tvbrazilusa.com\/pt\/2025\/05\/10\/assinatura-e-brasao-do-papa-leao-xiv-sao-divulgados-pelo-vaticano-veja-tv-florida-usa-a-sua-tv-brasileira-nos-estados-unidos\/","title":{"rendered":"Assinatura e bras\u00e3o do Papa Le\u00e3o XIV s\u00e3o divulgados pelo Vaticano; veja \u2013 TV Florida USA \u2013 A sua TV Brasileira nos Estados Unidos"},"content":{"rendered":"<p> <script async src=\"https:\/\/pagead2.googlesyndication.com\/pagead\/js\/adsbygoogle.js?client=ca-pub-8864793242727901\"\r\n     crossorigin=\"anonymous\"><\/script><br \/>\n<\/p>\n<div id=\"taboola-read-more\" style=\"display:block; width:100%\">\n<p>A Secretaria de Estado do Vaticano divulgou na manh\u00e3 deste s\u00e1bado (10) o bras\u00e3o do pontificado do papa Le\u00e3o XIV.\n<\/p>\n<p>Al\u00e9m disso, o Vaticano tamb\u00e9m mostrou a assinatura oficial do novo papa. As informa\u00e7\u00f5es foram divulgadas nas contas do Vaticano e da Secretaria de Estado na rede social X.<\/p>\n<p>Le\u00e3o XIV teve a primeira reuni\u00e3o com os cardeais da igreja nesta manh\u00e3, onde indicou que dar\u00e1 continuidade \u00e0 vis\u00e3o e \u00e0s reformas do Papa Francisco.\n<\/p>\n<p>Veja as imagens a seguir.\n<\/p>\n<p>Reprodu\u00e7\u00e3o\n<\/p>\n<\/p>\n<p>Reprodu\u00e7\u00e3o\n<\/p>\n<p>Fonte: g1              <\/p>\n<\/div>\n<p><br \/>\n<br \/><a href=\"https:\/\/tvfloridausa.com\/2025\/05\/10\/assinatura-e-brasao-do-papa-leao-xiv-sao-divulgados-pelo-vaticano-veja\/\">Source link <\/a><\/p>","protected":false},"excerpt":{"rendered":"<p>A Secretaria de Estado do Vaticano divulgou na manh\u00e3 deste s\u00e1bado (10) o bras\u00e3o do pontificado do papa Le\u00e3o XIV. Al\u00e9m disso, o Vaticano tamb\u00e9m mostrou a assinatura oficial do&hellip;<\/p>","protected":false},"author":1,"featured_media":118210,"comment_status":"closed","ping_status":"open","sticky":false,"template":"","format":"standard","meta":{"content-type":"","footnotes":""},"categories":[22],"tags":[],"class_list":["post-118209","post","type-post","status-publish","format-standard","has-post-thumbnail","hentry","category-tv-florida-usa"],"_links":{"self":[{"href":"https:\/\/tvbrazilusa.com\/pt\/wp-json\/wp\/v2\/posts\/118209","targetHints":{"allow":["GET"]}}],"collection":[{"href":"https:\/\/tvbrazilusa.com\/pt\/wp-json\/wp\/v2\/posts"}],"about":[{"href":"https:\/\/tvbrazilusa.com\/pt\/wp-json\/wp\/v2\/types\/post"}],"author":[{"embeddable":true,"href":"https:\/\/tvbrazilusa.com\/pt\/wp-json\/wp\/v2\/users\/1"}],"replies":[{"embeddable":true,"href":"https:\/\/tvbrazilusa.com\/pt\/wp-json\/wp\/v2\/comments?post=118209"}],"version-history":[{"count":1,"href":"https:\/\/tvbrazilusa.com\/pt\/wp-json\/wp\/v2\/posts\/118209\/revisions"}],"predecessor-version":[{"id":118211,"href":"https:\/\/tvbrazilusa.com\/pt\/wp-json\/wp\/v2\/posts\/118209\/revisions\/118211"}],"wp:featuredmedia":[{"embeddable":true,"href":"https:\/\/tvbrazilusa.com\/pt\/wp-json\/wp\/v2\/media\/118210"}],"wp:attachment":[{"href":"https:\/\/tvbrazilusa.com\/pt\/wp-json\/wp\/v2\/media?parent=118209"}],"wp:term":[{"taxonomy":"category","embeddable":true,"href":"https:\/\/tvbrazilusa.com\/pt\/wp-json\/wp\/v2\/categories?post=118209"},{"taxonomy":"post_tag","embeddable":true,"href":"https:\/\/tvbrazilusa.com\/pt\/wp-json\/wp\/v2\/tags?post=118209"}],"curies":[{"name":"wp","href":"https:\/\/api.w.org\/{rel}","templated":true}]}}